{"id":13997,"date":"2026-09-01T14:30:15","date_gmt":"2026-09-01T14:30:15","guid":{"rendered":"https:\/\/www.periodicolapislazuli.com\/noticias\/?p=13997"},"modified":"2026-09-01T14:32:29","modified_gmt":"2026-09-01T14:32:29","slug":"ficdeh-2026-abrio-en-bogota-con-bojaya-la-verdad-desde-adentro","status":"publish","type":"post","link":"https:\/\/www.periodicolapislazuli.com\/noticias\/ficdeh-2026-abrio-en-bogota-con-bojaya-la-verdad-desde-adentro\/","title":{"rendered":"FICDEH 2026 abri\u00f3 en Bogot\u00e1 con Bojay\u00e1, la verdad desde adentro"},"content":{"rendered":"<p style=\"text-align: justify; padding-left: 40px;\">El 13.\u00ba Festival Internacional de Cine por los Derechos Humanos \u2013 Colombia (FICDEH) inaugur\u00f3 su edici\u00f3n 2026 en Bogot\u00e1 el mi\u00e9rcoles 12 de agosto en el Teatro Col\u00f3n, con el estreno nacional de <em>Bojay\u00e1, la verdad desde adentro<\/em>, documental dirigido por Ram\u00f3n Alexander Valencia C\u00f3rdoba. La funci\u00f3n abri\u00f3 una programaci\u00f3n dedicada a pensar, desde el lenguaje audiovisual, la memoria, la dignidad de las v\u00edctimas y los desaf\u00edos de la construcci\u00f3n de paz en Colombia.<\/p>\n<p>&nbsp;<\/p>\n<p><img fetchpriority=\"high\" decoding=\"async\" class=\"size-medium aligncenter\" src=\"https:\/\/asianfilmfestivals.com\/wp-content\/uploads\/2026\/03\/ficdeh2026call.png?w=890\" width=\"890\" height=\"500\" \/><\/p>\n<p style=\"text-align: justify; padding-left: 40px;\">La elecci\u00f3n de la pel\u00edcula para abrir el festival tuvo un peso que trascendi\u00f3 lo cinematogr\u00e1fico. <em>Bojay\u00e1, la verdad desde adentro<\/em>, de 105 minutos, vuelve sobre las heridas y los procesos comunitarios surgidos despu\u00e9s de la masacre ocurrida el 2 de mayo de 2002 en Bellavista, Choc\u00f3. Ese d\u00eda, en medio de enfrentamientos entre las FARC-EP y estructuras paramilitares, un cilindro bomba lanzado por la guerrilla impact\u00f3 la iglesia de San Pablo Ap\u00f3stol, donde se hab\u00edan refugiado habitantes de la poblaci\u00f3n. El hecho permanece como uno de los episodios emblem\u00e1ticos de la degradaci\u00f3n del conflicto armado colombiano.\u00a0Sin embargo, el documental no se plantea \u00fanicamente como reconstrucci\u00f3n del horror. De acuerdo con la informaci\u00f3n difundida por Fundaci\u00f3n Compaz, tres l\u00edderes recorren el municipio con un \u201cba\u00fal de la verdad\u201d para recoger demandas de la comunidad, interpelar a los responsables y buscar respuestas desde el propio territorio. La organizaci\u00f3n se\u00f1ala, adem\u00e1s, que la producci\u00f3n constituye una medida de reparaci\u00f3n financiada por el Estado colombiano en cumplimiento de la Sentencia 45 de 2019 del Tribunal Administrativo del Choc\u00f3 y que estuvo a cargo del Comit\u00e9 2 de Mayo, organizaci\u00f3n de v\u00edctimas de Bojay\u00e1.<\/p>\n<p>&nbsp;<\/p>\n<blockquote>\n<h1 style=\"padding-left: 200px;\">FICDEH 2026 abri\u00f3 en Bogot\u00e1 con <em>Bojay\u00e1, la verdad desde adentro<\/em>: cine, memoria y reparaci\u00f3n<\/h1>\n<p>&nbsp;<\/p><\/blockquote>\n<p style=\"text-align: justify; padding-left: 40px;\">La proyecci\u00f3n comenz\u00f3 a las 6:00 de la tarde \u2014con apertura de puertas anunciada desde las 5:30\u2014 y estuvo seguida por un espacio de conversaci\u00f3n que traslad\u00f3 a la sala algunas de las voces protagonistas del relato. Participaron el director Ram\u00f3n Alexander Valencia C\u00f3rdoba; Mar\u00eda Pascuala Palacios, Heidy Palacios Conchave y Ever Murillo Rivas, protagonistas del documental; y la cantadora Luz Marina Ca\u00f1ola. La moderaci\u00f3n estuvo a cargo del expresidente Juan Manuel Santos, Premio Nobel de Paz de 2016. El acto cont\u00f3 igualmente con una participaci\u00f3n especial del Coro Uniandes, dirigido por Carolina Gamboa Hoyos.<\/p>\n<p>&nbsp;<\/p>\n<p style=\"text-align: justify; padding-left: 40px;\"><img decoding=\"async\" class=\"size-medium wp-image-14107 alignleft\" src=\"http:\/\/www.periodicolapislazuli.com\/noticias\/wp-content\/uploads\/2026\/08\/FICDDH-2-345x460.jpeg\" alt=\"\" width=\"345\" height=\"460\" srcset=\"https:\/\/www.periodicolapislazuli.com\/noticias\/wp-content\/uploads\/2026\/08\/FICDDH-2-345x460.jpeg 345w, https:\/\/www.periodicolapislazuli.com\/noticias\/wp-content\/uploads\/2026\/08\/FICDDH-2.jpeg 387w\" sizes=\"(max-width: 345px) 100vw, 345px\" \/><\/p>\n<p style=\"text-align: justify; padding-left: 40px;\">El estreno qued\u00f3 integrado en una de las apuestas centrales del 13.\u00ba FICDEH: la retrospectiva dedicada a los diez a\u00f1os del Acuerdo de Paz. Esta secci\u00f3n reuni\u00f3 39 funciones en nueve ciudades entre el 12 y el 19 de agosto, con pel\u00edculas destinadas a revisar lo avanzado desde la firma del Acuerdo, pero tambi\u00e9n sus pendientes y las experiencias territoriales que contin\u00faan reclamando verdad, reparaci\u00f3n y garant\u00edas de no repetici\u00f3n.<\/p>\n<p style=\"text-align: justify; padding-left: 40px;\">La retrospectiva dialog\u00f3 con el esp\u00edritu general de una edici\u00f3n desarrollada bajo el lema <strong>\u201c\u00a1S\u00ed hay poder humano!\u201d<\/strong>. El FICDEH, organizado por la Fundaci\u00f3n Impulsos, lleg\u00f3 en 2026 a su decimotercera edici\u00f3n y extendi\u00f3 su programaci\u00f3n a 11 ciudades. Desde su creaci\u00f3n en 2013, el festival ha definido el cine como una herramienta para abrir espacios p\u00fablicos de reflexi\u00f3n sobre la defensa de la vida y los derechos humanos.<\/p>\n<p style=\"text-align: justify; padding-left: 40px;\">La inauguraci\u00f3n en el Teatro Col\u00f3n dej\u00f3 as\u00ed una imagen significativa para el sector cultural: una obra nacida de un proceso comunitario de memoria ocupando uno de los principales escenarios culturales del pa\u00eds. M\u00e1s que convertir a Bojay\u00e1 en objeto de representaci\u00f3n, la programaci\u00f3n puso en primer plano las voces de quienes han sostenido durante d\u00e9cadas la b\u00fasqueda de verdad y reparaci\u00f3n.<\/p>\n<p style=\"text-align: justify; padding-left: 40px;\">Las fuentes oficiales consultadas no reportan resoluciones o decisiones formales derivadas de la ceremonia inaugural. Su resultado verificable fue cultural y simb\u00f3lico: abrir una conversaci\u00f3n p\u00fablica en torno a las v\u00edctimas, la memoria y la paz, y situar al audiovisual como parte de los mecanismos mediante los cuales una sociedad puede preservar sus relatos, interrogar su pasado y defender la no repetici\u00f3n. En ese sentido, <em>Bojay\u00e1, la verdad desde adentro<\/em> convirti\u00f3 la apertura del FICDEH 2026 en algo m\u00e1s que una funci\u00f3n de cine: en un ejercicio de memoria narrado, esta vez, desde el territorio.<\/p>\n","protected":false},"excerpt":{"rendered":"<p>El 13.\u00ba Festival Internacional de Cine por los Derechos Humanos \u2013 Colombia (FICDEH) inaugur\u00f3 su edici\u00f3n 2026 en<\/p>\n","protected":false},"author":3,"featured_media":9780,"comment_status":"closed","ping_status":"open","sticky":false,"template":"","format":"standard","meta":{"om_disable_all_campaigns":false,"pagelayer_contact_templates":[],"_pagelayer_content":"","_monsterinsights_skip_tracking":false,"footnotes":""},"categories":[24],"tags":[],"class_list":["post-13997","post","type-post","status-publish","format-standard","has-post-thumbnail","hentry","category-cine"],"jetpack_featured_media_url":"https:\/\/www.periodicolapislazuli.com\/noticias\/wp-content\/uploads\/2023\/04\/festival-cine.20231.jpg","_links":{"self":[{"href":"https:\/\/www.periodicolapislazuli.com\/noticias\/wp-json\/wp\/v2\/posts\/13997","targetHints":{"allow":["GET"]}}],"collection":[{"href":"https:\/\/www.periodicolapislazuli.com\/noticias\/wp-json\/wp\/v2\/posts"}],"about":[{"href":"https:\/\/www.periodicolapislazuli.com\/noticias\/wp-json\/wp\/v2\/types\/post"}],"author":[{"embeddable":true,"href":"https:\/\/www.periodicolapislazuli.com\/noticias\/wp-json\/wp\/v2\/users\/3"}],"replies":[{"embeddable":true,"href":"https:\/\/www.periodicolapislazuli.com\/noticias\/wp-json\/wp\/v2\/comments?post=13997"}],"version-history":[{"count":4,"href":"https:\/\/www.periodicolapislazuli.com\/noticias\/wp-json\/wp\/v2\/posts\/13997\/revisions"}],"predecessor-version":[{"id":14110,"href":"https:\/\/www.periodicolapislazuli.com\/noticias\/wp-json\/wp\/v2\/posts\/13997\/revisions\/14110"}],"wp:featuredmedia":[{"embeddable":true,"href":"https:\/\/www.periodicolapislazuli.com\/noticias\/wp-json\/wp\/v2\/media\/9780"}],"wp:attachment":[{"href":"https:\/\/www.periodicolapislazuli.com\/noticias\/wp-json\/wp\/v2\/media?parent=13997"}],"wp:term":[{"taxonomy":"category","embeddable":true,"href":"https:\/\/www.periodicolapislazuli.com\/noticias\/wp-json\/wp\/v2\/categories?post=13997"},{"taxonomy":"post_tag","embeddable":true,"href":"https:\/\/www.periodicolapislazuli.com\/noticias\/wp-json\/wp\/v2\/tags?post=13997"}],"curies":[{"name":"wp","href":"https:\/\/api.w.org\/{rel}","templated":true}]}}