{"id":13985,"date":"2026-09-01T12:57:24","date_gmt":"2026-09-01T12:57:24","guid":{"rendered":"https:\/\/www.periodicolapislazuli.com\/noticias\/?p=13985"},"modified":"2026-09-01T12:57:24","modified_gmt":"2026-09-01T12:57:24","slug":"teatro-petra-cuatro-decadas-que-marcaron-el-teatro-colombiano","status":"publish","type":"post","link":"https:\/\/www.periodicolapislazuli.com\/noticias\/teatro-petra-cuatro-decadas-que-marcaron-el-teatro-colombiano\/","title":{"rendered":"Teatro Petra: cuatro d\u00e9cadas que marcaron el teatro colombiano"},"content":{"rendered":"<p style=\"text-align: justify; padding-left: 40px;\">La historia de Teatro Petra est\u00e1 estrechamente ligada a la relaci\u00f3n creativa entre <strong>Fabio Rubiano y Marcela Valencia<\/strong>. Una publicaci\u00f3n del Ministerio de Cultura dedicada a la historia del teatro colombiano se\u00f1ala que ambos realizaron estudios teatrales y participaron en un taller del maestro Santiago Garc\u00eda en la Corporaci\u00f3n Colombiana de Teatro antes de desarrollar el proyecto que dar\u00eda origen a Petra. Aquellos primeros trabajos ya mostraban un inter\u00e9s por las tensiones de la vida urbana, la soledad, las relaciones humanas y la violencia.<\/p>\n<p style=\"text-align: justify; padding-left: 40px;\">El recorrido posterior consolid\u00f3 una dramaturgia que convirti\u00f3 temas inc\u00f3modos de la sociedad colombiana en materia esc\u00e9nica. Entre las obras se\u00f1aladas por instituciones culturales aparecen <em>Mosca<\/em>, <em>Dos hermanas<\/em>, <em>Sara dice<\/em>, <em>El vientre de la ballena<\/em>, <em>Labio de liebre<\/em> y <em>Yo no estoy loca<\/em>. Idartes registra adem\u00e1s que Rubiano ha recibido en cuatro oportunidades el Premio Nacional de Dramaturgia y cinco becas de creaci\u00f3n del Ministerio de Cultura.<\/p>\n<p>&nbsp;<\/p>\n<p><img fetchpriority=\"high\" decoding=\"async\" class=\" aligncenter\" src=\"https:\/\/encrypted-tbn0.gstatic.com\/images?q=tbn:ANd9GcRgciQTvBdM3uSH-QzaRRwy4ZTIa9z3D00wTYryb64B1NdaphKIwAiiBx-s&amp;s=10\" width=\"829\" height=\"435\" \/><\/p>\n<p>&nbsp;<\/p>\n<blockquote>\n<h1 style=\"text-align: justify; padding-left: 120px;\">Teatro Petra: cuatro d\u00e9cadas de dramaturgia cr\u00edtica que han marcado el teatro colombiano<\/h1>\n<p>&nbsp;<\/p><\/blockquote>\n<p style=\"text-align: justify; padding-left: 40px;\">Uno de los rasgos m\u00e1s visibles de Petra ha sido precisamente su capacidad para utilizar el humor, la iron\u00eda y situaciones aparentemente absurdas para interrogar conflictos sociales de enorme complejidad. <em>Labio de liebre<\/em>, por ejemplo, aborda la relaci\u00f3n entre v\u00edctimas y victimarios y plantea preguntas sobre venganza, culpa y perd\u00f3n. En 2023, el Teatro Jorge Eli\u00e9cer Gait\u00e1n la incluy\u00f3 en la programaci\u00f3n conmemorativa de sus 50 a\u00f1os y la present\u00f3 como una de las propuestas representativas de la narraci\u00f3n dram\u00e1tica colombiana.<\/p>\n<p>&nbsp;<\/p>\n<p><img decoding=\"async\" class=\"aligncenter wp-image-14061 size-full\" src=\"http:\/\/www.periodicolapislazuli.com\/noticias\/wp-content\/uploads\/2026\/09\/petra-teatro.jpg\" alt=\"\" width=\"1280\" height=\"720\" srcset=\"https:\/\/www.periodicolapislazuli.com\/noticias\/wp-content\/uploads\/2026\/09\/petra-teatro.jpg 1280w, https:\/\/www.periodicolapislazuli.com\/noticias\/wp-content\/uploads\/2026\/09\/petra-teatro-780x439.jpg 780w, https:\/\/www.periodicolapislazuli.com\/noticias\/wp-content\/uploads\/2026\/09\/petra-teatro-1200x675.jpg 1200w, https:\/\/www.periodicolapislazuli.com\/noticias\/wp-content\/uploads\/2026\/09\/petra-teatro-768x432.jpg 768w\" sizes=\"(max-width: 1280px) 100vw, 1280px\" \/><\/p>\n<p style=\"text-align: justify; padding-left: 40px;\">Esa exploraci\u00f3n tambi\u00e9n atraviesa <em>Historia de una oveja<\/em>, obra centrada en la migraci\u00f3n, el desplazamiento y la violencia. Idartes destac\u00f3 en 2023 que Petra hab\u00eda producido para entonces m\u00e1s de 25 montajes y desarrollado una trayectoria que incluye circulaci\u00f3n por festivales, formaci\u00f3n, publicaciones teatrales e interacci\u00f3n con comunidades. M\u00e1s que un repertorio de espect\u00e1culos, esa continuidad revela la construcci\u00f3n de un proyecto cultural sostenido.<\/p>\n<p style=\"text-align: justify; padding-left: 40px;\">La vigencia del grupo volvi\u00f3 a hacerse evidente en 2024 con <em>Perderse (una visita a La vor\u00e1gine)<\/em>, estrenada en el Centro Nacional de las Artes Delia Zapata Olivella dentro de las actividades por el centenario de la novela de Jos\u00e9 Eustasio Rivera. Escrita y dirigida por Rubiano, la propuesta cruz\u00f3 la obra literaria con debates contempor\u00e1neos sobre extractivismo, explotaci\u00f3n laboral, exterminio ind\u00edgena, burocracia y memoria. \u201cLa novela se puede plantear desde cualquier perspectiva\u201d, explic\u00f3 entonces el director al Ministerio de las Culturas.<\/p>\n<p style=\"text-align: justify; padding-left: 40px;\">La actividad contin\u00faa. En julio de 2026, Teatro Petra llev\u00f3 <em>Yo no estoy loca<\/em> al Teatro El Ensue\u00f1o, escenario de la red de Idartes. Marcela Valencia interpret\u00f3 all\u00ed quince personajes bajo la direcci\u00f3n de Rubiano en un montaje dedicado a cuestionar las etiquetas sociales, las expectativas impuestas sobre las mujeres y las fronteras utilizadas para definir aquello que una sociedad considera normal.<\/p>\n<p style=\"text-align: justify; padding-left: 40px;\">Despu\u00e9s de cuatro d\u00e9cadas, el legado de <strong>Teatro Petra<\/strong> no puede reducirse a una sucesi\u00f3n de estrenos. Su importancia reside tambi\u00e9n en haber convertido el escenario en un espacio donde la historia pol\u00edtica, las relaciones privadas, la violencia y las contradicciones contempor\u00e1neas pueden ser observadas desde la ficci\u00f3n. La colaboraci\u00f3n con escenarios p\u00fablicos como el Jorge Eli\u00e9cer Gait\u00e1n, El Ensue\u00f1o y el Centro Nacional de las Artes evidencia, adem\u00e1s, el papel de las instituciones culturales en la circulaci\u00f3n y permanencia de compa\u00f1\u00edas independientes de larga trayectoria.<\/p>\n<p style=\"text-align: justify; padding-left: 40px;\">En ese cruce entre creaci\u00f3n independiente, memoria y debate p\u00fablico se encuentra buena parte de la influencia de Petra: un teatro que ha envejecido sin abandonar la pregunta por el presente y que, cuatro d\u00e9cadas despu\u00e9s de su fundaci\u00f3n, contin\u00faa utilizando la escena como territorio para interrogar al pa\u00eds.<\/p>\n<ul>\n<li style=\"list-style-type: none;\">\n<ul>\n<li style=\"text-align: justify;\"><\/li>\n<\/ul>\n<\/li>\n<\/ul>\n","protected":false},"excerpt":{"rendered":"<p>La historia de Teatro Petra est\u00e1 estrechamente ligada a la relaci\u00f3n creativa entre Fabio Rubiano y Marcela Valencia.<\/p>\n","protected":false},"author":3,"featured_media":14062,"comment_status":"closed","ping_status":"open","sticky":false,"template":"","format":"standard","meta":{"om_disable_all_campaigns":false,"pagelayer_contact_templates":[],"_pagelayer_content":"","_monsterinsights_skip_tracking":false,"footnotes":""},"categories":[3,28],"tags":[638,48,2844,4403,4616,4617,2156,4618,4615],"class_list":["post-13985","post","type-post","status-publish","format-standard","has-post-thumbnail","hentry","category-actualidad","category-teatro","tag-artes-escenicas","tag-bogota","tag-cultura-colombiana","tag-dramaturgia-colombiana","tag-fabio-rubiano","tag-marcela-valencia","tag-teatro-colombiano","tag-teatro-contemporaneo","tag-teatro-petra"],"jetpack_featured_media_url":"https:\/\/www.periodicolapislazuli.com\/noticias\/wp-content\/uploads\/2026\/09\/teatro-petra_3zon.jpg","_links":{"self":[{"href":"https:\/\/www.periodicolapislazuli.com\/noticias\/wp-json\/wp\/v2\/posts\/13985","targetHints":{"allow":["GET"]}}],"collection":[{"href":"https:\/\/www.periodicolapislazuli.com\/noticias\/wp-json\/wp\/v2\/posts"}],"about":[{"href":"https:\/\/www.periodicolapislazuli.com\/noticias\/wp-json\/wp\/v2\/types\/post"}],"author":[{"embeddable":true,"href":"https:\/\/www.periodicolapislazuli.com\/noticias\/wp-json\/wp\/v2\/users\/3"}],"replies":[{"embeddable":true,"href":"https:\/\/www.periodicolapislazuli.com\/noticias\/wp-json\/wp\/v2\/comments?post=13985"}],"version-history":[{"count":2,"href":"https:\/\/www.periodicolapislazuli.com\/noticias\/wp-json\/wp\/v2\/posts\/13985\/revisions"}],"predecessor-version":[{"id":14063,"href":"https:\/\/www.periodicolapislazuli.com\/noticias\/wp-json\/wp\/v2\/posts\/13985\/revisions\/14063"}],"wp:featuredmedia":[{"embeddable":true,"href":"https:\/\/www.periodicolapislazuli.com\/noticias\/wp-json\/wp\/v2\/media\/14062"}],"wp:attachment":[{"href":"https:\/\/www.periodicolapislazuli.com\/noticias\/wp-json\/wp\/v2\/media?parent=13985"}],"wp:term":[{"taxonomy":"category","embeddable":true,"href":"https:\/\/www.periodicolapislazuli.com\/noticias\/wp-json\/wp\/v2\/categories?post=13985"},{"taxonomy":"post_tag","embeddable":true,"href":"https:\/\/www.periodicolapislazuli.com\/noticias\/wp-json\/wp\/v2\/tags?post=13985"}],"curies":[{"name":"wp","href":"https:\/\/api.w.org\/{rel}","templated":true}]}}