{"id":13979,"date":"2026-09-01T14:19:52","date_gmt":"2026-09-01T14:19:52","guid":{"rendered":"https:\/\/www.periodicolapislazuli.com\/noticias\/?p=13979"},"modified":"2026-09-01T14:19:52","modified_gmt":"2026-09-01T14:19:52","slug":"meldini-lleva-el-arte-ecologico-a-swissartexpo-2026-en-zurich","status":"publish","type":"post","link":"https:\/\/www.periodicolapislazuli.com\/noticias\/meldini-lleva-el-arte-ecologico-a-swissartexpo-2026-en-zurich\/","title":{"rendered":"Meldini lleva el arte ecol\u00f3gico a SWISSARTEXPO 2026 en Z\u00farich"},"content":{"rendered":"<p style=\"text-align: justify; padding-left: 40px;\">El artista alem\u00e1n <strong>Meldini<\/strong> participar\u00e1 en <strong>SWISSARTEXPO 2026<\/strong>, encuentro internacional de arte contempor\u00e1neo que se celebrar\u00e1 del <strong>2 al 6 de septiembre de 2026 en la Wannerhalle de la estaci\u00f3n central de Z\u00farich<\/strong>. La muestra, organizada por <strong>ARTBOX.GROUPS GmbH<\/strong>, reunir\u00e1 este a\u00f1o a 124 expositores y combinar\u00e1 obras originales con presentaciones digitales en uno de los espacios de mayor tr\u00e1nsito de la ciudad. La presencia de Meldini pondr\u00e1 el foco en una producci\u00f3n atravesada por la naturaleza, el paisaje y las tensiones ecol\u00f3gicas del Antropoceno.<\/p>\n<p style=\"text-align: justify; padding-left: 40px;\">A pocos d\u00edas de la apertura, SWISSARTEXPO confirm\u00f3 a Meldini entre sus artistas destacados y lo identifica oficialmente como representante de Alemania. Su participaci\u00f3n fue ampliada en un comunicado divulgado el 19 de agosto, en el que la organizaci\u00f3n presenta una trayectoria pict\u00f3rica desarrollada desde 1980 y una pr\u00e1ctica que combina <strong>\u00f3leo, acr\u00edlico y acuarela<\/strong>, adem\u00e1s de un trabajo paralelo con la fotograf\u00eda.<\/p>\n<p style=\"text-align: justify; padding-left: 40px;\">El n\u00facleo de esa producci\u00f3n es la relaci\u00f3n entre el ser humano y el mundo natural. En obras como <em>Sleeping Giant<\/em> y <em>Guardian of the Forest<\/em>, citadas por la organizaci\u00f3n, Meldini recurre a colores intensos, superficies cargadas de materia y una convivencia entre abstracci\u00f3n y elementos figurativos. Bosques, figuras y formas org\u00e1nicas dejan as\u00ed de funcionar \u00fanicamente como paisaje para convertirse en veh\u00edculos de una reflexi\u00f3n sobre la fragilidad ambiental y la transformaci\u00f3n del planeta.<\/p>\n<p style=\"text-align: justify; padding-left: 40px;\">La referencia al <strong>Antropoceno<\/strong> resulta fundamental para comprender esta propuesta. M\u00e1s que documentar literalmente la degradaci\u00f3n ambiental, la pintura de Meldini plantea una experiencia visual en la que el color y la textura convierten la naturaleza en protagonista. El comunicado de SWISSARTEXPO describe sus bosques como espacios vinculados con la resistencia y la memoria y sit\u00faa su producci\u00f3n dentro de una reflexi\u00f3n sobre los ciclos naturales que sostienen la vida.<\/p>\n<p style=\"text-align: justify; padding-left: 40px;\">Su presencia cobra una dimensi\u00f3n particular por el formato de SWISSARTEXPO. A diferencia de una exposici\u00f3n circunscrita a un museo o galer\u00eda, el festival ocupa un espacio integrado al <strong>Hauptbahnhof de Z\u00farich<\/strong>, permitiendo que viajeros, residentes y visitantes entren en contacto con el arte durante sus desplazamientos cotidianos. La organizaci\u00f3n se\u00f1ala que el acceso ser\u00e1 gratuito y define su modelo como una combinaci\u00f3n de arte original y tecnolog\u00eda digital. En su p\u00e1gina oficial estima, adem\u00e1s, un flujo aproximado de 80.000 transe\u00fantes diarios por la Wannerhalle y m\u00e1s de 400.000 contactos potenciales durante los cinco d\u00edas; estas cifras corresponden a estimaciones de la propia organizaci\u00f3n.<\/p>\n<p style=\"text-align: justify; padding-left: 40px;\">La edici\u00f3n de 2026 ser\u00e1 la <strong>octava de SWISSARTEXPO<\/strong>, proyecto iniciado en 2019. El listado oficial publicado hasta ahora registra <strong>124 expositores<\/strong>, procedentes de pa\u00edses como Suiza, Alemania, Francia, Italia, Espa\u00f1a, Finlandia, Georgia, Canad\u00e1, Malta y Reino Unido, entre otros. Este car\u00e1cter internacional ampl\u00eda el contexto en el que se presentar\u00e1 la obra de Meldini y convierte la exposici\u00f3n en un espacio de circulaci\u00f3n para lenguajes art\u00edsticos muy diversos.<\/p>\n","protected":false},"excerpt":{"rendered":"<p>El artista alem\u00e1n Meldini participar\u00e1 en SWISSARTEXPO 2026, encuentro internacional de arte contempor\u00e1neo que se celebrar\u00e1 del 2<\/p>\n","protected":false},"author":3,"featured_media":14100,"comment_status":"closed","ping_status":"open","sticky":false,"template":"","format":"standard","meta":{"om_disable_all_campaigns":false,"pagelayer_contact_templates":[],"_pagelayer_content":"","_monsterinsights_skip_tracking":false,"footnotes":""},"categories":[21],"tags":[4674,934,4678,4675,4677,4672,4676,4673,3720],"class_list":["post-13979","post","type-post","status-publish","format-standard","has-post-thumbnail","hentry","category-diseno","tag-antropoceno","tag-arte-contemporaneo","tag-arte-ecologico","tag-arte-y-naturaleza","tag-exposiciones-en-suiza","tag-meldini","tag-pintura-alemana","tag-swissartexpo","tag-zurich"],"jetpack_featured_media_url":"https:\/\/www.periodicolapislazuli.com\/noticias\/wp-content\/uploads\/2026\/09\/7bba8ea3.1200x900.jpg","_links":{"self":[{"href":"https:\/\/www.periodicolapislazuli.com\/noticias\/wp-json\/wp\/v2\/posts\/13979","targetHints":{"allow":["GET"]}}],"collection":[{"href":"https:\/\/www.periodicolapislazuli.com\/noticias\/wp-json\/wp\/v2\/posts"}],"about":[{"href":"https:\/\/www.periodicolapislazuli.com\/noticias\/wp-json\/wp\/v2\/types\/post"}],"author":[{"embeddable":true,"href":"https:\/\/www.periodicolapislazuli.com\/noticias\/wp-json\/wp\/v2\/users\/3"}],"replies":[{"embeddable":true,"href":"https:\/\/www.periodicolapislazuli.com\/noticias\/wp-json\/wp\/v2\/comments?post=13979"}],"version-history":[{"count":2,"href":"https:\/\/www.periodicolapislazuli.com\/noticias\/wp-json\/wp\/v2\/posts\/13979\/revisions"}],"predecessor-version":[{"id":14101,"href":"https:\/\/www.periodicolapislazuli.com\/noticias\/wp-json\/wp\/v2\/posts\/13979\/revisions\/14101"}],"wp:featuredmedia":[{"embeddable":true,"href":"https:\/\/www.periodicolapislazuli.com\/noticias\/wp-json\/wp\/v2\/media\/14100"}],"wp:attachment":[{"href":"https:\/\/www.periodicolapislazuli.com\/noticias\/wp-json\/wp\/v2\/media?parent=13979"}],"wp:term":[{"taxonomy":"category","embeddable":true,"href":"https:\/\/www.periodicolapislazuli.com\/noticias\/wp-json\/wp\/v2\/categories?post=13979"},{"taxonomy":"post_tag","embeddable":true,"href":"https:\/\/www.periodicolapislazuli.com\/noticias\/wp-json\/wp\/v2\/tags?post=13979"}],"curies":[{"name":"wp","href":"https:\/\/api.w.org\/{rel}","templated":true}]}}