{"id":13964,"date":"2026-09-01T14:07:30","date_gmt":"2026-09-01T14:07:30","guid":{"rendered":"https:\/\/www.periodicolapislazuli.com\/noticias\/?p=13964"},"modified":"2026-09-01T14:07:30","modified_gmt":"2026-09-01T14:07:30","slug":"voces-por-la-vida-recauda-11-193-millones-para-victimas-del-terremoto-de-colombia","status":"publish","type":"post","link":"https:\/\/www.periodicolapislazuli.com\/noticias\/voces-por-la-vida-recauda-11-193-millones-para-victimas-del-terremoto-de-colombia\/","title":{"rendered":"Voces por la Vida recauda $11.193 millones para v\u00edctimas del terremoto de Colombia"},"content":{"rendered":"<h1 style=\"text-align: justify; padding-left: 200px;\">M\u00e1s de 32.500 personas y una treintena de artistas nacionales e internacionales se reunieron el 23 de agosto en Vive Claro Distrito Cultural, en Bogot\u00e1, durante<\/h1>\n<p style=\"text-align: justify; padding-left: 40px;\">El origen de la iniciativa estuvo directamente relacionado con la dimensi\u00f3n de la emergencia. La Unidad Nacional para la Gesti\u00f3n del Riesgo de Desastres confirm\u00f3 que el movimiento tel\u00farico ocurri\u00f3 a las 7:34 de la ma\u00f1ana y tuvo su epicentro en San Jos\u00e9 del Palmar, Choc\u00f3. Desde las primeras horas, las autoridades activaron la Sala de Crisis Nacional y desplegaron capacidades de b\u00fasqueda, rescate y evaluaci\u00f3n de da\u00f1os en distintas regiones del pa\u00eds.<\/p>\n<p style=\"text-align: justify; padding-left: 40px;\">Frente a ese escenario, la industria del entretenimiento articul\u00f3 una respuesta extraordinaria. Presentes Corporaci\u00f3n inform\u00f3 antes del encuentro que artistas, promotores, productores, medios, marcas, proveedores y equipos t\u00e9cnicos aportar\u00edan trabajo, bienes y servicios sin cobrar honorarios ni costos directos. El prop\u00f3sito era maximizar los recursos destinados a las comunidades y contribuir especialmente a la reconstrucci\u00f3n de viviendas.<\/p>\n<p style=\"text-align: justify; padding-left: 40px;\">El cartel reflej\u00f3 esa convergencia. Andr\u00e9s Cepeda, Draco Rosa, Eladio Carri\u00f3n, Grupo Niche, Luis Alfonso, Manuel Turizo, Maluma, Miguel Bos\u00e9, Sebasti\u00e1n Yatra y Silvestre Dangond estuvieron entre las figuras que participaron presencialmente. Karol G se sum\u00f3 mediante una intervenci\u00f3n en streaming y con el apoyo de su Fundaci\u00f3n Con Cora. La programaci\u00f3n reuni\u00f3 as\u00ed g\u00e9neros, generaciones y p\u00fablicos distintos alrededor de una finalidad que trascendi\u00f3 el espect\u00e1culo.<\/p>\n<p style=\"text-align: justify; padding-left: 40px;\">La dimensi\u00f3n colectiva tambi\u00e9n se extendi\u00f3 detr\u00e1s del escenario. En la convocatoria participaron organizaciones y empresas como OCESA Colombia, P\u00e1ramo Presenta, MOVE Concerts, CMN, Diomar Garc\u00eda Eventos, Stage Eventos y Producciones, Touring The World, Vibras Lab y el propio Vive Claro Distrito Cultural, entre otros actores de la industria. Presentes Corporaci\u00f3n hab\u00eda se\u00f1alado desde la organizaci\u00f3n que el <strong>100 % de los aportes<\/strong> ser\u00eda destinado a la reconstrucci\u00f3n, acompa\u00f1ado por un comit\u00e9 de ejecuci\u00f3n y seguimiento.<\/p>\n<p>&nbsp;<\/p>\n<h1 style=\"padding-left: 200px;\">\u201cColombia: Voces por la Vida\u201d: la m\u00fasica recauda m\u00e1s de $11.193 millones para las v\u00edctimas del terremoto.<\/h1>\n<p>&nbsp;<\/p>\n<p>&nbsp;<\/p>\n<p style=\"text-align: justify; padding-left: 40px;\">El balance posterior permite medir el alcance de esa movilizaci\u00f3n. Seg\u00fan Canal Trece, medio institucional, el concierto reuni\u00f3 a m\u00e1s de <strong>32.500 asistentes<\/strong>, super\u00f3 las <strong>43.000 transacciones<\/strong> y alcanz\u00f3 una recaudaci\u00f3n de <strong>$11.193.557.183<\/strong> mediante boleter\u00eda, donaciones por c\u00f3digo QR, aportes corporativos y contribuciones de artistas. Los recursos ser\u00e1n entregados a Presentes Corporaci\u00f3n para las labores de reconstrucci\u00f3n en las regiones afectadas.<\/p>\n<p style=\"text-align: justify; padding-left: 40px;\">La elecci\u00f3n de esta entidad tambi\u00e9n responde a una trayectoria vinculada con la gesti\u00f3n solidaria. Presentes se\u00f1ala contar con m\u00e1s de 43 a\u00f1os de experiencia y participaci\u00f3n en 68 campa\u00f1as de acompa\u00f1amiento a comunidades despu\u00e9s de desastres, particularmente en procesos relacionados con reconstrucci\u00f3n de viviendas.<\/p>\n<p style=\"text-align: justify; padding-left: 40px;\">\u201cColombia: Voces por la Vida\u201d deja, por tanto, una lectura que excede sus cifras de asistencia y recaudo. El concierto mostr\u00f3 c\u00f3mo la infraestructura cultural y la industria musical pueden activar r\u00e1pidamente redes de cooperaci\u00f3n ante una emergencia. En un pa\u00eds que inicia un prolongado proceso de reconstrucci\u00f3n, la jornada record\u00f3 que la cultura tambi\u00e9n puede convertirse en una forma concreta de solidaridad: convocar, movilizar recursos y transformar la visibilidad p\u00fablica en capacidad de respuesta.<\/p>\n<p style=\"text-align: justify;\">\n","protected":false},"excerpt":{"rendered":"<p>M\u00e1s de 32.500 personas y una treintena de artistas nacionales e internacionales se reunieron el 23 de agosto<\/p>\n","protected":false},"author":3,"featured_media":14092,"comment_status":"closed","ping_status":"open","sticky":false,"template":"","format":"standard","meta":{"om_disable_all_campaigns":false,"pagelayer_contact_templates":[],"_pagelayer_content":"","_monsterinsights_skip_tracking":false,"footnotes":""},"categories":[3,27],"tags":[4135,1260,70,2958,60,4665,4666,4664,4663],"class_list":["post-13964","post","type-post","status-publish","format-standard","has-post-thumbnail","hentry","category-actualidad","category-musica","tag-4135","tag-antioquia","tag-cali","tag-cauca","tag-colombia","tag-concierto-solidario","tag-reconstruccion","tag-terremoto","tag-voces-por-la-vida"],"jetpack_featured_media_url":"https:\/\/www.periodicolapislazuli.com\/noticias\/wp-content\/uploads\/2026\/09\/insget.net_1788271619867.webp","_links":{"self":[{"href":"https:\/\/www.periodicolapislazuli.com\/noticias\/wp-json\/wp\/v2\/posts\/13964","targetHints":{"allow":["GET"]}}],"collection":[{"href":"https:\/\/www.periodicolapislazuli.com\/noticias\/wp-json\/wp\/v2\/posts"}],"about":[{"href":"https:\/\/www.periodicolapislazuli.com\/noticias\/wp-json\/wp\/v2\/types\/post"}],"author":[{"embeddable":true,"href":"https:\/\/www.periodicolapislazuli.com\/noticias\/wp-json\/wp\/v2\/users\/3"}],"replies":[{"embeddable":true,"href":"https:\/\/www.periodicolapislazuli.com\/noticias\/wp-json\/wp\/v2\/comments?post=13964"}],"version-history":[{"count":2,"href":"https:\/\/www.periodicolapislazuli.com\/noticias\/wp-json\/wp\/v2\/posts\/13964\/revisions"}],"predecessor-version":[{"id":14093,"href":"https:\/\/www.periodicolapislazuli.com\/noticias\/wp-json\/wp\/v2\/posts\/13964\/revisions\/14093"}],"wp:featuredmedia":[{"embeddable":true,"href":"https:\/\/www.periodicolapislazuli.com\/noticias\/wp-json\/wp\/v2\/media\/14092"}],"wp:attachment":[{"href":"https:\/\/www.periodicolapislazuli.com\/noticias\/wp-json\/wp\/v2\/media?parent=13964"}],"wp:term":[{"taxonomy":"category","embeddable":true,"href":"https:\/\/www.periodicolapislazuli.com\/noticias\/wp-json\/wp\/v2\/categories?post=13964"},{"taxonomy":"post_tag","embeddable":true,"href":"https:\/\/www.periodicolapislazuli.com\/noticias\/wp-json\/wp\/v2\/tags?post=13964"}],"curies":[{"name":"wp","href":"https:\/\/api.w.org\/{rel}","templated":true}]}}