{"id":1372,"date":"2018-01-01T15:08:39","date_gmt":"2018-01-01T15:08:39","guid":{"rendered":"http:\/\/www.periodicolapislazuli.com\/noticias\/?p=1372"},"modified":"2018-01-12T16:19:06","modified_gmt":"2018-01-12T16:19:06","slug":"festival-internacional-cine-cartagena-indias","status":"publish","type":"post","link":"https:\/\/www.periodicolapislazuli.com\/noticias\/festival-internacional-cine-cartagena-indias\/","title":{"rendered":"Festival Internacional de Cine de Cartagena de Indias"},"content":{"rendered":"<div class='booster-block booster-read-block'>\n                <div class=\"twp-read-time\">\n                \t<i class=\"booster-icon twp-clock\"><\/i> <span>Read Time:<\/span>10 Minute, 51 Second                <\/div>\n\n            <\/div><br \/>\n<hr align=\"JUSTIFY\">\n<div>\n<p align=\"justify\"> El FICCI anuncia la apertura de inscripciones para las pel\u00edculas que   aspiren a hacer parte de las diferentes categor\u00edas de la Competencia   Oficial, en su edici\u00f3n 58, que se llevar\u00e1 a cabo del 28 de febrero al 5   de marzo de 2018, en Cartagena de Indias. La convocatoria estar\u00e1 abierta   desde el 7 de agosto hasta el 24 de noviembre. <\/p>\n<div>\n<p align=\"justify\"> Desde su creaci\u00f3n en 1960, el FICCI acoge y celebra el riesgo y la   renovaci\u00f3n de miradas en la cinematograf\u00eda de Iberoam\u00e9rica y el mundo,   con una atenci\u00f3n especial al desarrollo del cine colombiano y su   divulgaci\u00f3n internacional. El Festival ha sido punto de encuentro de   miradas divergentes, y ha contado con la participaci\u00f3n de directores de   la regi\u00f3n y del mundo, que van desde Alejandro Gonz\u00e1lez I\u00f1\u00e1rritu y   Carlos Reygadas, hasta Apichatpong Weerasethakul, entre muchos otros.<\/p>\n<p align=\"justify\"> En sus seis programas competitivos (Ficci\u00f3n, Documental, Cine   Colombiano, Cortometraje, Nuevos Creadores y Gemas), el FICCI ha sido el   lugar en el que pel\u00edculas como <strong>Viejo Calavera <\/strong>(Bolivia, Quatar) de Kiro Russo, <strong>Boi Neon <\/strong>(Brasil, Uruguay, Pa\u00edses Bajos) de Gabriel Mascaro, <strong>La Once <\/strong>(Chile) y <strong>Los ni\u00f1os <\/strong>(Chile, Holanda, Francia, Colombia) de Maite Alberdi, <strong>Tab\u00fa <\/strong>(Portugal, Alemania, Brasil, Francia, Espa\u00f1a) de Miguel Gomes, <strong>Chevalier <\/strong>(Grecia) de Atina Rachel Tsangari o <strong>Aquarius <\/strong>(Brasil,   Francia) de Kleber Mendon\u00e7a Filho, por mencionar algunas, han sido   premiadas por un grupo de jurados de diferentes latitudes y disciplinas.<\/p>\n<p align=\"justify\"> El FICCI es casa y plataforma para del cine colombiano, al que apoya en   su diversidad, fortaleciendo su crecimiento y desarrollo. En el Festival   ha tenido lugar el estreno mundial de pel\u00edculas como <strong>Se\u00f1orita Mar\u00eda, La Falda de la Monta\u00f1a<\/strong> de Rub\u00e9n Mendoza, <strong>El Silencio de los Fusiles <\/strong>de Natalia Orozco, <strong>Los Nadie <\/strong>de Juan Sebasti\u00e1n Mesa y <strong>Alias Mar\u00eda <\/strong>de Jos\u00e9 Luis Rugeles, que despu\u00e9s han pasado a importantes festivales mundiales como Locarno, Toulouse, Venecia y Cannes.<\/p>\n<p align=\"justify\"> El FICCI 58 entregar\u00e1 una bolsa total de premios valorada en USD125.000,   entre las seis competencias mencionadas y PuertoLab \u2013Work In Progress-,   que por cuarto a\u00f1o consecutivo contribuir\u00e1 a la finalizaci\u00f3n de una   pel\u00edcula iberoamericana en desarrollo.<\/p>\n<p align=\"justify\"> Los interesados en inscribir una pel\u00edcula en cualquiera de las categor\u00edas, pueden hacerlo a trav\u00e9s de www.festhome.com. <strong>COMPETENCIAS OFICIALES IBEROAMERICANAS &amp; COMPETENCIA OFICIAL CINE COLOMBIANO<\/strong><\/p>\n<div align=\"justify\">\n            <strong>REQUISITOS GENERALES<\/strong>\n          <\/div>\n<p align=\"justify\"> Para participar en cualquiera de las Competencias Oficiales   Iberoamericanas de este Festival, los productores de las obras   postuladas deber\u00e1n tener en cuenta que:<\/p>\n<p align=\"justify\"> 1. Solo se considerar\u00e1n largometrajes de origen iberoamericano*<\/p>\n<p align=\"justify\"> 2. Las pel\u00edculas no pueden haber tenido exhibiciones previas en Colombia bajo ninguna forma de comunicaci\u00f3n p\u00fablica.<\/p>\n<p align=\"justify\"> 3. Deben contar con una copia de proyecci\u00f3n en DCP, 35mm, Apple ProRES 4444, H264 \u00f3 Blu-Ray <\/p>\n<p align=\"justify\"> 4. Se considerar\u00e1n \u00fanicamente pel\u00edculas producidas y\/o estrenadas mundialmente entre los a\u00f1os 2017 y 2018. <\/p>\n<p align=\"justify\"> 5. Aunque las pel\u00edculas colombianas tambi\u00e9n podr\u00e1n competir en las   Competencias Oficiales de Ficci\u00f3n o Documental, en esta convocatoria   dichas obras deber\u00e1n inscribirse en la categor\u00eda Competencia Oficial   Cine Colombiano. El \u00e1rea de Programaci\u00f3n decidir\u00e1, eventualmente, su   inclusi\u00f3n paralela dentro de las Competencias Iberoamericanas. <\/p>\n<p align=\"justify\"> * Los criterios de nacionalidad en la selecci\u00f3n de las Competencias   Iberoamericanas y la Competencia Oficial Cine Colombiano ser\u00e1n   determinados a discreci\u00f3n exclusiva del Festival, con especial   referencia a las aportaciones culturales y art\u00edsticas que una obra   cinematogr\u00e1fica hace dentro del \u00e1mbito de la cultura de una naci\u00f3n.   Estas contribuciones podr\u00edan surgir de la concepci\u00f3n de la obra, las   implicaciones del tema tratado, o el tratamiento de los valores   culturales y las referencias nacionales que estas obras podr\u00edan   contener. <\/p>\n<p align=\"justify\"> <strong>IDIOMA Y SUBTITULAJE<\/strong><\/p>\n<p align=\"justify\"> 1. Las pel\u00edculas no habladas en espa\u00f1ol deber\u00e1n contar con subt\u00edtulos o transcripci\u00f3n de di\u00e1logos en castellano y en ingl\u00e9s. <\/p>\n<p align=\"justify\"> 2. En caso de ser seleccionadas, las pel\u00edculas habladas en espa\u00f1ol   deber\u00e1n contar con subt\u00edtulos o transcripci\u00f3n de di\u00e1logos en ingl\u00e9s. <\/p>\n<p align=\"justify\"> <strong>PROCESO DE SELECCI\u00d3N Y PROGRAMACI\u00d3N <\/strong><\/p>\n<p align=\"justify\"> Todas las pel\u00edculas deber\u00e1n realizar la inscripci\u00f3n a trav\u00e9s de Festhome (<\/p>\n<div align=\"justify\">www.festhome.com <\/div>\n<p align=\"justify\">).   El \u00e1rea de Programaci\u00f3n del Festival Internacional de Cartagena de   Indias-FICCI se encargar\u00e1 de seleccionar e invitar a las pel\u00edculas que   participar\u00e1n en las diferentes Competencias Oficiales y podr\u00e1 invitar a   algunas otras obras a conformar alguno de los Programas Especiales   dise\u00f1ados para su edici\u00f3n 58. <\/p>\n<p align=\"justify\"> <strong>TASA DE INSCRIPCI\u00d3N <\/strong><\/p>\n<p align=\"justify\"> 1. COMPETENCIAS IBEROAMERICANAS &amp; CINE COLOMBIANO <\/p>\n<p align=\"justify\"> Est\u00e1ndar: US$40 | Hasta el 7 de Octubre <\/p>\n<p align=\"justify\"> Tard\u00eda: US$60 | Hasta el 24 de Noviembre <\/p>\n<p align=\"justify\"> 2. CORTOMETRAJES IBEROAMERICANOS <\/p>\n<p align=\"justify\"> Est\u00e1ndar: US$20 | Hasta el 7 de Octubre <\/p>\n<p align=\"justify\"> Tard\u00eda: US$30 | Hasta el 24 de Noviembre <\/p>\n<p align=\"justify\"> <strong>ACEPTACI\u00d3N DEL REGLAMENTO<\/strong><\/p>\n<p align=\"justify\"> La inscripci\u00f3n de un filme significa la aceptaci\u00f3n del presente reglamento. <\/p>\n<p align=\"justify\"> <strong>TR\u00c1FICO<\/strong><\/p>\n<p align=\"justify\"> Para las pel\u00edculas participantes, el Festival Internacional de Cartagena   de Indias-FICCI se har\u00e1 cargo de un (1) solo trayecto del env\u00edo. <\/p>\n<p align=\"justify\"> <strong>JURADOS Y PREMIOS<\/strong><\/p>\n<p align=\"justify\"> 1. A excepci\u00f3n de la Competencia Oficial de Ficci\u00f3n, los premios de cada   una de las Competencias Oficiales ser\u00e1n anunciados en la rueda de   prensa que ofrece el Festival cada a\u00f1o para revelar su Selecci\u00f3n   Oficial. <\/p>\n<p align=\"justify\"> 2. El Jurado de cada una de las Competencias Oficiales estar\u00e1 compuesto   por 3 profesionales del medio cinematogr\u00e1fico de diversas   nacionalidades. <\/p>\n<p align=\"justify\"> 3. Los productores y directores de las pel\u00edculas que hayan sido   premiadas se comprometen a mencionar los premios recibidos en toda la   publicidad y material de prensa, respetando la redacci\u00f3n exacta del   fallo del jurado y utilizando el logotipo del Festival Internacional de   Cine de Cartagena de Indias. Este logotipo estar\u00e1 disponible para los   ganadores. <\/p>\n<p align=\"justify\"> <strong>CONTACTO Y MAYORES INFORMES<\/strong><\/p>\n<p align=\"justify\"> Competencias Iberoamericanas &amp; Cine Colombiano: coord.programacion@ficcifestival.com<\/p>\n<p align=\"justify\"> Cortometrajes Iberoamericanos: <\/p>\n<div align=\"justify\">cortos@ficcifestival.com <\/div>\n<p align=\"justify\"> <strong>COMPETENCIA OFICIAL DE FICCI\u00d3N- IBEROAMERICANA<\/strong><\/p>\n<p align=\"justify\"> El Jurado de esta categor\u00eda otorgar\u00e1 un Premio al Mejor Director y un   \u00fanico Premio para la Mejor Pel\u00edcula de Ficci\u00f3n, patrocinado por Cine   Colombia y dotado con un aporte de USD$15.000 en efectivo. Asimismo, los   t\u00edtulos seleccionados podr\u00e1n optar al Premio otorgado por la Federaci\u00f3n   Internacional de la Prensa Cinematogr\u00e1fica-FIPRESCI. <\/p>\n<p align=\"justify\"> <strong>COMPETENCIA OFICIAL DOCUMENTAL- IBEROAMERICANA<\/strong><\/p>\n<p align=\"justify\"> El Jurado de esta categor\u00eda otorgar\u00e1 un Premio al Mejor Director y un   \u00fanico Premio para el Mejor Documental, cuyo valor ser\u00e1 anunciado en la   rueda de prensa que ofrece el Festival cada a\u00f1o para revelar su   Selecci\u00f3n Oficial. <\/p>\n<p align=\"justify\"> <strong>COMPETENCIA OFICIAL CINE COLOMBIANO<\/strong><\/p>\n<p align=\"justify\"> En esta categor\u00eda podr\u00e1n participar largometrajes de ficci\u00f3n, documental   o animaci\u00f3n cuya producci\u00f3n sea mayoritariamente colombiana. <\/p>\n<p align=\"justify\"> El Jurado de esta categor\u00eda otorgar\u00e1 un Premio al Mejor Director y un   \u00fanico Premio para la Mejor Pel\u00edcula Colombiana, cuyo valor ser\u00e1   anunciado en la rueda de prensa que ofrece el Festival cada a\u00f1o para   revelar su Selecci\u00f3n Oficial. <\/p>\n<p align=\"justify\"> <strong>COMPETENCIA OFICIAL CORTOMETRAJE IBEROAMERICANO<\/strong><\/p>\n<p align=\"justify\"> El Jurado de esta categor\u00eda otorgar\u00e1 un \u00fanico Premio para el Mejor   Cortometraje Iberoamericano, cuyo valor ser\u00e1 anunciado en la rueda de   prensa que ofrece el Festival cada a\u00f1o para revelar su Selecci\u00f3n   Oficial. <\/p>\n<p align=\"justify\"> <strong>19\u00b0 NUEVOS CREADORES<\/strong><\/p>\n<p align=\"justify\"> Esta Competencia, que se ha consolidado como una importante ventana de   exhibici\u00f3n para los nuevos talentos del cine nacional, busca promover   obras audiovisuales de corta duraci\u00f3n producidas en el marco de procesos   de formaci\u00f3n universitaria de los futuros realizadores colombianos. <\/p>\n<p align=\"justify\"> <strong>REQUISITOS<\/strong><\/p>\n<p align=\"justify\"> 1. Este concurso est\u00e1 dirigido a ESTUDIANTES COLOMBIANOS en procesos de   formaci\u00f3n universitaria y\/o especializaci\u00f3n, que cursen sus estudios en   instituciones dentro o fuera del pa\u00eds, que, como parte de su proceso   acad\u00e9mico, hayan realizado durante el a\u00f1o 2017 y 2018 cortometrajes de   ficci\u00f3n, documental o animaci\u00f3n. <\/p>\n<p align=\"justify\"> 2. La duraci\u00f3n de las cortometrajes no podr\u00e1 exceder los 30 minutos (cr\u00e9ditos incluidos) <\/p>\n<p align=\"justify\"> 3. Solo se considerar\u00e1n los cortometrajes que no hayan sido exhibidos   previamente en Colombia, salvo en las propias instituciones educativas o   en los Festivales Universitarios que tengan una alianza previa con el   Festival Internacional de Cine de Cartagena de Indias-FICCI. <\/p>\n<p align=\"justify\"> <strong>PROCESO DE SELECCI\u00d3N Y PROGRAMACI\u00d3N <\/strong><\/p>\n<p align=\"justify\"> Todos los cortometrajes deber\u00e1n realizar su inscripci\u00f3n a trav\u00e9s de Festhome (www.festhome.com).   El \u00e1rea de Programaci\u00f3n del Festival Internacional de Cartagena de   Indias-FICCI se encargar\u00e1 de seleccionar e invitar a las obras   seleccionadas. <\/p>\n<p align=\"justify\"> <strong>TASA DE INSCRIPCI\u00d3N<\/strong><\/p>\n<p align=\"justify\"> No tiene costo. <\/p>\n<p align=\"justify\"> <strong>PREMIOS Y JURADOS<\/strong><\/p>\n<p align=\"justify\"> El Jurado de esta categor\u00eda, conformado por tres profesionales de la   industria colombiana, otorgar\u00e1 la India Catalina al Mejor Nuevo Creador y   un paquete de premios cuyo contenido ser\u00e1 anunciado en la rueda de   prensa que ofrece el Festival cada a\u00f1o para revelar su Selecci\u00f3n   Oficial. <\/p>\n<p align=\"justify\"> <strong>CONTACTO Y MAYORES INFORMES<\/strong><\/p>\n<p align=\"justify\"> Nuevos Creadores: nuevoscreadores@ficcifestival.com<\/p>\n<p align=\"justify\"> <strong>GEMAS<\/strong><\/p>\n<p align=\"justify\"> Esta Competencia se propone exhibir por primera vez en la regi\u00f3n y en   Colombia algunas de las m\u00e1s importantes obras del \u00faltimo a\u00f1o,   presentando as\u00ed un cuidadoso panorama de la cinematograf\u00eda mundial que   incluye algunos de los nombres m\u00e1s emblem\u00e1ticos y otros interesantes   directores n\u00f3veles del cine contempor\u00e1neo. <\/p>\n<p align=\"justify\"> <strong>REQUISITOS GENERALES<\/strong><\/p>\n<p align=\"justify\"> 1. Se considerar\u00e1n pel\u00edculas que NO sean de origen iberoamericano <\/p>\n<p align=\"justify\"> 2. Las pel\u00edculas no pueden haber tenido exhibiciones previas en Colombia bajo ninguna forma de comunicaci\u00f3n p\u00fablica. <\/p>\n<p align=\"justify\"> 3. Deben contar con una copia de proyecci\u00f3n en DCP, 35mm, Apple ProRES 4444, H264 \u00f3 Blu-Ray <\/p>\n<p align=\"justify\"> 4. Se considerar\u00e1n \u00fanicamente pel\u00edculas producidas y\/o estrenadas mundialmente entre los a\u00f1os 2017 y 2018. <\/p>\n<p align=\"justify\"> <strong>IDIOMA Y SUBTITULAJE<\/strong><\/p>\n<p align=\"justify\"> 1. Las pel\u00edculas no habladas en espa\u00f1ol deber\u00e1n contar con subt\u00edtulos o transcripci\u00f3n de di\u00e1logos en castellano y en ingl\u00e9s. <\/p>\n<p align=\"justify\"> 2. En caso de ser seleccionadas, las pel\u00edculas habladas en espa\u00f1ol   deber\u00e1n contar con subt\u00edtulos o transcripci\u00f3n de di\u00e1logos en ingl\u00e9s. <\/p>\n<p align=\"justify\"> <strong>PROCESO DE SELECCI\u00d3N Y PROGRAMACI\u00d3N <\/strong><\/p>\n<p align=\"justify\"> Todas las pel\u00edculas deber\u00e1n realizar la inscripci\u00f3n a trav\u00e9s de Festhome (www.festhome.com).   El \u00e1rea de Programaci\u00f3n del Festival Internacional de Cartagena de   Indias-FICCI se encargar\u00e1 de seleccionar e invitar a las pel\u00edculas que   participar\u00e1n en las diferentes Competencias Oficiales y podr\u00e1 invitar a   algunas otras obras a conformar alguno de los Programas Especiales   dise\u00f1ados para su edici\u00f3n 58. <\/p>\n<p align=\"justify\"> <strong>TASA DE INSCRIPCI\u00d3N <\/strong><\/p>\n<p align=\"justify\"> Est\u00e1ndar: US$40 | Hasta el 7 de Octubre <\/p>\n<p align=\"justify\"> Tard\u00eda: US$60 | Hasta el 24 de Noviembre <\/p>\n<p align=\"justify\"> <strong>ACEPTACI\u00d3N DEL REGLAMENTO<\/strong><\/p>\n<p align=\"justify\"> La inscripci\u00f3n de un filme significa la aceptaci\u00f3n del presente reglamento. <\/p>\n<p align=\"justify\"> <strong>TR\u00c1FICO<\/strong><\/p>\n<p align=\"justify\"> Para las pel\u00edculas participantes, el Festival Internacional de Cartagena   de Indias-FICCI se har\u00e1 cargo de un (1) solo trayecto del env\u00edo. <\/p>\n<p align=\"justify\"> <strong>JURADOS Y PREMIOS<\/strong><\/p>\n<p align=\"justify\"> El Jurado de cada una de las Competencias Oficiales estar\u00e1 compuesto por   3 profesionales del medio cinematogr\u00e1fico de diversas nacionalidades y   los miembros de este otorgar\u00e1n un \u00fanico Premio, patrocinado por RCN   Televisi\u00f3n y cuyo valor ser\u00e1 anunciado en la rueda de prensa que ofrece   el Festival cada a\u00f1o para revelar su Selecci\u00f3n Oficial. <\/p>\n<p align=\"justify\"> <strong>CONTACTO Y MAYORES INFORMES<\/strong><\/p>\n<p align=\"justify\"> Gemas: coord.programacion@ficcifestival.com<\/p>\n<p align=\"justify\"> <strong>PUERTOLAB- WORK IN PROGRESS<\/strong><\/p>\n<p align=\"justify\"> Iniciativa que hace parte de las actividades de industria del Puerto   FICCI y que se propone impulsar la finalizaci\u00f3n de obras documentales y   de ficci\u00f3n de calidad en etapa de postproducci\u00f3n. <\/p>\n<p align=\"justify\"> <strong>REQUISITOS GENERALES<\/strong><\/p>\n<p align=\"justify\"> 1. Podr\u00e1n participar pel\u00edculas de directores iberoamericanos cuya   empresa productora principal tenga base en un pa\u00eds iberoamericano. <\/p>\n<p align=\"justify\"> 2. Se recibir\u00e1n primeros cortes con un m\u00ednimo de 70 minutos de duraci\u00f3n. <\/p>\n<p align=\"justify\"> 3. Solo se considerar\u00e1n proyectos que no hayan sido postulados a   versiones anteriores del PuertoLab. Sin embargo, si el proyecto tuvo   cambios significativos desde entonces, por favor, cont\u00e1ctese exponiendo   dicha situaci\u00f3n y el Comit\u00e9 Seleccionador evaluar\u00e1 esta solicitud. <\/p>\n<p align=\"justify\"> 4. Los proyectos postulantes no deben haber obtenido previamente alg\u00fan   otro premio de postproducci\u00f3n de similares caracter\u00edsticas a nivel   internacional, aunque s\u00ed pueden haber participado en secciones para   Works in Progress en otros Festivales. <\/p>\n<p align=\"justify\"> 5. El productor o el director de cada uno de los proyectos seleccionados   se compromete a asistir a Cartagena para presentar su pel\u00edcula ante los   miembros del Jurado y otros participantes de la industria acreditados   exclusivamente para la secci\u00f3n de PuertoLab, como Agentes de Ventas,   Distribuidores y Programadores de Festivales. <\/p>\n<p align=\"justify\"> 6. El FICCI cubrir\u00e1 el Hospedaje de un representante de la pel\u00edcula durante las fechas de PuertoLab. <\/p>\n<p align=\"justify\"> 7. Las pel\u00edculas seleccionadas en PuertoLab optar\u00e1n a diferentes premios   otorgados por la Industria encaminados a la finalizaci\u00f3n de las mismas. <\/p>\n<p align=\"justify\"> 8. Los proyectos seleccionados deber\u00e1n enviar todos los materiales   requeridos en la secci\u00f3n una vez sea aceptada la participaci\u00f3n en   PuertoLab. <\/p>\n<p align=\"justify\"> 9. El formato de proyecci\u00f3n es Blu-Ray. <\/p>\n<p align=\"justify\"> <strong>IDIOMA Y SUBTITULAJE<\/strong><\/p>\n<p align=\"justify\"> 1. Los proyectos postulados no hablados en espa\u00f1ol deber\u00e1n contar con   subt\u00edtulos o transcripci\u00f3n de di\u00e1logos en castellano y en ingl\u00e9s. <\/p>\n<p align=\"justify\"> 2. Los proyectos no hablados en espa\u00f1ol deber\u00e1n contar con subt\u00edtulos en   ingl\u00e9s al momento de su proyecci\u00f3n en PuertoLab. Los proyectos hablados   en espa\u00f1ol deber\u00e1n contar con subt\u00edtulos temporales en ingl\u00e9s. <\/p>\n<p align=\"justify\"> <strong>PROCESO DE SELECCI\u00d3N Y PROGRAMACI\u00d3N <\/strong><\/p>\n<p align=\"justify\"> 1. Todos los proyectos deber\u00e1n realizar su inscripci\u00f3n a trav\u00e9s de Festhome (www.festhome.com).   El \u00e1rea de Programaci\u00f3n del Festival Internacional de Cartagena de   Indias-FICCI se encargar\u00e1 de seleccionar e invitar a las obras   seleccionadas. <\/p>\n<p align=\"justify\"> 2. El Comit\u00e9 Seleccionador se reserva el derecho de invitar alg\u00fan   proyecto y el resultado de las pel\u00edculas seleccionadas es inapelable. <\/p>\n<p align=\"justify\"> <strong>TASA DE INSCRIPCI\u00d3N<\/strong><\/p>\n<p align=\"justify\"> No tiene costo. <\/p>\n<p align=\"justify\"> <strong>ACEPTACI\u00d3N DEL REGLAMENTO<\/strong><\/p>\n<p align=\"justify\"> La inscripci\u00f3n de un filme significa la aceptaci\u00f3n del presente reglamento. <\/p>\n<p align=\"justify\"> <strong>PREMIOS Y JURADOS<\/strong><\/p>\n<p align=\"justify\"> 1. El jurado estar\u00e1 compuesto por 3 reconocidos profesionales del medio cinematogr\u00e1fico. <\/p>\n<p align=\"justify\"> 2. Los productores y directores de las pel\u00edculas que hayan sido   premiadas, se comprometen a mencionar los premios recibidos en toda la   publicidad y material de prensa, respetando la redacci\u00f3n exacta del   fallo del jurado con el logotipo del Festival Internacional de Cine de   Cartagena de Indias. Este logotipo estar\u00e1 disponible para los ganadores. <\/p>\n<p align=\"justify\"> <strong>CONTACTO Y MAYORES INFORMES<\/strong><\/p>\n<p align=\"justify\"> PuertoLab: <\/p>\n<div align=\"justify\">puertolab@ficcifestival.com<\/div>\n<\/p><\/div>\n<\/p><\/div>\n<\/p><\/div>\n<\/p><\/div>\n<\/div>\n<div class=\"pvc_clear\"><\/div>\n<p id=\"pvc_stats_1372\" class=\"pvc_stats all  \" data-element-id=\"1372\" style=\"\"><i class=\"pvc-stats-icon large\" aria-hidden=\"true\"><svg aria-hidden=\"true\" focusable=\"false\" data-prefix=\"far\" data-icon=\"chart-bar\" role=\"img\" xmlns=\"http:\/\/www.w3.org\/2000\/svg\" viewBox=\"0 0 512 512\" class=\"svg-inline--fa fa-chart-bar fa-w-16 fa-2x\"><path fill=\"currentColor\" d=\"M396.8 352h22.4c6.4 0 12.8-6.4 12.8-12.8V108.8c0-6.4-6.4-12.8-12.8-12.8h-22.4c-6.4 0-12.8 6.4-12.8 12.8v230.4c0 6.4 6.4 12.8 12.8 12.8zm-192 0h22.4c6.4 0 12.8-6.4 12.8-12.8V140.8c0-6.4-6.4-12.8-12.8-12.8h-22.4c-6.4 0-12.8 6.4-12.8 12.8v198.4c0 6.4 6.4 12.8 12.8 12.8zm96 0h22.4c6.4 0 12.8-6.4 12.8-12.8V204.8c0-6.4-6.4-12.8-12.8-12.8h-22.4c-6.4 0-12.8 6.4-12.8 12.8v134.4c0 6.4 6.4 12.8 12.8 12.8zM496 400H48V80c0-8.84-7.16-16-16-16H16C7.16 64 0 71.16 0 80v336c0 17.67 14.33 32 32 32h464c8.84 0 16-7.16 16-16v-16c0-8.84-7.16-16-16-16zm-387.2-48h22.4c6.4 0 12.8-6.4 12.8-12.8v-70.4c0-6.4-6.4-12.8-12.8-12.8h-22.4c-6.4 0-12.8 6.4-12.8 12.8v70.4c0 6.4 6.4 12.8 12.8 12.8z\" class=\"\"><\/path><\/svg><\/i> <img decoding=\"async\" width=\"16\" height=\"16\" alt=\"Loading\" src=\"https:\/\/www.periodicolapislazuli.com\/noticias\/wp-content\/plugins\/page-views-count\/ajax-loader-2x.gif\" border=0 \/><\/p>\n<div class=\"pvc_clear\"><\/div>\n        <div class=\"booster-block booster-reactions-block\">\n            <div class=\"twp-reactions-icons\">\n                \n                <div class=\"twp-reacts-wrap\">\n                    <a react-data=\"be-react-1\" post-id=\"1372\" class=\"be-face-icons un-reacted\" href=\"javascript:void(0)\">\n                        <img decoding=\"async\" src=\"https:\/\/www.periodicolapislazuli.com\/noticias\/wp-content\/plugins\/booster-extension\/\/assets\/icon\/happy.svg\" alt=\"Happy\">\n                    <\/a>\n                    <div class=\"twp-reaction-title\">\n                        Happy                    <\/div>\n                    <div class=\"twp-count-percent\">\n                                                    <span style=\"display: none;\" class=\"twp-react-count\">0<\/span>\n                        \n                                                <span class=\"twp-react-percent\"><span>0<\/span> %<\/span>\n                                            <\/div>\n                <\/div>\n\n                <div class=\"twp-reacts-wrap\">\n                    <a react-data=\"be-react-2\" post-id=\"1372\" class=\"be-face-icons un-reacted\" href=\"javascript:void(0)\">\n                        <img decoding=\"async\" src=\"https:\/\/www.periodicolapislazuli.com\/noticias\/wp-content\/plugins\/booster-extension\/\/assets\/icon\/sad.svg\" alt=\"Sad\">\n                    <\/a>\n                    <div class=\"twp-reaction-title\">\n                        Sad                    <\/div>\n                    <div class=\"twp-count-percent\">\n                                                    <span style=\"display: none;\" class=\"twp-react-count\">0<\/span>\n                                                                        <span class=\"twp-react-percent\"><span>0<\/span> %<\/span>\n                                            <\/div>\n                <\/div>\n\n                <div class=\"twp-reacts-wrap\">\n                    <a react-data=\"be-react-3\" post-id=\"1372\" class=\"be-face-icons un-reacted\" href=\"javascript:void(0)\">\n                        <img decoding=\"async\" src=\"https:\/\/www.periodicolapislazuli.com\/noticias\/wp-content\/plugins\/booster-extension\/\/assets\/icon\/excited.svg\" alt=\"Excited\">\n                    <\/a>\n                    <div class=\"twp-reaction-title\">\n                        Excited                    <\/div>\n                    <div class=\"twp-count-percent\">\n                                                    <span style=\"display: none;\" class=\"twp-react-count\">0<\/span>\n                                                                        <span class=\"twp-react-percent\"><span>0<\/span> %<\/span>\n                                            <\/div>\n                <\/div>\n\n                <div class=\"twp-reacts-wrap\">\n                    <a react-data=\"be-react-6\" post-id=\"1372\" class=\"be-face-icons un-reacted\" href=\"javascript:void(0)\">\n                        <img decoding=\"async\" src=\"https:\/\/www.periodicolapislazuli.com\/noticias\/wp-content\/plugins\/booster-extension\/\/assets\/icon\/sleepy.svg\" alt=\"Sleepy\">\n                    <\/a>\n                    <div class=\"twp-reaction-title\">\n                        Sleepy                    <\/div>\n                    <div class=\"twp-count-percent\">\n                                                    <span style=\"display: none;\" class=\"twp-react-count\">0<\/span>\n                        \n                                                <span class=\"twp-react-percent\"><span>0<\/span> %<\/span>\n                                            <\/div>\n                <\/div>\n\n                <div class=\"twp-reacts-wrap\">\n                    <a react-data=\"be-react-4\" post-id=\"1372\" class=\"be-face-icons un-reacted\" href=\"javascript:void(0)\">\n                        <img decoding=\"async\" src=\"https:\/\/www.periodicolapislazuli.com\/noticias\/wp-content\/plugins\/booster-extension\/\/assets\/icon\/angry.svg\" alt=\"Angry\">\n                    <\/a>\n                    <div class=\"twp-reaction-title\">Angry<\/div>\n                    <div class=\"twp-count-percent\">\n                                                    <span style=\"display: none;\" class=\"twp-react-count\">0<\/span>\n                                                                        <span class=\"twp-react-percent\"><span>0<\/span> %<\/span>\n                        \n                    <\/div>\n                <\/div>\n\n                <div class=\"twp-reacts-wrap\">\n                    <a react-data=\"be-react-5\" post-id=\"1372\" class=\"be-face-icons un-reacted\" href=\"javascript:void(0)\">\n                        <img decoding=\"async\" src=\"https:\/\/www.periodicolapislazuli.com\/noticias\/wp-content\/plugins\/booster-extension\/\/assets\/icon\/surprise.svg\" alt=\"Surprise\">\n                    <\/a>\n                    <div class=\"twp-reaction-title\">Surprise<\/div>\n                    <div class=\"twp-count-percent\">\n                                                    <span style=\"display: none;\" class=\"twp-react-count\">0<\/span>\n                                                                        <span class=\"twp-react-percent\"><span>0<\/span> %<\/span>\n                                            <\/div>\n                <\/div>\n\n            <\/div>\n        <\/div>\n\n    ","protected":false},"excerpt":{"rendered":"<p>El Festival Internacional de Cine de Cartagena de Indias &#8211; FICCI &#8211; es un espacio cultural cinematogr\u00e1fico de car\u00e1cter internacional que se lleva a cabo desde el a\u00f1o 1959 en Cartagena de Indias, Colombia.<\/p>\n<div class=\"pvc_clear\"><\/div>\n<p id=\"pvc_stats_1372\" class=\"pvc_stats all  \" data-element-id=\"1372\" style=\"\"><i class=\"pvc-stats-icon large\" aria-hidden=\"true\"><svg aria-hidden=\"true\" focusable=\"false\" data-prefix=\"far\" data-icon=\"chart-bar\" role=\"img\" xmlns=\"http:\/\/www.w3.org\/2000\/svg\" viewBox=\"0 0 512 512\" class=\"svg-inline--fa fa-chart-bar fa-w-16 fa-2x\"><path fill=\"currentColor\" d=\"M396.8 352h22.4c6.4 0 12.8-6.4 12.8-12.8V108.8c0-6.4-6.4-12.8-12.8-12.8h-22.4c-6.4 0-12.8 6.4-12.8 12.8v230.4c0 6.4 6.4 12.8 12.8 12.8zm-192 0h22.4c6.4 0 12.8-6.4 12.8-12.8V140.8c0-6.4-6.4-12.8-12.8-12.8h-22.4c-6.4 0-12.8 6.4-12.8 12.8v198.4c0 6.4 6.4 12.8 12.8 12.8zm96 0h22.4c6.4 0 12.8-6.4 12.8-12.8V204.8c0-6.4-6.4-12.8-12.8-12.8h-22.4c-6.4 0-12.8 6.4-12.8 12.8v134.4c0 6.4 6.4 12.8 12.8 12.8zM496 400H48V80c0-8.84-7.16-16-16-16H16C7.16 64 0 71.16 0 80v336c0 17.67 14.33 32 32 32h464c8.84 0 16-7.16 16-16v-16c0-8.84-7.16-16-16-16zm-387.2-48h22.4c6.4 0 12.8-6.4 12.8-12.8v-70.4c0-6.4-6.4-12.8-12.8-12.8h-22.4c-6.4 0-12.8 6.4-12.8 12.8v70.4c0 6.4 6.4 12.8 12.8 12.8z\" class=\"\"><\/path><\/svg><\/i> <img decoding=\"async\" width=\"16\" height=\"16\" alt=\"Loading\" src=\"https:\/\/www.periodicolapislazuli.com\/noticias\/wp-content\/plugins\/page-views-count\/ajax-loader-2x.gif\" border=0 \/><\/p>\n<div class=\"pvc_clear\"><\/div>\n","protected":false},"author":1,"featured_media":1408,"comment_status":"closed","ping_status":"open","sticky":false,"template":"","format":"standard","meta":{"om_disable_all_campaigns":false,"pagelayer_contact_templates":[],"_pagelayer_content":"","_monsterinsights_skip_tracking":false,"_monsterinsights_sitenote_active":false,"_monsterinsights_sitenote_note":"","_monsterinsights_sitenote_category":0,"footnotes":""},"categories":[3],"tags":[],"class_list":["post-1372","post","type-post","status-publish","format-standard","has-post-thumbnail","hentry","category-actualidad"],"a3_pvc":{"activated":true,"total_views":641,"today_views":0},"jetpack_featured_media_url":"https:\/\/www.periodicolapislazuli.com\/noticias\/wp-content\/uploads\/2018\/01\/cartagena10.jpg","_links":{"self":[{"href":"https:\/\/www.periodicolapislazuli.com\/noticias\/wp-json\/wp\/v2\/posts\/1372","targetHints":{"allow":["GET"]}}],"collection":[{"href":"https:\/\/www.periodicolapislazuli.com\/noticias\/wp-json\/wp\/v2\/posts"}],"about":[{"href":"https:\/\/www.periodicolapislazuli.com\/noticias\/wp-json\/wp\/v2\/types\/post"}],"author":[{"embeddable":true,"href":"https:\/\/www.periodicolapislazuli.com\/noticias\/wp-json\/wp\/v2\/users\/1"}],"replies":[{"embeddable":true,"href":"https:\/\/www.periodicolapislazuli.com\/noticias\/wp-json\/wp\/v2\/comments?post=1372"}],"version-history":[{"count":3,"href":"https:\/\/www.periodicolapislazuli.com\/noticias\/wp-json\/wp\/v2\/posts\/1372\/revisions"}],"predecessor-version":[{"id":1412,"href":"https:\/\/www.periodicolapislazuli.com\/noticias\/wp-json\/wp\/v2\/posts\/1372\/revisions\/1412"}],"wp:featuredmedia":[{"embeddable":true,"href":"https:\/\/www.periodicolapislazuli.com\/noticias\/wp-json\/wp\/v2\/media\/1408"}],"wp:attachment":[{"href":"https:\/\/www.periodicolapislazuli.com\/noticias\/wp-json\/wp\/v2\/media?parent=1372"}],"wp:term":[{"taxonomy":"category","embeddable":true,"href":"https:\/\/www.periodicolapislazuli.com\/noticias\/wp-json\/wp\/v2\/categories?post=1372"},{"taxonomy":"post_tag","embeddable":true,"href":"https:\/\/www.periodicolapislazuli.com\/noticias\/wp-json\/wp\/v2\/tags?post=1372"}],"curies":[{"name":"wp","href":"https:\/\/api.w.org\/{rel}","templated":true}]}}