{"id":13239,"date":"2026-04-01T16:17:05","date_gmt":"2026-04-01T16:17:05","guid":{"rendered":"https:\/\/www.periodicolapislazuli.com\/noticias\/?p=13239"},"modified":"2026-04-28T16:21:05","modified_gmt":"2026-04-28T16:21:05","slug":"mincultura-declara-2026-como-el-ano-del-centenario-de-delia-zapata-olivella","status":"publish","type":"post","link":"https:\/\/www.periodicolapislazuli.com\/noticias\/mincultura-declara-2026-como-el-ano-del-centenario-de-delia-zapata-olivella\/","title":{"rendered":"Mincultura declara 2026 como el A\u00f1o del Centenario de Delia Zapata Olivella"},"content":{"rendered":"<div class='booster-block booster-read-block'>\n                <div class=\"twp-read-time\">\n                \t<i class=\"booster-icon twp-clock\"><\/i> <span>Read Time:<\/span>3 Minute, 45 Second                <\/div>\n\n            <\/div><h2 class=\"news-resume py-3\">El Ministerio de las Culturas, las Artes y los Saberes declara 2026 como el A\u00f1o del Centenario de Delia Zapata Olivella, en reconocimiento a su legado en la investigaci\u00f3n, creaci\u00f3n y circulaci\u00f3n de las danzas tradicionales y populares en Colombia.<\/h2>\n<p style=\"text-align: justify;\">El Ministerio de las Culturas, las Artes y los Saberes del llamado Gobierno del Cambio ha situado el a\u00f1o 2026 como un punto de inflexi\u00f3n simb\u00f3lico en la pol\u00edtica cultural del pa\u00eds al declarar oficialmente el centenario del natalicio de Delia Zapata Olivella, una de las figuras m\u00e1s influyentes en la construcci\u00f3n de la identidad art\u00edstica y popular de Colombia. Esta decisi\u00f3n no se limita a una efem\u00e9ride, sino que se inscribe dentro de una estrategia m\u00e1s amplia de reconocimiento del patrimonio vivo, en la que la cultura deja de ser un archivo est\u00e1tico para convertirse en una pr\u00e1ctica activa de memoria, creaci\u00f3n y circulaci\u00f3n de saberes. Desde la institucionalidad cultural se ha subrayado que esta conmemoraci\u00f3n responde al mandato constitucional que obliga al Estado a promover el acceso a la cultura y a fortalecer las expresiones que dan forma a la naci\u00f3n, una l\u00ednea que el ministerio ha venido reforzando con programas de circulaci\u00f3n, formaci\u00f3n y mediaci\u00f3n en territorios diversos del pa\u00eds, integrando a comunidades, artistas e investigadores en un mismo horizonte de trabajo compartido.<\/p>\n<p style=\"text-align: justify;\">En el despliegue de esta decisi\u00f3n, el Ministerio ha articulado una agenda nacional que busca ir m\u00e1s all\u00e1 del homenaje simb\u00f3lico y convertir el centenario en un laboratorio cultural de alcance territorial, donde la danza, la investigaci\u00f3n y la pedagog\u00eda se encuentren como formas complementarias de conocimiento. Bajo el lema de un \u201ccentenario de danza y reexistencia\u201d, la programaci\u00f3n impulsada por el Gobierno del Cambio propone una lectura contempor\u00e1nea del legado de Zapata Olivella, reconociendo su trabajo como investigadora del folclor, core\u00f3grafa y promotora de las tradiciones del Caribe y el Pac\u00edfico colombiano, as\u00ed como su papel en la profesionalizaci\u00f3n de la danza en el pa\u00eds. El Ministerio ha se\u00f1alado que esta conmemoraci\u00f3n se activa a trav\u00e9s de convocatorias, becas de creaci\u00f3n, exposiciones, simposios y circulaci\u00f3n de obras, muchas de ellas vinculadas al Centro Nacional de las Artes Delia Zapata Olivella en Bogot\u00e1, convertido en epicentro f\u00edsico y simb\u00f3lico de esta pol\u00edtica cultural.\u00a0 En ese marco, el Estado no solo recuerda a una figura hist\u00f3rica, sino que impulsa una relectura del cuerpo como archivo vivo, del gesto como conocimiento y de la tradici\u00f3n como un campo en permanente transformaci\u00f3n, en el que las comunidades no son espectadoras sino protagonistas de la producci\u00f3n cultural.<\/p>\n<p style=\"text-align: justify;\">El alcance de esta apuesta tambi\u00e9n se entiende como parte de una visi\u00f3n m\u00e1s amplia del Ministerio de las Culturas en el Gobierno del Cambio, que ha venido fortaleciendo la inversi\u00f3n en infraestructura, circulaci\u00f3n art\u00edstica y reconocimiento de saberes populares como eje de desarrollo social. La figura de Delia Zapata Olivella se convierte as\u00ed en un punto de convergencia entre memoria, pol\u00edtica p\u00fablica y creaci\u00f3n contempor\u00e1nea, donde el Estado busca no solo preservar el legado, sino activarlo en nuevas generaciones de artistas, investigadores y comunidades. La programaci\u00f3n prevista para 2026 incluye obras esc\u00e9nicas, encuentros acad\u00e9micos, mediaciones culturales y procesos de circulaci\u00f3n nacional que conectan regiones y expresiones diversas, reafirmando la idea de que la cultura no es centralizada sino plural y en constante movimiento. En este contexto, el centenario se presenta como una invitaci\u00f3n abierta a repensar la relaci\u00f3n entre naci\u00f3n, cuerpo y memoria, a observar c\u00f3mo las danzas tradicionales siguen dialogando con el presente y a explorar de qu\u00e9 manera la pol\u00edtica cultural puede convertirse en un espacio de creaci\u00f3n colectiva m\u00e1s que en una simple administraci\u00f3n del patrimonio, dejando abierta la pregunta sobre qu\u00e9 otros relatos a\u00fan pueden emerger cuando la cultura se asume como territorio en disputa y en expansi\u00f3n.<\/p>\n<div>\n<h2><span lang=\"ES-CO\" data-contrast=\"none\">Lo que viene<\/span><span data-ccp-props=\"{&quot;335551550&quot;:6,&quot;335551620&quot;:6}\">\u00a0<\/span><\/h2>\n<\/div>\n<div>\n<p><span lang=\"ES-CO\" data-contrast=\"none\">La programaci\u00f3n del A\u00f1o Delia continuar\u00e1 con:<\/span><span data-ccp-props=\"{&quot;335551550&quot;:6,&quot;335551620&quot;:6}\">\u00a0<\/span><\/p>\n<\/div>\n<div>\n<ul>\n<li><span lang=\"ES-CO\" data-contrast=\"none\">La exposici\u00f3n Relatar el gesto: el pensamiento coreogr\u00e1fico de Delia Zapata Olivella.<\/span><span data-ccp-props=\"{&quot;335551550&quot;:6,&quot;335551620&quot;:6}\">\u00a0<\/span><\/li>\n<li><span lang=\"ES-CO\" data-contrast=\"none\">Una agenda de mediaci\u00f3n en el Encuentro Afro.<\/span><span data-ccp-props=\"{&quot;335551550&quot;:6,&quot;335551620&quot;:6}\">\u00a0<\/span><\/li>\n<li><span lang=\"ES-CO\" data-contrast=\"none\">La circulaci\u00f3n de obras del Palenque de Delia y de artistas formados en su legado.<\/span><span data-ccp-props=\"{&quot;335551550&quot;:6,&quot;335551620&quot;:6}\">\u00a0<\/span><\/li>\n<li><span lang=\"ES-CO\" data-contrast=\"none\">El Simposio Cuerpo, territorio y memoria en las Artes Esc\u00e9nicas, que reunir\u00e1 a investigadores y creadores para pensar su vigencia en el siglo XXI.<\/span><span data-ccp-props=\"{&quot;335551550&quot;:6,&quot;335551620&quot;:6}\">\u00a0<\/span><\/li>\n<\/ul>\n<\/div>\n<div>\n<p><span lang=\"ES-CO\" data-contrast=\"none\"><span data-ccp-charstyle=\"eop\">Con el A\u00f1o Delia, el Ministerio de las Culturas, las Artes y los Saberes invita al pa\u00eds a sumarse a esta conmemoraci\u00f3n y a participar en una programaci\u00f3n que se extender\u00e1 durante todo el a\u00f1o. El 1 de abril es el punto de partida.\u00a0<\/span><span data-ccp-charstyle=\"eop\">Lo que sigue es una invitaci\u00f3n a encontrarse con un legado que contin\u00faa en movimiento.\u200b<\/span><\/span><\/p>\n<\/div>\n<div class=\"pvc_clear\"><\/div>\n<p id=\"pvc_stats_13239\" class=\"pvc_stats all  \" data-element-id=\"13239\" style=\"\"><i class=\"pvc-stats-icon large\" aria-hidden=\"true\"><svg aria-hidden=\"true\" focusable=\"false\" data-prefix=\"far\" data-icon=\"chart-bar\" role=\"img\" xmlns=\"http:\/\/www.w3.org\/2000\/svg\" viewBox=\"0 0 512 512\" class=\"svg-inline--fa fa-chart-bar fa-w-16 fa-2x\"><path fill=\"currentColor\" d=\"M396.8 352h22.4c6.4 0 12.8-6.4 12.8-12.8V108.8c0-6.4-6.4-12.8-12.8-12.8h-22.4c-6.4 0-12.8 6.4-12.8 12.8v230.4c0 6.4 6.4 12.8 12.8 12.8zm-192 0h22.4c6.4 0 12.8-6.4 12.8-12.8V140.8c0-6.4-6.4-12.8-12.8-12.8h-22.4c-6.4 0-12.8 6.4-12.8 12.8v198.4c0 6.4 6.4 12.8 12.8 12.8zm96 0h22.4c6.4 0 12.8-6.4 12.8-12.8V204.8c0-6.4-6.4-12.8-12.8-12.8h-22.4c-6.4 0-12.8 6.4-12.8 12.8v134.4c0 6.4 6.4 12.8 12.8 12.8zM496 400H48V80c0-8.84-7.16-16-16-16H16C7.16 64 0 71.16 0 80v336c0 17.67 14.33 32 32 32h464c8.84 0 16-7.16 16-16v-16c0-8.84-7.16-16-16-16zm-387.2-48h22.4c6.4 0 12.8-6.4 12.8-12.8v-70.4c0-6.4-6.4-12.8-12.8-12.8h-22.4c-6.4 0-12.8 6.4-12.8 12.8v70.4c0 6.4 6.4 12.8 12.8 12.8z\" class=\"\"><\/path><\/svg><\/i> <img decoding=\"async\" width=\"16\" height=\"16\" alt=\"Loading\" src=\"https:\/\/www.periodicolapislazuli.com\/noticias\/wp-content\/plugins\/page-views-count\/ajax-loader-2x.gif\" border=0 \/><\/p>\n<div class=\"pvc_clear\"><\/div>\n        <div class=\"booster-block booster-reactions-block\">\n            <div class=\"twp-reactions-icons\">\n                \n                <div class=\"twp-reacts-wrap\">\n                    <a react-data=\"be-react-1\" post-id=\"13239\" class=\"be-face-icons un-reacted\" href=\"javascript:void(0)\">\n                        <img decoding=\"async\" src=\"https:\/\/www.periodicolapislazuli.com\/noticias\/wp-content\/plugins\/booster-extension\/\/assets\/icon\/happy.svg\" alt=\"Happy\">\n                    <\/a>\n                    <div class=\"twp-reaction-title\">\n                        Happy                    <\/div>\n                    <div class=\"twp-count-percent\">\n                                                    <span style=\"display: none;\" class=\"twp-react-count\">0<\/span>\n                        \n                                                <span class=\"twp-react-percent\"><span>0<\/span> %<\/span>\n                                            <\/div>\n                <\/div>\n\n                <div class=\"twp-reacts-wrap\">\n                    <a react-data=\"be-react-2\" post-id=\"13239\" class=\"be-face-icons un-reacted\" href=\"javascript:void(0)\">\n                        <img decoding=\"async\" src=\"https:\/\/www.periodicolapislazuli.com\/noticias\/wp-content\/plugins\/booster-extension\/\/assets\/icon\/sad.svg\" alt=\"Sad\">\n                    <\/a>\n                    <div class=\"twp-reaction-title\">\n                        Sad                    <\/div>\n                    <div class=\"twp-count-percent\">\n                                                    <span style=\"display: none;\" class=\"twp-react-count\">0<\/span>\n                                                                        <span class=\"twp-react-percent\"><span>0<\/span> %<\/span>\n                                            <\/div>\n                <\/div>\n\n                <div class=\"twp-reacts-wrap\">\n                    <a react-data=\"be-react-3\" post-id=\"13239\" class=\"be-face-icons un-reacted\" href=\"javascript:void(0)\">\n                        <img decoding=\"async\" src=\"https:\/\/www.periodicolapislazuli.com\/noticias\/wp-content\/plugins\/booster-extension\/\/assets\/icon\/excited.svg\" alt=\"Excited\">\n                    <\/a>\n                    <div class=\"twp-reaction-title\">\n                        Excited                    <\/div>\n                    <div class=\"twp-count-percent\">\n                                                    <span style=\"display: none;\" class=\"twp-react-count\">0<\/span>\n                                                                        <span class=\"twp-react-percent\"><span>0<\/span> %<\/span>\n                                            <\/div>\n                <\/div>\n\n                <div class=\"twp-reacts-wrap\">\n                    <a react-data=\"be-react-6\" post-id=\"13239\" class=\"be-face-icons un-reacted\" href=\"javascript:void(0)\">\n                        <img decoding=\"async\" src=\"https:\/\/www.periodicolapislazuli.com\/noticias\/wp-content\/plugins\/booster-extension\/\/assets\/icon\/sleepy.svg\" alt=\"Sleepy\">\n                    <\/a>\n                    <div class=\"twp-reaction-title\">\n                        Sleepy                    <\/div>\n                    <div class=\"twp-count-percent\">\n                                                    <span style=\"display: none;\" class=\"twp-react-count\">0<\/span>\n                        \n                                                <span class=\"twp-react-percent\"><span>0<\/span> %<\/span>\n                                            <\/div>\n                <\/div>\n\n                <div class=\"twp-reacts-wrap\">\n                    <a react-data=\"be-react-4\" post-id=\"13239\" class=\"be-face-icons un-reacted\" href=\"javascript:void(0)\">\n                        <img decoding=\"async\" src=\"https:\/\/www.periodicolapislazuli.com\/noticias\/wp-content\/plugins\/booster-extension\/\/assets\/icon\/angry.svg\" alt=\"Angry\">\n                    <\/a>\n                    <div class=\"twp-reaction-title\">Angry<\/div>\n                    <div class=\"twp-count-percent\">\n                                                    <span style=\"display: none;\" class=\"twp-react-count\">0<\/span>\n                                                                        <span class=\"twp-react-percent\"><span>0<\/span> %<\/span>\n                        \n                    <\/div>\n                <\/div>\n\n                <div class=\"twp-reacts-wrap\">\n                    <a react-data=\"be-react-5\" post-id=\"13239\" class=\"be-face-icons un-reacted\" href=\"javascript:void(0)\">\n                        <img decoding=\"async\" src=\"https:\/\/www.periodicolapislazuli.com\/noticias\/wp-content\/plugins\/booster-extension\/\/assets\/icon\/surprise.svg\" alt=\"Surprise\">\n                    <\/a>\n                    <div class=\"twp-reaction-title\">Surprise<\/div>\n                    <div class=\"twp-count-percent\">\n                                                    <span style=\"display: none;\" class=\"twp-react-count\">0<\/span>\n                                                                        <span class=\"twp-react-percent\"><span>0<\/span> %<\/span>\n                                            <\/div>\n                <\/div>\n\n            <\/div>\n        <\/div>\n\n    ","protected":false},"excerpt":{"rendered":"<p>El Ministerio de las Culturas, las Artes y los Saberes declara 2026 como el A\u00f1o del Centenario de<\/p>\n<div class=\"pvc_clear\"><\/div>\n<p id=\"pvc_stats_13239\" class=\"pvc_stats all  \" data-element-id=\"13239\" style=\"\"><i class=\"pvc-stats-icon large\" aria-hidden=\"true\"><svg aria-hidden=\"true\" focusable=\"false\" data-prefix=\"far\" data-icon=\"chart-bar\" role=\"img\" xmlns=\"http:\/\/www.w3.org\/2000\/svg\" viewBox=\"0 0 512 512\" class=\"svg-inline--fa fa-chart-bar fa-w-16 fa-2x\"><path fill=\"currentColor\" d=\"M396.8 352h22.4c6.4 0 12.8-6.4 12.8-12.8V108.8c0-6.4-6.4-12.8-12.8-12.8h-22.4c-6.4 0-12.8 6.4-12.8 12.8v230.4c0 6.4 6.4 12.8 12.8 12.8zm-192 0h22.4c6.4 0 12.8-6.4 12.8-12.8V140.8c0-6.4-6.4-12.8-12.8-12.8h-22.4c-6.4 0-12.8 6.4-12.8 12.8v198.4c0 6.4 6.4 12.8 12.8 12.8zm96 0h22.4c6.4 0 12.8-6.4 12.8-12.8V204.8c0-6.4-6.4-12.8-12.8-12.8h-22.4c-6.4 0-12.8 6.4-12.8 12.8v134.4c0 6.4 6.4 12.8 12.8 12.8zM496 400H48V80c0-8.84-7.16-16-16-16H16C7.16 64 0 71.16 0 80v336c0 17.67 14.33 32 32 32h464c8.84 0 16-7.16 16-16v-16c0-8.84-7.16-16-16-16zm-387.2-48h22.4c6.4 0 12.8-6.4 12.8-12.8v-70.4c0-6.4-6.4-12.8-12.8-12.8h-22.4c-6.4 0-12.8 6.4-12.8 12.8v70.4c0 6.4 6.4 12.8 12.8 12.8z\" class=\"\"><\/path><\/svg><\/i> <img decoding=\"async\" width=\"16\" height=\"16\" alt=\"Loading\" src=\"https:\/\/www.periodicolapislazuli.com\/noticias\/wp-content\/plugins\/page-views-count\/ajax-loader-2x.gif\" border=0 \/><\/p>\n<div class=\"pvc_clear\"><\/div>\n","protected":false},"author":3,"featured_media":13240,"comment_status":"closed","ping_status":"open","sticky":false,"template":"","format":"standard","meta":{"om_disable_all_campaigns":false,"pagelayer_contact_templates":[],"_pagelayer_content":"","_monsterinsights_skip_tracking":false,"_monsterinsights_sitenote_active":false,"_monsterinsights_sitenote_note":"","_monsterinsights_sitenote_category":0,"footnotes":""},"categories":[3],"tags":[4289,3598,3499,2679],"class_list":["post-13239","post","type-post","status-publish","format-standard","has-post-thumbnail","hentry","category-actualidad","tag-delia-zapata-olivella","tag-gobierno-del-cambio","tag-ministerio-de-las-culturas","tag-patrimonio-cultural"],"a3_pvc":{"activated":true,"total_views":1,"today_views":0},"jetpack_featured_media_url":"https:\/\/www.periodicolapislazuli.com\/noticias\/wp-content\/uploads\/2026\/04\/ano-delia-yannai-kadamani-1.png","_links":{"self":[{"href":"https:\/\/www.periodicolapislazuli.com\/noticias\/wp-json\/wp\/v2\/posts\/13239","targetHints":{"allow":["GET"]}}],"collection":[{"href":"https:\/\/www.periodicolapislazuli.com\/noticias\/wp-json\/wp\/v2\/posts"}],"about":[{"href":"https:\/\/www.periodicolapislazuli.com\/noticias\/wp-json\/wp\/v2\/types\/post"}],"author":[{"embeddable":true,"href":"https:\/\/www.periodicolapislazuli.com\/noticias\/wp-json\/wp\/v2\/users\/3"}],"replies":[{"embeddable":true,"href":"https:\/\/www.periodicolapislazuli.com\/noticias\/wp-json\/wp\/v2\/comments?post=13239"}],"version-history":[{"count":2,"href":"https:\/\/www.periodicolapislazuli.com\/noticias\/wp-json\/wp\/v2\/posts\/13239\/revisions"}],"predecessor-version":[{"id":13242,"href":"https:\/\/www.periodicolapislazuli.com\/noticias\/wp-json\/wp\/v2\/posts\/13239\/revisions\/13242"}],"wp:featuredmedia":[{"embeddable":true,"href":"https:\/\/www.periodicolapislazuli.com\/noticias\/wp-json\/wp\/v2\/media\/13240"}],"wp:attachment":[{"href":"https:\/\/www.periodicolapislazuli.com\/noticias\/wp-json\/wp\/v2\/media?parent=13239"}],"wp:term":[{"taxonomy":"category","embeddable":true,"href":"https:\/\/www.periodicolapislazuli.com\/noticias\/wp-json\/wp\/v2\/categories?post=13239"},{"taxonomy":"post_tag","embeddable":true,"href":"https:\/\/www.periodicolapislazuli.com\/noticias\/wp-json\/wp\/v2\/tags?post=13239"}],"curies":[{"name":"wp","href":"https:\/\/api.w.org\/{rel}","templated":true}]}}