{"id":1316,"date":"2017-12-02T07:47:56","date_gmt":"2017-12-02T07:47:56","guid":{"rendered":"http:\/\/www.periodicolapislazuli.com\/noticias\/?p=1316"},"modified":"2018-01-12T16:01:58","modified_gmt":"2018-01-12T16:01:58","slug":"2018-colombia-estaria-libre-analfabetismo","status":"publish","type":"post","link":"https:\/\/www.periodicolapislazuli.com\/noticias\/2018-colombia-estaria-libre-analfabetismo\/","title":{"rendered":"En 2018, Colombia estar\u00eda libre de analfabetismo"},"content":{"rendered":"<div class='booster-block booster-read-block'>\n                <div class=\"twp-read-time\">\n                \t<i class=\"booster-icon twp-clock\"><\/i> <span>Read Time:<\/span>4 Minute, 24 Second                <\/div>\n\n            <\/div><div class=\"article-top row\">\n<h1 class=\"col-xs-12 article-details\" style=\"text-align: center;\"><span style=\"color: #800000;\"> En 2018, Colombia estar\u00eda libre de analfabetismo<\/span><\/h1>\n<\/div>\n<div class=\"article-media\">\n<div id=\"p61151955-m174-173-175\" class=\"captioned-image media-big\">\n<div class=\"zoom-icon image-icon-zoom zoom-main\"><\/div>\n<div id=\"m178-177-179\" class=\"image\">\n<div align=\"center\"><span id=\"p61151955-m164-163-165\" class=\"signature\"><\/span><img fetchpriority=\"high\" decoding=\"async\" class=\"alignleft\" src=\"http:\/\/www.elpais.com.co\/files\/article_main\/uploads\/2017\/03\/01\/58b6ee6c08147.jpeg\" width=\"357\" height=\"215\" \/><\/div>\n<\/div>\n<div align=\"justify\">\n<blockquote>\n<p id=\"m184-1-185\" class=\"foto-description\">\n<\/blockquote>\n<\/div>\n<\/div>\n<\/div>\n<div class=\"social-sidebar-sticky sticky-active\">\n<div class=\"article-social social-sticky sticky\">\n<div class=\"mobile-social-share share-icon-mobile\">\n<blockquote>\n<hr \/>\n<p>Tomado de  elpais.com.co<\/p>\n<div class=\"col-xs-12 article-details\"><span class=\"for\"> <b> Por: <\/b><\/span><span id=\"p61151955-m164-163-165\" class=\"signature\">Luz Stella Cardona | Periodista de El Pa\u00eds<\/span><\/div>\n<\/blockquote>\n<hr \/>\n<p>&nbsp;<\/p>\n<p>&nbsp;<\/p>\n<p><strong>Para que la Unesco lo declare a Colombia como un territorio libre de analfabetismo la cifra debe estar por debajo del 4%.<\/strong><\/p>\n<p align=\"justify\" class=\"epigraph paragraph\" id=\"p61151955-m159-158-160\">La Fundaci\u00f3n Give To Colombia y la Organizaci\u00f3n de los Estados Iberoamericanos, OEI, con el apoyo del Ministerio de Educaci\u00f3n, proyectan que en el 2018 Colombia sea declarada un territorio libre de analfabetismo.<\/p>\n<\/div>\n<\/div>\n<\/div>\n<div class=\"article-content\">\n<div align=\"justify\">Para lograr esta meta, pusieron en marcha el a\u00f1o pasado el Programa Nacional de Alfabetizaci\u00f3n, &#8216;Escribiendo cada paso&#8217;, con el que pretenden cerrar la brecha de desigualdad de millones de hombres, mujeres y ni\u00f1os que no han tenido acceso a la educaci\u00f3n formal en el pa\u00eds, y darles la oportunidad de reescribir una nueva historia de vida.<\/p>\n<p>  Mariana Castro Dom\u00ednguez, directora de proyectos de Give To Colombia, asegur\u00f3 que \u00aben nuestro pa\u00eds hay miles de personas que no han podido dar uno de los pasos m\u00e1s importantes y es el que les permite empezar a recorrer el camino de la educaci\u00f3n\u00bb. Esta situaci\u00f3n, dijo, de alguna manera los obliga a vivir bajo la sombra de otros.<\/p>\n<p>  \u00abCuando pensamos en analfabetismo creemos que son personas que no saben leer un libro, pero ser un analfabeta va mucho m\u00e1s all\u00e1, porque un analfabeta no puede ser una persona independiente, un ciudadano activo; no puede salir a votar, tomar un bus o escribir una carta, pues siempre va a estar dependiendo de otra persona. Aprender cosas tan simples como leer, escribir, sumar y restar, les transforma la vida completamente\u00bb, subray\u00f3 Castro.<\/p>\n<p>  En Colombia hay actualmente 2.7 millones de personas analfabetas, lo que equivale al 5.8 % de la poblaci\u00f3n, y para que la Unesco lo declare un territorio libre de analfabetismo la cifra debe estar por debajo del 4%.\n<\/p><\/div>\n<p align=\"justify\" class=\"article-quote quote-default\" id=\"p61151955-m201-1-202\">Los analfabetas son personas mayores de 15 a\u00f1os, pues antes de esta edad se considera que est\u00e1 en la etapa normal de aprendizaje para leer y escribir. Una persona analfabeta es aquella que no sabe escribir ni leer.<\/p>\n<p id=\"p61151955-m228-2-229\" class=\"epigraph paragraph\">Esto significa que entre 800.000 y un mill\u00f3n de personas deber\u00e1n ser instruidas al 2018.<\/p>\n<div align=\"justify\">Seg\u00fan datos del Ministerio de Educaci\u00f3n Nacional, las zonas donde mayor n\u00famero de personas iletradas se encuentran son aquellas que han sido azotadas por la violencia y el conflicto armado.<\/p>\n<p>  Asimismo, donde ha habido desplazamiento forzado, viven comunidades ind\u00edgenas y las zonas rurales dispersas.<\/p>\n<p>  Esta informaci\u00f3n ha permitido caracterizar departamentos como Guain\u00eda, Vaup\u00e9s, Vichada, Bol\u00edvar, Magdalena, Cauca y Choc\u00f3, y municipios como Tumaco y Buenaventura, con un alto porcentaje de analfabetismo.<\/p>\n<p>  Otro fen\u00f3meno que ha incidido en esta problem\u00e1tica estar\u00eda relacionado con la cultura machista.<\/p>\n<p>  \u00abMuchas mujeres no han podido ir a la escuela porque se tiene la idea de que para qu\u00e9 van a estudiar si ellas se tienen que quedar atendiendo las labores de la casa y cuidando los hijos. Nosotros nos enfocaremos en las mujeres analfabetas de las zonas rurales, desplazadas y que son cabeza de familia\u00bb, expres\u00f3 Castro.<\/p>\n<p>  Adicionalmente, explic\u00f3 Castro, cuando los padres son analfabetos muchos ni\u00f1os tampoco acceden a la educaci\u00f3n porque no la ven como necesaria al indicar que si ellos pudieron salir adelante sin estudio, sus hijos tambi\u00e9n pueden.\n<\/p><\/div>\n<div id=\"p61151955-m233-3-234\" class=\"headings-container\">\n<h5 id=\"m237-236-238\" class=\"headline h5\">Una labor tit\u00e1nica<\/h5>\n<\/div>\n<p id=\"p61151955-m243-4-244\" class=\"paragraph\">Si bien la idea de Give To Colombia y la OEI es para el pr\u00f3ximo a\u00f1o tener cubierto el 3.8 de la poblaci\u00f3n analfabeta mayor de 15 a\u00f1os, el trabajo apenas comienza.<\/p>\n<div align=\"justify\">Sin embargo, Mariana Castro est\u00e1 convencida de que si los colombianos se empoderan de esta campa\u00f1a contribuyendo con un peque\u00f1o aporte se podr\u00e1 hacer la gran diferencia.<\/p>\n<p>  \u00abCon solo US$100 o US$130 puedes cumplirle el sue\u00f1o a un colombiano de aprender a leer y escribir. Es un costo muy peque\u00f1o si se tiene en cuenta que con esto le transformar\u00e1s la vida a un ser humano\u00bb, reiter\u00f3 Castro, quien agreg\u00f3 que la campa\u00f1a va por muy buen camino pues ya han recibido importantes donaciones.<\/p>\n<p>  Record\u00f3 emocionada historias de varias personas que, tras ser alfabetizadas, su vida dio un giro de 180 grados.<\/p>\n<p>  \u00abRecuerdo una se\u00f1ora mayor que me dec\u00eda que ya le pod\u00eda leer un cuento a sus nietos; o el joven de 18 a\u00f1os que me dijo que ya se pod\u00eda enamorar porque ya le pod\u00eda escribir una carta de amor a su novia. Estos testimonios son espectaculares, uno no lo sabe, no lo puede percibir hasta que lo vive. Ah\u00ed entiendes la importancia y lo maravilloso de esta campa\u00f1a\u00bb, subray\u00f3.<\/p>\n<p>  El analfabetismo, enfatiz\u00f3, genera un mill\u00f3n de problemas y con la educaci\u00f3n se arranca de ra\u00edz una situaci\u00f3n que no les permite mejorar sus condiciones de vida familiares, laborales y sociales.<\/p>\n<p>  Dijo tambi\u00e9n que dentro del segmento poblacional que se espera beneficiar con esta iniciativa est\u00e1n tambi\u00e9n los reinsertados, de los cuales se calcula el 70 % no ha recibido ning\u00fan tipo de ense\u00f1anza.<br \/>\n  Aunque reconoce que es un momento dif\u00edcil dada la situaci\u00f3n econ\u00f3mica del pa\u00eds y que no hay dinero para el programa de alfabetizaci\u00f3n, Mariana se mostr\u00f3 confiada en que a mitad de este a\u00f1o puedan comenzar con el proyecto.<\/p>\n<p>  \u00abNuestro objetivo es que en el 2018 podamos tener un pa\u00eds sin analfabetas y convertirnos en el pa\u00eds m\u00e1s educado de Am\u00e9rica Latina en el 2025\u00bb, puntualiz\u00f3.<\/p>\n<p>  &nbsp;<\/p>\n<\/div>\n<hr \/>\n<p><strong>Fuente :  elpais.com.co<\/strong><\/p>\n<\/div>\n<div class=\"pvc_clear\"><\/div>\n<p id=\"pvc_stats_1316\" class=\"pvc_stats all  \" data-element-id=\"1316\" style=\"\"><i class=\"pvc-stats-icon large\" aria-hidden=\"true\"><svg aria-hidden=\"true\" focusable=\"false\" data-prefix=\"far\" data-icon=\"chart-bar\" role=\"img\" xmlns=\"http:\/\/www.w3.org\/2000\/svg\" viewBox=\"0 0 512 512\" class=\"svg-inline--fa fa-chart-bar fa-w-16 fa-2x\"><path fill=\"currentColor\" d=\"M396.8 352h22.4c6.4 0 12.8-6.4 12.8-12.8V108.8c0-6.4-6.4-12.8-12.8-12.8h-22.4c-6.4 0-12.8 6.4-12.8 12.8v230.4c0 6.4 6.4 12.8 12.8 12.8zm-192 0h22.4c6.4 0 12.8-6.4 12.8-12.8V140.8c0-6.4-6.4-12.8-12.8-12.8h-22.4c-6.4 0-12.8 6.4-12.8 12.8v198.4c0 6.4 6.4 12.8 12.8 12.8zm96 0h22.4c6.4 0 12.8-6.4 12.8-12.8V204.8c0-6.4-6.4-12.8-12.8-12.8h-22.4c-6.4 0-12.8 6.4-12.8 12.8v134.4c0 6.4 6.4 12.8 12.8 12.8zM496 400H48V80c0-8.84-7.16-16-16-16H16C7.16 64 0 71.16 0 80v336c0 17.67 14.33 32 32 32h464c8.84 0 16-7.16 16-16v-16c0-8.84-7.16-16-16-16zm-387.2-48h22.4c6.4 0 12.8-6.4 12.8-12.8v-70.4c0-6.4-6.4-12.8-12.8-12.8h-22.4c-6.4 0-12.8 6.4-12.8 12.8v70.4c0 6.4 6.4 12.8 12.8 12.8z\" class=\"\"><\/path><\/svg><\/i> <img decoding=\"async\" width=\"16\" height=\"16\" alt=\"Loading\" src=\"https:\/\/www.periodicolapislazuli.com\/noticias\/wp-content\/plugins\/page-views-count\/ajax-loader-2x.gif\" border=0 \/><\/p>\n<div class=\"pvc_clear\"><\/div>\n        <div class=\"booster-block booster-reactions-block\">\n            <div class=\"twp-reactions-icons\">\n                \n                <div class=\"twp-reacts-wrap\">\n                    <a react-data=\"be-react-1\" post-id=\"1316\" class=\"be-face-icons un-reacted\" href=\"javascript:void(0)\">\n                        <img decoding=\"async\" src=\"https:\/\/www.periodicolapislazuli.com\/noticias\/wp-content\/plugins\/booster-extension\/\/assets\/icon\/happy.svg\" alt=\"Happy\">\n                    <\/a>\n                    <div class=\"twp-reaction-title\">\n                        Happy                    <\/div>\n                    <div class=\"twp-count-percent\">\n                                                    <span style=\"display: none;\" class=\"twp-react-count\">0<\/span>\n                        \n                                                <span class=\"twp-react-percent\"><span>0<\/span> %<\/span>\n                                            <\/div>\n                <\/div>\n\n                <div class=\"twp-reacts-wrap\">\n                    <a react-data=\"be-react-2\" post-id=\"1316\" class=\"be-face-icons un-reacted\" href=\"javascript:void(0)\">\n                        <img decoding=\"async\" src=\"https:\/\/www.periodicolapislazuli.com\/noticias\/wp-content\/plugins\/booster-extension\/\/assets\/icon\/sad.svg\" alt=\"Sad\">\n                    <\/a>\n                    <div class=\"twp-reaction-title\">\n                        Sad                    <\/div>\n                    <div class=\"twp-count-percent\">\n                                                    <span style=\"display: none;\" class=\"twp-react-count\">0<\/span>\n                                                                        <span class=\"twp-react-percent\"><span>0<\/span> %<\/span>\n                                            <\/div>\n                <\/div>\n\n                <div class=\"twp-reacts-wrap\">\n                    <a react-data=\"be-react-3\" post-id=\"1316\" class=\"be-face-icons un-reacted\" href=\"javascript:void(0)\">\n                        <img decoding=\"async\" src=\"https:\/\/www.periodicolapislazuli.com\/noticias\/wp-content\/plugins\/booster-extension\/\/assets\/icon\/excited.svg\" alt=\"Excited\">\n                    <\/a>\n                    <div class=\"twp-reaction-title\">\n                        Excited                    <\/div>\n                    <div class=\"twp-count-percent\">\n                                                    <span style=\"display: none;\" class=\"twp-react-count\">0<\/span>\n                                                                        <span class=\"twp-react-percent\"><span>0<\/span> %<\/span>\n                                            <\/div>\n                <\/div>\n\n                <div class=\"twp-reacts-wrap\">\n                    <a react-data=\"be-react-6\" post-id=\"1316\" class=\"be-face-icons un-reacted\" href=\"javascript:void(0)\">\n                        <img decoding=\"async\" src=\"https:\/\/www.periodicolapislazuli.com\/noticias\/wp-content\/plugins\/booster-extension\/\/assets\/icon\/sleepy.svg\" alt=\"Sleepy\">\n                    <\/a>\n                    <div class=\"twp-reaction-title\">\n                        Sleepy                    <\/div>\n                    <div class=\"twp-count-percent\">\n                                                    <span style=\"display: none;\" class=\"twp-react-count\">0<\/span>\n                        \n                                                <span class=\"twp-react-percent\"><span>0<\/span> %<\/span>\n                                            <\/div>\n                <\/div>\n\n                <div class=\"twp-reacts-wrap\">\n                    <a react-data=\"be-react-4\" post-id=\"1316\" class=\"be-face-icons un-reacted\" href=\"javascript:void(0)\">\n                        <img decoding=\"async\" src=\"https:\/\/www.periodicolapislazuli.com\/noticias\/wp-content\/plugins\/booster-extension\/\/assets\/icon\/angry.svg\" alt=\"Angry\">\n                    <\/a>\n                    <div class=\"twp-reaction-title\">Angry<\/div>\n                    <div class=\"twp-count-percent\">\n                                                    <span style=\"display: none;\" class=\"twp-react-count\">0<\/span>\n                                                                        <span class=\"twp-react-percent\"><span>0<\/span> %<\/span>\n                        \n                    <\/div>\n                <\/div>\n\n                <div class=\"twp-reacts-wrap\">\n                    <a react-data=\"be-react-5\" post-id=\"1316\" class=\"be-face-icons un-reacted\" href=\"javascript:void(0)\">\n                        <img decoding=\"async\" src=\"https:\/\/www.periodicolapislazuli.com\/noticias\/wp-content\/plugins\/booster-extension\/\/assets\/icon\/surprise.svg\" alt=\"Surprise\">\n                    <\/a>\n                    <div class=\"twp-reaction-title\">Surprise<\/div>\n                    <div class=\"twp-count-percent\">\n                                                    <span style=\"display: none;\" class=\"twp-react-count\">0<\/span>\n                                                                        <span class=\"twp-react-percent\"><span>0<\/span> %<\/span>\n                                            <\/div>\n                <\/div>\n\n            <\/div>\n        <\/div>\n\n    ","protected":false},"excerpt":{"rendered":"<p>\u00abNuestro objetivo es que en el 2018 podamos tener un pa\u00eds sin analfabetas y convertirnos en el pa\u00eds m\u00e1s educado de Am\u00e9rica Latina en el 2025\u00bb<\/p>\n<div class=\"pvc_clear\"><\/div>\n<p id=\"pvc_stats_1316\" class=\"pvc_stats all  \" data-element-id=\"1316\" style=\"\"><i class=\"pvc-stats-icon large\" aria-hidden=\"true\"><svg aria-hidden=\"true\" focusable=\"false\" data-prefix=\"far\" data-icon=\"chart-bar\" role=\"img\" xmlns=\"http:\/\/www.w3.org\/2000\/svg\" viewBox=\"0 0 512 512\" class=\"svg-inline--fa fa-chart-bar fa-w-16 fa-2x\"><path fill=\"currentColor\" d=\"M396.8 352h22.4c6.4 0 12.8-6.4 12.8-12.8V108.8c0-6.4-6.4-12.8-12.8-12.8h-22.4c-6.4 0-12.8 6.4-12.8 12.8v230.4c0 6.4 6.4 12.8 12.8 12.8zm-192 0h22.4c6.4 0 12.8-6.4 12.8-12.8V140.8c0-6.4-6.4-12.8-12.8-12.8h-22.4c-6.4 0-12.8 6.4-12.8 12.8v198.4c0 6.4 6.4 12.8 12.8 12.8zm96 0h22.4c6.4 0 12.8-6.4 12.8-12.8V204.8c0-6.4-6.4-12.8-12.8-12.8h-22.4c-6.4 0-12.8 6.4-12.8 12.8v134.4c0 6.4 6.4 12.8 12.8 12.8zM496 400H48V80c0-8.84-7.16-16-16-16H16C7.16 64 0 71.16 0 80v336c0 17.67 14.33 32 32 32h464c8.84 0 16-7.16 16-16v-16c0-8.84-7.16-16-16-16zm-387.2-48h22.4c6.4 0 12.8-6.4 12.8-12.8v-70.4c0-6.4-6.4-12.8-12.8-12.8h-22.4c-6.4 0-12.8 6.4-12.8 12.8v70.4c0 6.4 6.4 12.8 12.8 12.8z\" class=\"\"><\/path><\/svg><\/i> <img decoding=\"async\" width=\"16\" height=\"16\" alt=\"Loading\" src=\"https:\/\/www.periodicolapislazuli.com\/noticias\/wp-content\/plugins\/page-views-count\/ajax-loader-2x.gif\" border=0 \/><\/p>\n<div class=\"pvc_clear\"><\/div>\n","protected":false},"author":1,"featured_media":1317,"comment_status":"closed","ping_status":"open","sticky":false,"template":"","format":"standard","meta":{"om_disable_all_campaigns":false,"pagelayer_contact_templates":[],"_pagelayer_content":"","_monsterinsights_skip_tracking":false,"_monsterinsights_sitenote_active":false,"_monsterinsights_sitenote_note":"","_monsterinsights_sitenote_category":0,"footnotes":""},"categories":[17,20],"tags":[663,60,667,668,665,664,666],"class_list":["post-1316","post","type-post","status-publish","format-standard","has-post-thumbnail","hentry","category-sociedad","category-educacion","tag-analfabetismo","tag-colombia","tag-escribiendo-cada-paso","tag-iletradas","tag-ministerio-de-educacion","tag-oei","tag-programa-nacional-de-alfabetizacion"],"a3_pvc":{"activated":true,"total_views":338,"today_views":0},"jetpack_featured_media_url":"https:\/\/www.periodicolapislazuli.com\/noticias\/wp-content\/uploads\/2018\/01\/ni\u00f1os-educacion.jpg","_links":{"self":[{"href":"https:\/\/www.periodicolapislazuli.com\/noticias\/wp-json\/wp\/v2\/posts\/1316","targetHints":{"allow":["GET"]}}],"collection":[{"href":"https:\/\/www.periodicolapislazuli.com\/noticias\/wp-json\/wp\/v2\/posts"}],"about":[{"href":"https:\/\/www.periodicolapislazuli.com\/noticias\/wp-json\/wp\/v2\/types\/post"}],"author":[{"embeddable":true,"href":"https:\/\/www.periodicolapislazuli.com\/noticias\/wp-json\/wp\/v2\/users\/1"}],"replies":[{"embeddable":true,"href":"https:\/\/www.periodicolapislazuli.com\/noticias\/wp-json\/wp\/v2\/comments?post=1316"}],"version-history":[{"count":2,"href":"https:\/\/www.periodicolapislazuli.com\/noticias\/wp-json\/wp\/v2\/posts\/1316\/revisions"}],"predecessor-version":[{"id":1405,"href":"https:\/\/www.periodicolapislazuli.com\/noticias\/wp-json\/wp\/v2\/posts\/1316\/revisions\/1405"}],"wp:featuredmedia":[{"embeddable":true,"href":"https:\/\/www.periodicolapislazuli.com\/noticias\/wp-json\/wp\/v2\/media\/1317"}],"wp:attachment":[{"href":"https:\/\/www.periodicolapislazuli.com\/noticias\/wp-json\/wp\/v2\/media?parent=1316"}],"wp:term":[{"taxonomy":"category","embeddable":true,"href":"https:\/\/www.periodicolapislazuli.com\/noticias\/wp-json\/wp\/v2\/categories?post=1316"},{"taxonomy":"post_tag","embeddable":true,"href":"https:\/\/www.periodicolapislazuli.com\/noticias\/wp-json\/wp\/v2\/tags?post=1316"}],"curies":[{"name":"wp","href":"https:\/\/api.w.org\/{rel}","templated":true}]}}