{"id":1310,"date":"2017-12-06T15:05:33","date_gmt":"2017-12-06T15:05:33","guid":{"rendered":"http:\/\/www.periodicolapislazuli.com\/noticias\/?p=1310"},"modified":"2017-12-06T15:07:56","modified_gmt":"2017-12-06T15:07:56","slug":"no-iremos-al-xvi-edicion-del-festival-iberoamericano-teatro-bogota-fitb-2018","status":"publish","type":"post","link":"https:\/\/www.periodicolapislazuli.com\/noticias\/no-iremos-al-xvi-edicion-del-festival-iberoamericano-teatro-bogota-fitb-2018\/","title":{"rendered":"\u00abNo iremos al XVI edici\u00f3n del Festival Iberoamericano de  Teatro de  Bogot\u00e1 FITB 2018\u00bb"},"content":{"rendered":"<div class='booster-block booster-read-block'>\n                <div class=\"twp-read-time\">\n                \t<i class=\"booster-icon twp-clock\"><\/i> <span>Read Time:<\/span>6 Minute, 55 Second                <\/div>\n\n            <\/div><div align=\"justify\">\n<p>&nbsp;<\/p>\n<blockquote>\n<h2 style=\"text-align: left;\">COMUNICADO DEL GREMIO TEATRAL COLOMBIANO A LA OPINI\u00d3N P\u00daBLICA SOBRE LA PRESENCIA DEL TEATRO COLOMBIANO EN LA XVI EDICI\u00d3N DEL FESTIVAL IBEROAMERICANO DE TEATRO DE BOGOT\u00c1 FITB 2018<\/h2>\n<\/blockquote>\n<p><strong>ANTECEDENTES: <img decoding=\"async\" class=\"size-medium wp-image-1311 alignright\" src=\"http:\/\/www.periodicolapislazuli.com\/noticias\/wp-content\/uploads\/2017\/12\/ReunionNov30ACAFITB2018-300x164.jpg\" alt=\"\" width=\"300\" height=\"164\" srcset=\"https:\/\/www.periodicolapislazuli.com\/noticias\/wp-content\/uploads\/2017\/12\/ReunionNov30ACAFITB2018-300x164.jpg 300w, https:\/\/www.periodicolapislazuli.com\/noticias\/wp-content\/uploads\/2017\/12\/ReunionNov30ACAFITB2018.jpg 657w\" sizes=\"(max-width: 300px) 100vw, 300px\" \/><\/strong><\/p>\n<p>La Asociaci\u00f3n colombiana de actores ACA representada por Julio Hern\u00e1n Correal, Rams\u00e9s Ramos y Adriana Romero H., fue convocada por la Junta del Festival Iberoamericano de Teatro 2018, para llevar a cabo una alianza y de esa manera encontrar caminos que garantizaran la presencia del teatro colombiano en la programaci\u00f3n del FITB.<\/p>\n<p>Despu\u00e9s de seis encuentros llegamos a algunos acuerdos, pero nunca logramos que se pudieran expresar de manera formal en una carta de compromiso dirigida al p\u00fablico, el gremio y los medios. Por esa raz\u00f3n, los representantes de la Junta de ACA dimos por terminadas las conversaciones y decidimos convocar a una gran reuni\u00f3n para que el gremio teatral del pa\u00eds, conociera la verdad acerca de la situaci\u00f3n del festival y la manera en la que recibir\u00eda los apoyos econ\u00f3micos por parte de las instituciones p\u00fablicas.<\/p>\n<p>Asistimos a una cita hist\u00f3rica. Por primera vez en muchos a\u00f1os, representantes de m\u00e1s de ciento cincuenta grupos y compa\u00f1\u00edas teatrales del pa\u00eds se encontraron de manera presencial y virtual, para debatir sobre la participaci\u00f3n del teatro colombiano en la pr\u00f3xima edici\u00f3n del FITB. A esa reuni\u00f3n, asistieron representantes del Ministerio de Cultura, del Instituto Distrital de las Artes IDARTES y de la Junta del FITB 2018.<\/p>\n<p>Los temas que se trataron durante la reuni\u00f3n giraron en torno a:<\/p>\n<ul>\n<li>El desinter\u00e9s de la Junta del festival en patrocinar la presencia del teatro colombiano dentro de la programaci\u00f3n al no ser un ejercicio econ\u00f3mico rentable.<\/li>\n<li>La convocatoria de Idartes para las compa\u00f1\u00edas a nivel distrital que obligaba a los grupos a ocuparse de labores de\u00a0 autogesti\u00f3n en producci\u00f3n y promoci\u00f3n de sus obras, siendo estas responsabilidades del festival.<\/li>\n<li>La falta de claridad por parte de la nueva administraci\u00f3n del FITB acerca de la manera como ejecutar\u00e1n el presupuesto entregado por el Ministerio de Cultura al festival.<\/li>\n<li>Y lo m\u00e1s grave quiz\u00e1s, el olvido total hacia el teatro por fuera de la capital que ninguna entidad p\u00fablica ni mucho menos la organizaci\u00f3n del festival ha querido garantizar o gestionar.<\/li>\n<\/ul>\n<p><a href=\"http:\/\/trk.masterbase.com\/v2\/MB\/43BE8FF8FC213E8AFDF5C6C0803C9A65123EACDBF6F1BD3AA43CC2AE9066FD5C8087E2670D0B5F32FCA91D4FBAC6F75596FF41BA13263CE18854116FC859D5E52CC3ED05A6B923C6BF6889A999927DF2721A0A0E5327DF762BEC9653BD3F201EC4E11A1829151012F7A55F1CA36E86E80845E070B8001A736FB69CF2A7981989BDA5B31BE57CDC088D9DE15DAC1C5047D77E7A00BF42F2C0406463FC84A2C24E4C7CB6E3B40EA2DB8B75671A6C520548F2B69AEE17353944791DE205F6D17F315159E61520FFED037E22C92C376C1BC1A6CC8BAD49C4CFFD40F9E1A683E93619756CEDF9F6AF34EA0604C60A187B50A1BD8885B1AEC78AEBE48C06C9450D9C2A65BD9B14937DC0DC207E3E0473BA748FBFCE280ECE9F1788F7EBCD11010C1C336145B445FD63FC0582EEBAD599080D73B12E1975D00D6B8BC66D8AB35563C2ABCDFD32229B1672515FFDE0560BC9EA2AA31FB51C974989B6C3FB978C5B1369545B752E1830CD38EC\" target=\"_blank\" rel=\"noopener noreferrer\"><img fetchpriority=\"high\" decoding=\"async\" src=\"http:\/\/images.masterbase.com\/v1\/tdeteatromktco\/b\/1\/ACA-FITB2018image1.jpeg\" alt=\"\" width=\"900\" height=\"300\" data-imagetype=\"External\" \/><\/a><\/p>\n<p>&nbsp;<\/p>\n<p><strong>RAZONES<\/strong><\/p>\n<p>Luego de m\u00e1s de cuatro \u00a0horas de discusi\u00f3n, debate y an\u00e1lisis, la comunidad teatral no encontr\u00f3 respuestas satisfactorias a sus inquietudes y reconoce no estar alineada ni con los principios actuales de la organizaci\u00f3n del Festival Iberoamericano de Teatro \u2013cuyo objetivo fundamental es el lucro y el rescate financiero del festival, sumido en una profunda crisis por la gesti\u00f3n de la junta directiva que administr\u00f3 las \u00faltimas cuatro ediciones, responsables directos del detrimento que este patrimonio inmaterial de la naci\u00f3n ha sufrido, y quienes siguen teniendo asiento en la nueva administraci\u00f3n, como ocurre con la se\u00f1ora Ana Marta de Pizarro, antigua directora del festival, quien seg\u00fan palabras de la nueva gerente es asesora y socia de la versi\u00f3n actual \u2013, ni con los mecanismos que hasta el momento han definido Idartes y el Ministerio de Cultura para apoyar el festival. Para ver la transmisi\u00f3n completa de la reuni\u00f3n, ingresa aqu\u00ed:<\/p>\n<\/div>\n<p><strong>LA DECISI\u00d3N<\/strong><\/p>\n<p>Los abajo firmantes, representantes del gremio teatral en Colombia decidimos:<\/p>\n<p><strong>NO PARTICIPAR EN LA XVI EDICI\u00d3N DEL FESTIVAL IBEROAMERICANO DE TEATRO DE BOGOT\u00c1 FITB 2018. <\/strong><\/p>\n<p><img decoding=\"async\" class=\"alignleft\" src=\"http:\/\/images.masterbase.com\/v1\/tdeteatromktco\/b\/1\/ACA-FITB2018.jpg\" alt=\"\" width=\"225\" height=\"225\" data-imagetype=\"External\" \/><\/p>\n<p><strong>PROPUESTA<\/strong><\/p>\n<p>El gremio teatral y la Asociaci\u00f3n colombiana de Actores ACA estamos dispuestos a iniciar procesos de di\u00e1logo para de esa manera encontrar caminos que nos lleven a solucionar el estado actual de la situaci\u00f3n. Este es solo un primer paso en un proceso que nos ha unido como gremio. Queremos lograr que el teatro colombiano \u00a0tenga el lugar que se merece, no solo en la programaci\u00f3n del FITB, sino en la pol\u00edtica p\u00fablica del distrito y del pa\u00eds.<\/p>\n<p><strong>Firman a los 04 d\u00edas del mes diciembre de 2017:<\/strong><\/p>\n<p><strong>LOS GRUPOS <\/strong><\/p>\n<p>\u00c1LVARO RESTREPO\u2028<strong>COLEGIO TEATRO DEL CUERPO <\/strong>&#8211; CARTAGENA<\/p>\n<p>ANDR\u00c9S RODR\u00cdGUEZ &#8211; <strong>CORPORACI\u00d3N CHANGUA TEATRO <\/strong><\/p>\n<p>PEDRO SALAZAR &#8211; <strong>COMPA\u00d1\u00cdA ESTABLE <\/strong><\/p>\n<p>JUAN CARLOS AGUDELO \u00a0&#8211; <strong>CASA DEL SILENCIO <\/strong><\/p>\n<p>JORGE MARIO ESCOBAR &#8211; <strong>COMPA\u00d1\u00cdA RUEDA ROJA <\/strong><\/p>\n<p>ALEJANDRO GONZ\u00c1LEZ PUCHE <strong>LABORATORIO ESC\u00c9NICO UNIVALLE<\/strong>&#8211; CALI<\/p>\n<p>KATALINA MOSKOWICTZ &#8211; <strong>LA NAVAJA DE OCKHAM <\/strong><\/p>\n<p>JUAN CARLOS MOYA\u2028<strong>COLECTIVO TEATRAL KUSSI HUAYRA <\/strong>&#8211; SANTANDER<\/p>\n<p>VER\u00d3NICA RODR\u00cdGUEZ &#8211; <strong>TEATRO LA MAMA <\/strong><\/p>\n<p>DIEGO FIGUEROA LYON &#8211; <strong>LA TROUPE <\/strong><\/p>\n<p>JOHAN VELANDIA URREGO &#8211; <strong>LA CONGREGACI\u00d3N <\/strong><\/p>\n<p>ROSA AMELIA MART\u00cdNEZ &#8211; <strong>EL GUAMBITEATRO <\/strong><\/p>\n<p>VICTORIA HERN\u00c1NDEZ &#8211; <strong>LA PUERTA ABIERTA <\/strong><\/p>\n<p>BEATRIZ CARVAJAL &#8211; <strong>TEATRO OCCIDENTE <\/strong><\/p>\n<p>YOSHY VELASCO &#8211; <strong>EL TEATRO DE LA CALLE TREINTA <\/strong><\/p>\n<p>JORGE HERRERA &#8211; <strong>GRUPO DE TEATRO ESACTO <\/strong><\/p>\n<p>ADELA DONAD\u00cdO &#8211; <strong>GRUPO ABRA TEATRO <\/strong><\/p>\n<p>EDGAR BARRERA &#8211; <strong>AMAUTA TEATRO <\/strong><\/p>\n<p>RICARDO D\u00c1VILA &#8211; <strong>LA CASA DE ATR\u00c1S TEATRO <\/strong><\/p>\n<p>JUAN CARLOS MAZO\u2028L<strong>A J\u00c1CARA MOJIGANGA <\/strong><\/p>\n<p>JORGE HUGO MAR\u00cdN &#8211; <strong>LA MALDITA VANIDAD <\/strong><\/p>\n<p>ARIEL MERCH\u00c1N &#8211; <strong>TEATRO EL BA\u00daL <\/strong><\/p>\n<p>PEDRO MIGUEL ROZO &#8211; <strong>TEATRO TEMPORAL <\/strong><\/p>\n<p>HERNANDO PARRA &#8211; <strong>TEATRO R101 <\/strong><\/p>\n<p>FABIO RUBIANO ORJUELA &#8211; <strong>TEATRO PETRA <\/strong><\/p>\n<p>JUAN CARLOS MOYANO &#8211; <strong>TEATRO TIERRA <\/strong><\/p>\n<p>ANDERSON BALSERO &#8211; <strong>GIMNASIO ACTORAL <\/strong><\/p>\n<p>MISAEL TORRES &#8211; <strong>ENSAMBLAJE TEATRO <\/strong><\/p>\n<p>TINO FERN\u00c1NDEZ &#8211; <strong>COMPA\u00d1\u00cdA L\u2019EXPLOSE <\/strong><\/p>\n<p>DANIEL CASTRO &#8211; <strong>CORPORACI\u00d3N TERCER ACTO <\/strong><\/p>\n<p>DANIEL CALDER\u00d3N &#8211; <strong>DECA TEATRO <\/strong><\/p>\n<p>ERIKA ORTEGA &#8211; <strong>LA VENTANA CIRCO <\/strong><\/p>\n<p>RODR\u00cdGO CANDAMIL &#8211; <strong>EL VULGAR TEATRO <\/strong><\/p>\n<p>JAIVER JURADO GIRALDO &#8211; <strong>TEATRO OFICINA CENTRAL DE LOS SUE\u00d1OS TEATRO MATACANDELAS <\/strong><\/p>\n<p>ALFONSO ORT\u00cdZ &#8211; <strong>TALLER CAJA DE HERRAMIENTAS <\/strong><\/p>\n<p>CAMILO CARVAJAL &#8211; <strong>ASOCIACI\u00d3N ART\u00cdSTICA EL ANHELO DEL SALM\u00d3N <\/strong><\/p>\n<p>ALEXIS ROJAS &#8211; <strong>QUINTA PICOTA Y PRODUCTORA RESORTERA <\/strong><\/p>\n<p>SIRLEY MART\u00cdNEZ &#8211; <strong>GRUPO TEATRO TALLER 406 <\/strong><\/p>\n<p>JULI\u00c1N POVEA D\u00cdAZ &#8211; <strong>LA 4TA COMPA\u00d1\u00cdA ESC\u00c9NICA IMPRORUANAS TEATRO DE IMPROVISACI\u00d3N. <\/strong><\/p>\n<p>FELIPE VERGARA &#8211; <strong>LA BARRACUDA CARMELA <\/strong><\/p>\n<p>FABIANA MEDINA &#8211; <strong>MUKASHI &#8211; MUKASKI <\/strong><\/p>\n<p>ANA MAR\u00cdA OCHOA ROJAS\u2028<strong>LA FANFARRIA <\/strong>TEATRO &#8211; MEDELLIN<\/p>\n<p>IV\u00c1N CARAJAL &#8211; <strong>QUINTA PICOTA <\/strong><\/p>\n<p>MAT\u00cdAS MALDONADO &#8211; <strong>TEATRO DEL EMBUSTE <\/strong><\/p>\n<p>\u00c1NGELA G\u00d3MEZ &#8211; <strong>ARI COLOMBIA <\/strong><\/p>\n<p>FELIPE ORT\u00cdZ &#8211; <strong>LA GATA CIRKO <\/strong><\/p>\n<p>DIEGO SALDARRIAGA Y JUAN FELIPE GIRALDO &#8211; <strong>COMPA\u00d1\u00cdA TEATRIADOS. MEDELL\u00cdN <\/strong><\/p>\n<p>CATALINA DEL CASTILLO &#8211; <strong>COMPA\u00d1\u00cdA LAS BUENAS <\/strong><\/p>\n<p>JUAN CARLOS AGUILAR &#8211; <strong>COMPA\u00d1\u00cdA LACLAU TEATRAL <\/strong><\/p>\n<p>ALBEIRO P\u00c9REZ &#8211; <strong>PEQUE\u00d1O TEATRO <\/strong><\/p>\n<p>BRAULIO MANTILLA &#8211; <strong>AGRUPACION MET\u00c1STASIS ACTO &#8211; <\/strong>BUCARAMANGA<\/p>\n<p>RICARDO ESPA\u00d1A\u2028<strong>COMPA\u00d1\u00cdA DERREOJO TEATRO <\/strong>&#8211; MEDELL\u00cdN<\/p>\n<p>ELOISA JARAMILLO &#8211; <strong>RED DE ARTES VIVAS <\/strong><\/p>\n<p>FERNANDO MONTES &#8211; <strong>TEATRO VARASANTA <\/strong><\/p>\n<p>JORGE NAIZIR BANQUEZ &#8211; <strong>TEATRO TALLER ATAHUALPA\u2028<\/strong><\/p>\n<p><strong>TEATRO RECULA DEL OVEJO DE CARTAGENA <\/strong><\/p>\n<p>SANDRA BARRERA &#8211; <strong>TEATRO CORFESCU &#8211; BUCARAMANGA <\/strong><\/p>\n<p>JUAN ROGELIO FRANCO HERN\u00c1NDEZ &#8211; <strong>ZAMBO TEATRO <\/strong>CARTAGENA<\/p>\n<p>FERNANDO VIDAL\u2028<strong>PROYECTO ESC\u00c9NICO VIENTO RASPAO <\/strong>&#8211; CALI<\/p>\n<p>LIZARDO FLOREZ MEDINA\u2028<strong>CORPORACI\u00d3N TEATRO PFU <\/strong>&#8211; BUCARAMANGA<\/p>\n<p>KATTIA WONG\u2028<strong>A TODAS VOCES TEATRO <\/strong>&#8211; BARRANQUILLA<\/p>\n<p>RODR\u00cdGO RODR\u00cdGUEZ dramaturgo en v\u00eda de extinci\u00f3n\u2028<strong>DITIRAMBO TEATRO <\/strong><\/p>\n<p>LAURA MILENA BOLA\u00d1OS PULIDO \u00a0&#8211; <strong>COLECTIVO TEATROFONIA <\/strong><\/p>\n<p>MARISOL CORREA &#8211; <strong>CORPORACI\u00d3N PICNIC <\/strong><\/p>\n<p>YACQUELINE SALAZAR HERRERA &#8211; <strong>LABORATORIO ESC\u00c9NICO ATENEO <\/strong><\/p>\n<p>XIOMARA NAVARRO &#8211; <strong>COMPA\u00d1\u00cdA ZAJANA DANZA <\/strong><\/p>\n<p>DANIEL BOTERO &#8211; <strong>TEATRO CHARLOT <\/strong><\/p>\n<p>LIS\u00cdMACO NU\u00d1EZ &#8211; <strong>TEATRO LA CONCHA. <\/strong><\/p>\n<p>PAZTO BOLA\u00d1OS\u2028<strong>FUNDACION ALEPH <\/strong>&#8211; PASTO<\/p>\n<p>LUIS ENR\u00cdQUE MART\u00cdNEZ ROMERO <strong>COLECTIVO MADEROS TEATRO <\/strong><\/p>\n<p>YUDI YESENIA GARC\u00cdA &#8211; <strong>CORPORACI\u00d3N TIERRA DE FUEGO COTIFU <\/strong><\/p>\n<p>IVAN DAR\u00cdO FORERO NAVA &#8211; <strong>CORPORACI\u00d3N LABORATORIO ESC\u00c9NICO NACIONAL <\/strong><\/p>\n<p>MILTON LOPEZARRUBLA &#8211; <strong>MAMARRACHO (FIESTA CASERA PAYASA) <\/strong><\/p>\n<p>FERNANDO ZAPATA\u2028<strong>TACITA E PLATA <\/strong>\u2013 MEDELLIN<\/p>\n<p>\u00c1NGEL \u00c1VILA. &#8211; <strong>COLECTIVO LA PRENDA <\/strong><\/p>\n<p>BELLALUZ GUTI\u00c9RREZ &#8211; <strong>DANZA COM\u00daN <\/strong><\/p>\n<p>CARLOS AGUILAR &#8211; <strong>COMPA\u00d1\u00cdA TEATRAL LACLAU <\/strong><\/p>\n<p>ANG\u00c9LICA GARC\u00cdA &#8211; <strong>LA NADA TEATRO <\/strong><\/p>\n<p>MAIA LANDABURU \u2013 <strong>MARCAPASOS<\/strong><\/p>\n<p><strong>ACTORES Y ACTRICES <\/strong><\/p>\n<p>JUAN PABLO ACOSTA \u2028\u2022 H\u00c9CTOR S\u00c1NCHEZ \u2028\u2022 JASON RAM\u00cdREZ \u2028\u2022 ANDREA S\u00c1NCHEZ \u2028\u2022 GIORGI \u2028\u2022 ANDR\u00c9S MOURE \u2028\u2022 ANDR\u00c9S PARRA \u2028\u2022 FABI\u00c1N MENDOZA \u2028\u2022 MARLE CLARISSA CUADROS \u2028BELE\u00d1O \u2028\u2022 RAFAEL ALBERTO MORENO \u2028\u2022 DEILER D\u00cdAZ ARZUAGA \u2028\u2022 JHONATAN LUIS YERENA \u2028\u2022 FERNANDO DE LA PAVA \u2028\u2022 ANG\u00c9LICA GARC\u00cdA \u2028\u2022 WILLIAM HURTADO GOMEZ \u2028\u2022 CAROLINA MEJ\u00cdA \u2028\u2022 ANA MAR\u00cdA VALLEJO \u2028\u2022 MARCELA MORA LEMUS \u2028\u2022 DIEGO FIGUEROA \u2028\u2022 ROSARIO JARAMILLO \u2028\u2022 SANTIAGO ALARC\u00d3N \u2028\u2022 C\u00c9SAR \u00c1LVAREZ \u2028\u2022 DANILO ALEJANDRO SMITH \u2028\u2022 EDWARD G\u00d3MEZ \u2028\u2022 DIANA BELMONTE \u2028\u2022 CARLOS EDUARDO SEP\u00daLVEDA \u2028\u2022 NATALIA CUELLAR GIRALDO \u2022 CAROLINA CUERVO NAVIA \u2028\u2022 CAROLINA BELTR\u00c1N\u2028\u2022 FABIO VERDUGO FLOREZ\u2028\u2022 LUIS ALEJANDRO ROA\u2028\u2022 CATALINA BOTERO\u2028\u2022 LUISA MONTOYA\u2028\u2022 LINDA VIVIANA CARRE\u00d1O\u2028\u2022 CAROLINA SOF\u00cdA RODR\u00cdGUEZ \u2022 VIVIANA SIERRA\u2028\u2022 PAULA ESTRADA\u2028\u2022 CECILIA NAVIA\u2028\u2022 SEBASTI\u00c1N ILLERA\u2028\u2022 JUANA ARBOLEDA\u2028\u2022 MAGDA GONZ\u00c1LEZ\u2028\u2022 JONATAN CABRERA\u2028\u2022 MAR\u00cdA ADELAIDA PALACIO\u2028\u2022 JUAN SEBASTI\u00c1N ARAG\u00d3N\u2028\u2022 CESAR AUGUSTO \u00c1LVAREZ\u2028\u2022 M\u00d3NICA GIRALDO\u2028\u2022 DIANA JARAMILLO\u2028\u2022 NICOL\u00c1S D\u00c1VILA\u2028\u2022 REINA S\u00c1NCHEZ\u2028\u2022 RAMS\u00c9S RAMOS\u2028\u2022 LORENA L\u00d3PEZ\u2028\u2022 JIMENA DUR\u00c1N\u2028\u2022 EPIFANIO AR\u00c9VALO\u2028\u2022 ERNESTO BENJUMEA\u2028\u2022 MARCELA BENJUMEA\u2028\u2022 DIANA \u00c1NGEL \u2022 ANA MAR\u00cdA OCHOA ROJAS \u2022 MARCELA VALENCIA\u2028\u2022 ANDREA QUEJUAN\u2028\u2022 KATHERINE V\u00c9LEZ \u2022 ERIK LEYTON ARIAS\u2028\u2022 JUAN FELIPE GIRALDO\u2028\u2022 PATRICK DELMAS\u2028\u2022 MIGUEL DIAGO\u2028\u2022 EDGAR DUR\u00c1N GALINDO \u2022 MARCELA MAR\u2028\u2022 ARNOLD CANTILLO\u2028\u2022 ALEJANDRO L\u00d3PEZ\u2028\u2022 MARIA KAMILA CARDONA \u2022 GABRIEL CAMERO\u2028\u2022 TOM\u00c1S JARAMILLO\u2028\u2022 CAMILO CARVAJAL\u2028\u2022 DIEGO V\u00c9LEZ\u2028\u2022 RAFAEL ZEA\u2028\u2022 CARLOS ALBERTO URREA \u2022 DANIEL ORRANTIA\u2028\u2022 FELIPE ORT\u00cdZ\u2028\u2022 ADRIANA ROMERO H. \u2022 WILSON GARC\u00cdA \u2028\u2022 ADRIANA OSORIO \u2028\u2022 CARMENZA GONZ\u00c1LEZ \u2028\u2022 JUAN \u00c1NGEL \u2028\u2022 JULIANA REYES \u2028\u2022 LILIANA ESCOBAR \u2028\u2022 ANA MAR\u00cdA S\u00c1NCHEZ \u2028\u2022 CATHERINE GUTIERREZ \u2028\u2022 CRISTIAN VILLAMIL \u2028\u2022 FABI\u00c1N ANDR\u00c9S MEJ\u00cdA \u2028\u2022 MARCO ANTONIO L\u00d3PEZ \u2028SALAMANCA \u2028\u2022 VERONICA OCHOA \u2028\u2022 LUZ ADRIANA GUTI\u00c9RREZ \u2028\u2022 JULIAN ROM\u00c1N \u2028\u2022 JULIO CORREAL \u2028\u2022 LUCHO VELASCO \u2028\u2022 JUAN LUNA \u2028\u2022 DANILO ALEJANDRO SMITH \u2028\u2022 AMPARO CONDE \u2028\u2022 MAJIDA ISSA \u2028\u2022 DENIS MERCADO MORENO \u2028\u2022 ELIRIS SIERRA G\u00d3MEZ \u2028\u2022 GRACE BERNIER PADILLA \u2028\u2022 AVIGAVIL ACEVEDO TORRES \u2028\u2022 CLAUDIA RAM\u00cdREZ CASILIMAS \u2028\u2022 RA\u00daL CIFUENTES L\u00d3PEZ \u2028\u2022 PAOLA ANDREA RAM\u00cdREZ \u2028\u2022 RUTH HELENA JARAMILLO \u2028\u2022 PAOLA GUARNIZO \u2028\u2022 JUAN TARQUINO \u2028\u2022 ANG\u00c9LICA BLAND\u00d3N \u2028\u2022 LEONARDO CAICEDO \u2028\u2022 PAULA MALIK \u2028\u2022 ELLA MARGARITA BECERRA \u2028\u2022 ANG\u00c9LICA PRIETO \u2028\u2022 PAOLA BENJUMEA \u2028\u2022 LUZ ADRIANA GUTI\u00c9RREZ \u2028\u2022 LUCHO GUZMAN \u2028\u2022 CAMILA CASABLANCA \u2028\u2022 VALENTINA LINARES \u2028\u2022 RODR\u00cdGO CELIS \u2028\u2022 ROBERTO ROBLES \u2028\u2022 JIMMY RANGEL \u2028\u2022 RAFAEL S\u00c1NCHEZ \u2028\u2022 JAVIER RIVEROS \u2028\u2022 NICOL\u00c1S MONTERO.<\/p>\n<p><img loading=\"lazy\" decoding=\"async\" src=\"http:\/\/trk.masterbase.com\/v2\/MB\/AB008D63ED707B73AF5438F8F447E6D13F96635C2B9B266625F11E73A4032AA51341648F04CE309C5C743717A37EAECC30D3E2AF21CE911C459401783A73AE83515986627449AB3B350B6F4DC138CDF6\/blank.png\" width=\"1\" height=\"1\" border=\"0\" data-imagetype=\"External\" \/><\/p>\n<div class=\"pvc_clear\"><\/div>\n<p id=\"pvc_stats_1310\" class=\"pvc_stats all  \" data-element-id=\"1310\" style=\"\"><i class=\"pvc-stats-icon large\" aria-hidden=\"true\"><svg aria-hidden=\"true\" focusable=\"false\" data-prefix=\"far\" data-icon=\"chart-bar\" role=\"img\" xmlns=\"http:\/\/www.w3.org\/2000\/svg\" viewBox=\"0 0 512 512\" class=\"svg-inline--fa fa-chart-bar fa-w-16 fa-2x\"><path fill=\"currentColor\" d=\"M396.8 352h22.4c6.4 0 12.8-6.4 12.8-12.8V108.8c0-6.4-6.4-12.8-12.8-12.8h-22.4c-6.4 0-12.8 6.4-12.8 12.8v230.4c0 6.4 6.4 12.8 12.8 12.8zm-192 0h22.4c6.4 0 12.8-6.4 12.8-12.8V140.8c0-6.4-6.4-12.8-12.8-12.8h-22.4c-6.4 0-12.8 6.4-12.8 12.8v198.4c0 6.4 6.4 12.8 12.8 12.8zm96 0h22.4c6.4 0 12.8-6.4 12.8-12.8V204.8c0-6.4-6.4-12.8-12.8-12.8h-22.4c-6.4 0-12.8 6.4-12.8 12.8v134.4c0 6.4 6.4 12.8 12.8 12.8zM496 400H48V80c0-8.84-7.16-16-16-16H16C7.16 64 0 71.16 0 80v336c0 17.67 14.33 32 32 32h464c8.84 0 16-7.16 16-16v-16c0-8.84-7.16-16-16-16zm-387.2-48h22.4c6.4 0 12.8-6.4 12.8-12.8v-70.4c0-6.4-6.4-12.8-12.8-12.8h-22.4c-6.4 0-12.8 6.4-12.8 12.8v70.4c0 6.4 6.4 12.8 12.8 12.8z\" class=\"\"><\/path><\/svg><\/i> <img loading=\"lazy\" decoding=\"async\" width=\"16\" height=\"16\" alt=\"Loading\" src=\"https:\/\/www.periodicolapislazuli.com\/noticias\/wp-content\/plugins\/page-views-count\/ajax-loader-2x.gif\" border=0 \/><\/p>\n<div class=\"pvc_clear\"><\/div>\n        <div class=\"booster-block booster-reactions-block\">\n            <div class=\"twp-reactions-icons\">\n                \n                <div class=\"twp-reacts-wrap\">\n                    <a react-data=\"be-react-1\" post-id=\"1310\" class=\"be-face-icons un-reacted\" href=\"javascript:void(0)\">\n                        <img decoding=\"async\" src=\"https:\/\/www.periodicolapislazuli.com\/noticias\/wp-content\/plugins\/booster-extension\/\/assets\/icon\/happy.svg\" alt=\"Happy\">\n                    <\/a>\n                    <div class=\"twp-reaction-title\">\n                        Happy                    <\/div>\n                    <div class=\"twp-count-percent\">\n                                                    <span style=\"display: none;\" class=\"twp-react-count\">0<\/span>\n                        \n                                                <span class=\"twp-react-percent\"><span>0<\/span> %<\/span>\n                                            <\/div>\n                <\/div>\n\n                <div class=\"twp-reacts-wrap\">\n                    <a react-data=\"be-react-2\" post-id=\"1310\" class=\"be-face-icons un-reacted\" href=\"javascript:void(0)\">\n                        <img decoding=\"async\" src=\"https:\/\/www.periodicolapislazuli.com\/noticias\/wp-content\/plugins\/booster-extension\/\/assets\/icon\/sad.svg\" alt=\"Sad\">\n                    <\/a>\n                    <div class=\"twp-reaction-title\">\n                        Sad                    <\/div>\n                    <div class=\"twp-count-percent\">\n                                                    <span style=\"display: none;\" class=\"twp-react-count\">0<\/span>\n                                                                        <span class=\"twp-react-percent\"><span>0<\/span> %<\/span>\n                                            <\/div>\n                <\/div>\n\n                <div class=\"twp-reacts-wrap\">\n                    <a react-data=\"be-react-3\" post-id=\"1310\" class=\"be-face-icons un-reacted\" href=\"javascript:void(0)\">\n                        <img decoding=\"async\" src=\"https:\/\/www.periodicolapislazuli.com\/noticias\/wp-content\/plugins\/booster-extension\/\/assets\/icon\/excited.svg\" alt=\"Excited\">\n                    <\/a>\n                    <div class=\"twp-reaction-title\">\n                        Excited                    <\/div>\n                    <div class=\"twp-count-percent\">\n                                                    <span style=\"display: none;\" class=\"twp-react-count\">0<\/span>\n                                                                        <span class=\"twp-react-percent\"><span>0<\/span> %<\/span>\n                                            <\/div>\n                <\/div>\n\n                <div class=\"twp-reacts-wrap\">\n                    <a react-data=\"be-react-6\" post-id=\"1310\" class=\"be-face-icons un-reacted\" href=\"javascript:void(0)\">\n                        <img decoding=\"async\" src=\"https:\/\/www.periodicolapislazuli.com\/noticias\/wp-content\/plugins\/booster-extension\/\/assets\/icon\/sleepy.svg\" alt=\"Sleepy\">\n                    <\/a>\n                    <div class=\"twp-reaction-title\">\n                        Sleepy                    <\/div>\n                    <div class=\"twp-count-percent\">\n                                                    <span style=\"display: none;\" class=\"twp-react-count\">0<\/span>\n                        \n                                                <span class=\"twp-react-percent\"><span>0<\/span> %<\/span>\n                                            <\/div>\n                <\/div>\n\n                <div class=\"twp-reacts-wrap\">\n                    <a react-data=\"be-react-4\" post-id=\"1310\" class=\"be-face-icons un-reacted\" href=\"javascript:void(0)\">\n                        <img decoding=\"async\" src=\"https:\/\/www.periodicolapislazuli.com\/noticias\/wp-content\/plugins\/booster-extension\/\/assets\/icon\/angry.svg\" alt=\"Angry\">\n                    <\/a>\n                    <div class=\"twp-reaction-title\">Angry<\/div>\n                    <div class=\"twp-count-percent\">\n                                                    <span style=\"display: none;\" class=\"twp-react-count\">0<\/span>\n                                                                        <span class=\"twp-react-percent\"><span>0<\/span> %<\/span>\n                        \n                    <\/div>\n                <\/div>\n\n                <div class=\"twp-reacts-wrap\">\n                    <a react-data=\"be-react-5\" post-id=\"1310\" class=\"be-face-icons un-reacted\" href=\"javascript:void(0)\">\n                        <img decoding=\"async\" src=\"https:\/\/www.periodicolapislazuli.com\/noticias\/wp-content\/plugins\/booster-extension\/\/assets\/icon\/surprise.svg\" alt=\"Surprise\">\n                    <\/a>\n                    <div class=\"twp-reaction-title\">Surprise<\/div>\n                    <div class=\"twp-count-percent\">\n                                                    <span style=\"display: none;\" class=\"twp-react-count\">0<\/span>\n                                                                        <span class=\"twp-react-percent\"><span>0<\/span> %<\/span>\n                                            <\/div>\n                <\/div>\n\n            <\/div>\n        <\/div>\n\n    ","protected":false},"excerpt":{"rendered":"<p>el olvido total hacia el teatro por fuera de la capital que ninguna entidad p\u00fablica ni mucho menos la organizaci\u00f3n del festival ha querido garantizar o gestionar.<\/p>\n<div class=\"pvc_clear\"><\/div>\n<p id=\"pvc_stats_1310\" class=\"pvc_stats all  \" data-element-id=\"1310\" style=\"\"><i class=\"pvc-stats-icon large\" aria-hidden=\"true\"><svg aria-hidden=\"true\" focusable=\"false\" data-prefix=\"far\" data-icon=\"chart-bar\" role=\"img\" xmlns=\"http:\/\/www.w3.org\/2000\/svg\" viewBox=\"0 0 512 512\" class=\"svg-inline--fa fa-chart-bar fa-w-16 fa-2x\"><path fill=\"currentColor\" d=\"M396.8 352h22.4c6.4 0 12.8-6.4 12.8-12.8V108.8c0-6.4-6.4-12.8-12.8-12.8h-22.4c-6.4 0-12.8 6.4-12.8 12.8v230.4c0 6.4 6.4 12.8 12.8 12.8zm-192 0h22.4c6.4 0 12.8-6.4 12.8-12.8V140.8c0-6.4-6.4-12.8-12.8-12.8h-22.4c-6.4 0-12.8 6.4-12.8 12.8v198.4c0 6.4 6.4 12.8 12.8 12.8zm96 0h22.4c6.4 0 12.8-6.4 12.8-12.8V204.8c0-6.4-6.4-12.8-12.8-12.8h-22.4c-6.4 0-12.8 6.4-12.8 12.8v134.4c0 6.4 6.4 12.8 12.8 12.8zM496 400H48V80c0-8.84-7.16-16-16-16H16C7.16 64 0 71.16 0 80v336c0 17.67 14.33 32 32 32h464c8.84 0 16-7.16 16-16v-16c0-8.84-7.16-16-16-16zm-387.2-48h22.4c6.4 0 12.8-6.4 12.8-12.8v-70.4c0-6.4-6.4-12.8-12.8-12.8h-22.4c-6.4 0-12.8 6.4-12.8 12.8v70.4c0 6.4 6.4 12.8 12.8 12.8z\" class=\"\"><\/path><\/svg><\/i> <img loading=\"lazy\" decoding=\"async\" width=\"16\" height=\"16\" alt=\"Loading\" src=\"https:\/\/www.periodicolapislazuli.com\/noticias\/wp-content\/plugins\/page-views-count\/ajax-loader-2x.gif\" border=0 \/><\/p>\n<div class=\"pvc_clear\"><\/div>\n","protected":false},"author":1,"featured_media":1312,"comment_status":"closed","ping_status":"open","sticky":false,"template":"","format":"standard","meta":{"om_disable_all_campaigns":false,"pagelayer_contact_templates":[],"_pagelayer_content":"","_monsterinsights_skip_tracking":false,"_monsterinsights_sitenote_active":false,"_monsterinsights_sitenote_note":"","_monsterinsights_sitenote_category":0,"footnotes":""},"categories":[3,28],"tags":[660,313,659,661,662],"class_list":["post-1310","post","type-post","status-publish","format-standard","has-post-thumbnail","hentry","category-actualidad","category-teatro","tag-aca","tag-actores","tag-asociacion-colombiana-de-actores","tag-festival-iberoamericano-de-teatro-de-bogota","tag-fitb"],"a3_pvc":{"activated":true,"total_views":613,"today_views":0},"jetpack_featured_media_url":"https:\/\/www.periodicolapislazuli.com\/noticias\/wp-content\/uploads\/2017\/12\/ACA-FITB2018.jpg","_links":{"self":[{"href":"https:\/\/www.periodicolapislazuli.com\/noticias\/wp-json\/wp\/v2\/posts\/1310","targetHints":{"allow":["GET"]}}],"collection":[{"href":"https:\/\/www.periodicolapislazuli.com\/noticias\/wp-json\/wp\/v2\/posts"}],"about":[{"href":"https:\/\/www.periodicolapislazuli.com\/noticias\/wp-json\/wp\/v2\/types\/post"}],"author":[{"embeddable":true,"href":"https:\/\/www.periodicolapislazuli.com\/noticias\/wp-json\/wp\/v2\/users\/1"}],"replies":[{"embeddable":true,"href":"https:\/\/www.periodicolapislazuli.com\/noticias\/wp-json\/wp\/v2\/comments?post=1310"}],"version-history":[{"count":2,"href":"https:\/\/www.periodicolapislazuli.com\/noticias\/wp-json\/wp\/v2\/posts\/1310\/revisions"}],"predecessor-version":[{"id":1314,"href":"https:\/\/www.periodicolapislazuli.com\/noticias\/wp-json\/wp\/v2\/posts\/1310\/revisions\/1314"}],"wp:featuredmedia":[{"embeddable":true,"href":"https:\/\/www.periodicolapislazuli.com\/noticias\/wp-json\/wp\/v2\/media\/1312"}],"wp:attachment":[{"href":"https:\/\/www.periodicolapislazuli.com\/noticias\/wp-json\/wp\/v2\/media?parent=1310"}],"wp:term":[{"taxonomy":"category","embeddable":true,"href":"https:\/\/www.periodicolapislazuli.com\/noticias\/wp-json\/wp\/v2\/categories?post=1310"},{"taxonomy":"post_tag","embeddable":true,"href":"https:\/\/www.periodicolapislazuli.com\/noticias\/wp-json\/wp\/v2\/tags?post=1310"}],"curies":[{"name":"wp","href":"https:\/\/api.w.org\/{rel}","templated":true}]}}