{"id":1307,"date":"2017-12-05T20:13:56","date_gmt":"2017-12-05T20:13:56","guid":{"rendered":"http:\/\/www.periodicolapislazuli.com\/noticias\/?p=1307"},"modified":"2017-12-05T20:13:56","modified_gmt":"2017-12-05T20:13:56","slug":"abierta-la-convocatoria-concurso-novela-crimenes-2018","status":"publish","type":"post","link":"https:\/\/www.periodicolapislazuli.com\/noticias\/abierta-la-convocatoria-concurso-novela-crimenes-2018\/","title":{"rendered":"Abierta la convocatoria para el concurso de novela de cr\u00edmenes 2018"},"content":{"rendered":"<div class='booster-block booster-read-block'>\n                <div class=\"twp-read-time\">\n                \t<i class=\"booster-icon twp-clock\"><\/i> <span>Read Time:<\/span>3 Minute, 5 Second                <\/div>\n\n            <\/div><div align=\"justify\">\n<p>La Universidad de Antioquia y la Alcald\u00eda de Medell\u00edn-Colombia invitan a la comunidad acad\u00e9mica del mundo entero y en general a las personas interesadas en la literatura negra o de cr\u00edmenes a enviar sus novelas del g\u00e9nero para participar en el VII Concurso de Novela de Cr\u00edmenes Medell\u00edn Negro.<\/p>\n<p>El proyecto Medell\u00edn Negro en que se enmarca este certamen estimula la reflexi\u00f3n \u00e9tica y est\u00e9tica sobre el sentido del crimen para las sociedades contempor\u00e1neas: \u00bfqu\u00e9 se considera crimen en un momento dado, a qu\u00e9 supuestos sociales o culturales responde (el mercado, la hegemon\u00eda cultural de centros dominantes, la preeminencia de discursos pol\u00edticamente correctos o la persistencia de ideales tradicionales de justicia, orden o derecho) y cu\u00e1les son sus representaciones literarias?<\/p>\n<p>En su s\u00e9ptima versi\u00f3n, el Proyecto Acad\u00e9mico Medell\u00edn Negro busca impulsar la reflexi\u00f3n en torno a los l\u00edmites de la rep\u00fablica, un modelo que da nombre a numerosos pa\u00edses \u2013Rep\u00fablica de Colombia, R\u00e9publique fran\u00e7aise, Rep\u00fablica Argentina, Rep\u00fablica Popular China, Rep\u00fablica de Cuba\u2026\u2014, y que ha generado debate en Estados Unidos y los reinos de Espa\u00f1a, B\u00e9lgica y los Pa\u00edses Bajos, en funci\u00f3n de la idea moderna de democracia.<\/p>\n<p>En particular, el VII Concurso de Novela de Cr\u00edmenes Medell\u00edn Negro girar\u00e1 en torno a las distintas concepciones de la rep\u00fablica y la democracia, dos modelos que, pese a que suelen relacionarse, se diferencian en la importancia que cada uno le otorga a la ley como principio rector del gobierno. T\u00f3picos como el imperio de la ley y la soberan\u00eda nacional en medio de la globalizaci\u00f3n econ\u00f3mica, pol\u00edtica, tecnol\u00f3gica y cultural, as\u00ed como las pautas del mercado internacional, el capitalismo o las instituciones supranacionales tienen gran relevancia en la novela de cr\u00edmenes, lo mismo que las visiones del federalismo y la democracia, de la justicia, la libertad pol\u00edtica y el voto popular.<\/p>\n<p>Bases<\/p>\n<p>1. Podr\u00e1n participar autores de cualquier nacionalidad.<\/p>\n<p>2. Las obras deber\u00e1n ser originales e in\u00e9ditas, estar escritas en espa\u00f1ol, no haber sido premiadas con anterioridad en ning\u00fan certamen y estar libres de compromisos de edici\u00f3n, tanto al momento de su admisi\u00f3n como al de la proclamaci\u00f3n del fallo.<\/p>\n<p>3. El tema de las obras deber\u00e1 girar en torno a torno a las distintas concepciones de la rep\u00fablica y la democracia.<\/p>\n<p>4. La extensi\u00f3n m\u00ednima ser\u00e1 de 150 p\u00e1ginas y se presentar\u00e1 en formato PDF, a doble espacio, letra Times New Roman de 12 puntos, m\u00e1rgenes de 3 cm. y p\u00e1ginas numeradas.<\/p>\n<p>5. Los participantes deber\u00e1n escoger un seud\u00f3nimo con el cual firmar\u00e1n la obra en el formato PDF. Las novelas que no incluyan el nombre de la obra y el seud\u00f3nimo en el formato PDF ser\u00e1n descalificadas.<\/p>\n<p>6. La novela deber\u00e1 enviarse al correo electr\u00f3nico concurso.noveladecrimenes@gmail.com, indicando en el asunto: \u201cPara Concurso de Novela de Cr\u00edmenes Medell\u00edn Negro 2018\u201d. Se deber\u00e1n adjuntar dos archivos en formato PDF: uno que contendr\u00e1 la novela y se titular\u00e1 como esta, y otro que se nombrar\u00e1 con el seud\u00f3nimo del autor y contendr\u00e1 sus datos: nombres y apellidos, seud\u00f3nimo, n\u00famero de c\u00e9dula de ciudadan\u00eda o documento an\u00e1logo, nombre de la novela concursante, domicilio, direcci\u00f3n de correo electr\u00f3nico y tel\u00e9fono.<\/p>\n<p>Calendario<\/p>\n<p>1. El plazo de recepci\u00f3n de obras ser\u00e1 del 20 de noviembre de 2017 al 9 de abril de 2018.<\/p>\n<p>2. La premiaci\u00f3n se realizar\u00e1 en el marco del IX Congreso Internacional de Literatura Medell\u00edn Negro, que tendr\u00e1 lugar en el mes de septiembre de 2018.<\/p>\n<p>Premios<\/p>\n<p>1. Se seleccionar\u00e1 una novela ganadora y dos finalistas.<\/p>\n<p>2. La novela ganadora ser\u00e1 publicada por una editorial de reconocido prestigio.<\/p>\n<p>3. El ganador ser\u00e1 invitado al IX Congreso Internacional de Literatura Medell\u00edn Negro. Esta invitaci\u00f3n incluir\u00eda tiquetes y alojamiento.<\/p>\n<p>4. El premio podr\u00e1 ser declarado desierto.<\/p>\n<\/div>\n<div class=\"pvc_clear\"><\/div>\n<p id=\"pvc_stats_1307\" class=\"pvc_stats all  \" data-element-id=\"1307\" style=\"\"><i class=\"pvc-stats-icon large\" aria-hidden=\"true\"><svg aria-hidden=\"true\" focusable=\"false\" data-prefix=\"far\" data-icon=\"chart-bar\" role=\"img\" xmlns=\"http:\/\/www.w3.org\/2000\/svg\" viewBox=\"0 0 512 512\" class=\"svg-inline--fa fa-chart-bar fa-w-16 fa-2x\"><path fill=\"currentColor\" d=\"M396.8 352h22.4c6.4 0 12.8-6.4 12.8-12.8V108.8c0-6.4-6.4-12.8-12.8-12.8h-22.4c-6.4 0-12.8 6.4-12.8 12.8v230.4c0 6.4 6.4 12.8 12.8 12.8zm-192 0h22.4c6.4 0 12.8-6.4 12.8-12.8V140.8c0-6.4-6.4-12.8-12.8-12.8h-22.4c-6.4 0-12.8 6.4-12.8 12.8v198.4c0 6.4 6.4 12.8 12.8 12.8zm96 0h22.4c6.4 0 12.8-6.4 12.8-12.8V204.8c0-6.4-6.4-12.8-12.8-12.8h-22.4c-6.4 0-12.8 6.4-12.8 12.8v134.4c0 6.4 6.4 12.8 12.8 12.8zM496 400H48V80c0-8.84-7.16-16-16-16H16C7.16 64 0 71.16 0 80v336c0 17.67 14.33 32 32 32h464c8.84 0 16-7.16 16-16v-16c0-8.84-7.16-16-16-16zm-387.2-48h22.4c6.4 0 12.8-6.4 12.8-12.8v-70.4c0-6.4-6.4-12.8-12.8-12.8h-22.4c-6.4 0-12.8 6.4-12.8 12.8v70.4c0 6.4 6.4 12.8 12.8 12.8z\" class=\"\"><\/path><\/svg><\/i> <img decoding=\"async\" width=\"16\" height=\"16\" alt=\"Loading\" src=\"https:\/\/www.periodicolapislazuli.com\/noticias\/wp-content\/plugins\/page-views-count\/ajax-loader-2x.gif\" border=0 \/><\/p>\n<div class=\"pvc_clear\"><\/div>\n        <div class=\"booster-block booster-reactions-block\">\n            <div class=\"twp-reactions-icons\">\n                \n                <div class=\"twp-reacts-wrap\">\n                    <a react-data=\"be-react-1\" post-id=\"1307\" class=\"be-face-icons un-reacted\" href=\"javascript:void(0)\">\n                        <img decoding=\"async\" src=\"https:\/\/www.periodicolapislazuli.com\/noticias\/wp-content\/plugins\/booster-extension\/\/assets\/icon\/happy.svg\" alt=\"Happy\">\n                    <\/a>\n                    <div class=\"twp-reaction-title\">\n                        Happy                    <\/div>\n                    <div class=\"twp-count-percent\">\n                                                    <span style=\"display: none;\" class=\"twp-react-count\">0<\/span>\n                        \n                                                <span class=\"twp-react-percent\"><span>0<\/span> %<\/span>\n                                            <\/div>\n                <\/div>\n\n                <div class=\"twp-reacts-wrap\">\n                    <a react-data=\"be-react-2\" post-id=\"1307\" class=\"be-face-icons un-reacted\" href=\"javascript:void(0)\">\n                        <img decoding=\"async\" src=\"https:\/\/www.periodicolapislazuli.com\/noticias\/wp-content\/plugins\/booster-extension\/\/assets\/icon\/sad.svg\" alt=\"Sad\">\n                    <\/a>\n                    <div class=\"twp-reaction-title\">\n                        Sad                    <\/div>\n                    <div class=\"twp-count-percent\">\n                                                    <span style=\"display: none;\" class=\"twp-react-count\">0<\/span>\n                                                                        <span class=\"twp-react-percent\"><span>0<\/span> %<\/span>\n                                            <\/div>\n                <\/div>\n\n                <div class=\"twp-reacts-wrap\">\n                    <a react-data=\"be-react-3\" post-id=\"1307\" class=\"be-face-icons un-reacted\" href=\"javascript:void(0)\">\n                        <img decoding=\"async\" src=\"https:\/\/www.periodicolapislazuli.com\/noticias\/wp-content\/plugins\/booster-extension\/\/assets\/icon\/excited.svg\" alt=\"Excited\">\n                    <\/a>\n                    <div class=\"twp-reaction-title\">\n                        Excited                    <\/div>\n                    <div class=\"twp-count-percent\">\n                                                    <span style=\"display: none;\" class=\"twp-react-count\">0<\/span>\n                                                                        <span class=\"twp-react-percent\"><span>0<\/span> %<\/span>\n                                            <\/div>\n                <\/div>\n\n                <div class=\"twp-reacts-wrap\">\n                    <a react-data=\"be-react-6\" post-id=\"1307\" class=\"be-face-icons un-reacted\" href=\"javascript:void(0)\">\n                        <img decoding=\"async\" src=\"https:\/\/www.periodicolapislazuli.com\/noticias\/wp-content\/plugins\/booster-extension\/\/assets\/icon\/sleepy.svg\" alt=\"Sleepy\">\n                    <\/a>\n                    <div class=\"twp-reaction-title\">\n                        Sleepy                    <\/div>\n                    <div class=\"twp-count-percent\">\n                                                    <span style=\"display: none;\" class=\"twp-react-count\">0<\/span>\n                        \n                                                <span class=\"twp-react-percent\"><span>0<\/span> %<\/span>\n                                            <\/div>\n                <\/div>\n\n                <div class=\"twp-reacts-wrap\">\n                    <a react-data=\"be-react-4\" post-id=\"1307\" class=\"be-face-icons un-reacted\" href=\"javascript:void(0)\">\n                        <img decoding=\"async\" src=\"https:\/\/www.periodicolapislazuli.com\/noticias\/wp-content\/plugins\/booster-extension\/\/assets\/icon\/angry.svg\" alt=\"Angry\">\n                    <\/a>\n                    <div class=\"twp-reaction-title\">Angry<\/div>\n                    <div class=\"twp-count-percent\">\n                                                    <span style=\"display: none;\" class=\"twp-react-count\">0<\/span>\n                                                                        <span class=\"twp-react-percent\"><span>0<\/span> %<\/span>\n                        \n                    <\/div>\n                <\/div>\n\n                <div class=\"twp-reacts-wrap\">\n                    <a react-data=\"be-react-5\" post-id=\"1307\" class=\"be-face-icons un-reacted\" href=\"javascript:void(0)\">\n                        <img decoding=\"async\" src=\"https:\/\/www.periodicolapislazuli.com\/noticias\/wp-content\/plugins\/booster-extension\/\/assets\/icon\/surprise.svg\" alt=\"Surprise\">\n                    <\/a>\n                    <div class=\"twp-reaction-title\">Surprise<\/div>\n                    <div class=\"twp-count-percent\">\n                                                    <span style=\"display: none;\" class=\"twp-react-count\">0<\/span>\n                                                                        <span class=\"twp-react-percent\"><span>0<\/span> %<\/span>\n                                            <\/div>\n                <\/div>\n\n            <\/div>\n        <\/div>\n\n    ","protected":false},"excerpt":{"rendered":"<p>El proyecto Medell\u00edn Negro en que se enmarca este certamen estimula la reflexi\u00f3n \u00e9tica y est\u00e9tica sobre el sentido del crimen para las sociedades contempor\u00e1neas<\/p>\n<div class=\"pvc_clear\"><\/div>\n<p id=\"pvc_stats_1307\" class=\"pvc_stats all  \" data-element-id=\"1307\" style=\"\"><i class=\"pvc-stats-icon large\" aria-hidden=\"true\"><svg aria-hidden=\"true\" focusable=\"false\" data-prefix=\"far\" data-icon=\"chart-bar\" role=\"img\" xmlns=\"http:\/\/www.w3.org\/2000\/svg\" viewBox=\"0 0 512 512\" class=\"svg-inline--fa fa-chart-bar fa-w-16 fa-2x\"><path fill=\"currentColor\" d=\"M396.8 352h22.4c6.4 0 12.8-6.4 12.8-12.8V108.8c0-6.4-6.4-12.8-12.8-12.8h-22.4c-6.4 0-12.8 6.4-12.8 12.8v230.4c0 6.4 6.4 12.8 12.8 12.8zm-192 0h22.4c6.4 0 12.8-6.4 12.8-12.8V140.8c0-6.4-6.4-12.8-12.8-12.8h-22.4c-6.4 0-12.8 6.4-12.8 12.8v198.4c0 6.4 6.4 12.8 12.8 12.8zm96 0h22.4c6.4 0 12.8-6.4 12.8-12.8V204.8c0-6.4-6.4-12.8-12.8-12.8h-22.4c-6.4 0-12.8 6.4-12.8 12.8v134.4c0 6.4 6.4 12.8 12.8 12.8zM496 400H48V80c0-8.84-7.16-16-16-16H16C7.16 64 0 71.16 0 80v336c0 17.67 14.33 32 32 32h464c8.84 0 16-7.16 16-16v-16c0-8.84-7.16-16-16-16zm-387.2-48h22.4c6.4 0 12.8-6.4 12.8-12.8v-70.4c0-6.4-6.4-12.8-12.8-12.8h-22.4c-6.4 0-12.8 6.4-12.8 12.8v70.4c0 6.4 6.4 12.8 12.8 12.8z\" class=\"\"><\/path><\/svg><\/i> <img decoding=\"async\" width=\"16\" height=\"16\" alt=\"Loading\" src=\"https:\/\/www.periodicolapislazuli.com\/noticias\/wp-content\/plugins\/page-views-count\/ajax-loader-2x.gif\" border=0 \/><\/p>\n<div class=\"pvc_clear\"><\/div>\n","protected":false},"author":1,"featured_media":1308,"comment_status":"closed","ping_status":"open","sticky":false,"template":"","format":"standard","meta":{"om_disable_all_campaigns":false,"pagelayer_contact_templates":[],"_pagelayer_content":"","_monsterinsights_skip_tracking":false,"_monsterinsights_sitenote_active":false,"_monsterinsights_sitenote_note":"","_monsterinsights_sitenote_category":0,"footnotes":""},"categories":[26,15],"tags":[71,47,657,658],"class_list":["post-1307","post","type-post","status-publish","format-standard","has-post-thumbnail","hentry","category-literatura","category-convocatorias","tag-concurso","tag-literatura","tag-medellin-negro","tag-universidad-de-antioquia"],"a3_pvc":{"activated":true,"total_views":200,"today_views":0},"jetpack_featured_media_url":"https:\/\/www.periodicolapislazuli.com\/noticias\/wp-content\/uploads\/2017\/12\/b20819_2cd9165469f74812aa35f9945d7447c8mv2_d_1650_1275_s_2.jpg","_links":{"self":[{"href":"https:\/\/www.periodicolapislazuli.com\/noticias\/wp-json\/wp\/v2\/posts\/1307","targetHints":{"allow":["GET"]}}],"collection":[{"href":"https:\/\/www.periodicolapislazuli.com\/noticias\/wp-json\/wp\/v2\/posts"}],"about":[{"href":"https:\/\/www.periodicolapislazuli.com\/noticias\/wp-json\/wp\/v2\/types\/post"}],"author":[{"embeddable":true,"href":"https:\/\/www.periodicolapislazuli.com\/noticias\/wp-json\/wp\/v2\/users\/1"}],"replies":[{"embeddable":true,"href":"https:\/\/www.periodicolapislazuli.com\/noticias\/wp-json\/wp\/v2\/comments?post=1307"}],"version-history":[{"count":1,"href":"https:\/\/www.periodicolapislazuli.com\/noticias\/wp-json\/wp\/v2\/posts\/1307\/revisions"}],"predecessor-version":[{"id":1309,"href":"https:\/\/www.periodicolapislazuli.com\/noticias\/wp-json\/wp\/v2\/posts\/1307\/revisions\/1309"}],"wp:featuredmedia":[{"embeddable":true,"href":"https:\/\/www.periodicolapislazuli.com\/noticias\/wp-json\/wp\/v2\/media\/1308"}],"wp:attachment":[{"href":"https:\/\/www.periodicolapislazuli.com\/noticias\/wp-json\/wp\/v2\/media?parent=1307"}],"wp:term":[{"taxonomy":"category","embeddable":true,"href":"https:\/\/www.periodicolapislazuli.com\/noticias\/wp-json\/wp\/v2\/categories?post=1307"},{"taxonomy":"post_tag","embeddable":true,"href":"https:\/\/www.periodicolapislazuli.com\/noticias\/wp-json\/wp\/v2\/tags?post=1307"}],"curies":[{"name":"wp","href":"https:\/\/api.w.org\/{rel}","templated":true}]}}