{"id":12932,"date":"2026-03-15T15:01:05","date_gmt":"2026-03-15T15:01:05","guid":{"rendered":"https:\/\/www.periodicolapislazuli.com\/noticias\/?p=12932"},"modified":"2026-03-15T15:01:05","modified_gmt":"2026-03-15T15:01:05","slug":"tricia-tuttle-sigue-dirigiendo-la-berlinale-con-condiciones","status":"publish","type":"post","link":"https:\/\/www.periodicolapislazuli.com\/noticias\/tricia-tuttle-sigue-dirigiendo-la-berlinale-con-condiciones\/","title":{"rendered":"Tricia Tuttle sigue dirigiendo la Berlinale, con condiciones"},"content":{"rendered":"<div class='booster-block booster-read-block'>\n                <div class=\"twp-read-time\">\n                \t<i class=\"booster-icon twp-clock\"><\/i> <span>Read Time:<\/span>4 Minute, 19 Second                <\/div>\n\n            <\/div><header class=\"sgeegmk\">\n<p class=\"teaser-text l1evdo4u blt0baw s16w0xvi sngcpkw w128axg5 b1fzgn0z\">Tuttle recibi\u00f3 un amplio apoyo de la industria cinematogr\u00e1fica internacional frente a la tormenta pol\u00edtica desatada en Alemania por los discursos propalestinos en la gala de clausura del festival de cine de Berl\u00edn.<\/p>\n<hr \/>\n<table width=\"100%\">\n<tbody>\n<tr>\n<td bgcolor=\"#FFFFFF\">\n<div style=\"display: flex; justify-content: flex-end; align-items: center; gap: 6px;\">Fuente:<br \/>\n<img decoding=\"async\" style=\"height: 40px;\" src=\"https:\/\/www.periodicolapislazuli.com\/images\/dwlogo-print.gif\" alt=\"Fuente\" \/><\/div>\n<\/td>\n<\/tr>\n<\/tbody>\n<\/table>\n<hr \/>\n<p>&nbsp;<\/p>\n<\/header>\n<section class=\"c75t7t0 hh5424a in-line closed\" data-tracking-name=\"sharing-icons-inline\">\n<div class=\"always-visible\"><img fetchpriority=\"high\" decoding=\"async\" class=\"aligncenter wp-image-12933 size-full\" src=\"https:\/\/www.periodicolapislazuli.com\/noticias\/wp-content\/uploads\/2026\/03\/97ca617cc9ded581066f6694653bfec5.jpeg\" alt=\"\" width=\"800\" height=\"533\" srcset=\"https:\/\/www.periodicolapislazuli.com\/noticias\/wp-content\/uploads\/2026\/03\/97ca617cc9ded581066f6694653bfec5.jpeg 800w, https:\/\/www.periodicolapislazuli.com\/noticias\/wp-content\/uploads\/2026\/03\/97ca617cc9ded581066f6694653bfec5-690x460.jpeg 690w, https:\/\/www.periodicolapislazuli.com\/noticias\/wp-content\/uploads\/2026\/03\/97ca617cc9ded581066f6694653bfec5-768x512.jpeg 768w\" sizes=\"(max-width: 800px) 100vw, 800px\" \/><\/div>\n<\/section>\n<div class=\"c17j8gzx rc0m0op r1ebneao s198y7xq rich-text l1evdo4u blt0baw s16w0xvi rcjjkz7 w128axg5 b1fzgn0z\" data-tracking-skip=\"true\" data-tracking-name=\"rich-text\">\n<p class=\"more-icon icon t1ax1i04 b1yws3tm cx4rgdt ih9bob8 sngcpkw w128axg5 b1fzgn0z\" tabindex=\"0\" title=\"Mostrar m\u00e1s aplicaciones\" role=\"button\" aria-expanded=\"false\">Se est\u00e1 planeando un \u00abforo consultivo\u00bb y el desarrollo de un c\u00f3digo de conducta para todos los eventos culturales financiados por el Estado alem\u00e1n, anunci\u00f3 el ministro alem\u00e1n de Cultura, Wolfram Weimer.<\/p>\n<p>Tuttle enfrent\u00f3 fuertes cr\u00edticas pol\u00edticas tras los discursos propalestinos pronunciados en la ceremonia de premiaci\u00f3n\u00a0del festival, el 21 de febrero. Entre ellos, el director sirio-palestino Abdallah Alkhatib acus\u00f3 a Alemania de aceptar ser \u00abc\u00f3mplice del genocidio israel\u00ed en Gaza\u00bb,\u00a0al recibir el premio a la mejor \u00f3pera prima por \u00abCr\u00f3nicas del asedio\u00bb.<\/p>\n<p>Cuatro d\u00edas despu\u00e9s, el tabloide alem\u00e1n <em>Bild <\/em>cit\u00f3 fuentes internas que afirmaban que el ministro alem\u00e1n de Cultura, Wolfram Weimer, despedir\u00eda a Tuttle por no haber intervenido en reacci\u00f3n a las declaraciones.<\/p>\n<p>El peri\u00f3dico tambi\u00e9n afirm\u00f3 que la postura neutral del festival sobre la cuesti\u00f3n entre Israel y Gaza se vio comprometida porque Tuttle hab\u00eda posado para una foto de prensa con el equipo de filmaci\u00f3n de Alkhatib, y muchos participantes mostraban la bandera palestina o llevaban la <em>kefiyeh<\/em>, el pa\u00f1uelo a cuadros que sirve como s\u00edmbolo de la identidad palestina.<\/p>\n<p>El consejo de supervisi\u00f3n celebr\u00f3 una primera reuni\u00f3n extraordinaria el 26 de febrero para debatir el futuro de la Berlinale. Durante la sesi\u00f3n, no se tom\u00f3 ninguna decisi\u00f3n.<\/p>\n<figure class=\"placeholder-image master_landscape big\">\n<div class=\"render-container po8t7s9\">\n<div class=\"srnoiv7 s1a75hd4 lazy-load-container\"><img decoding=\"async\" class=\"lq-img loaded\" src=\"https:\/\/static.dw.com\/image\/75672474_900.jpg\" alt=\"Ministro alem\u00e1n de Cultura, Wolfram Weimer.\" aria-hidden=\"true\" \/><img decoding=\"async\" class=\"hq-img loaded\" title=\"Ministro alem\u00e1n de Cultura, Wolfram Weimer.\" src=\"https:\/\/static.dw.com\/image\/75672474_906.jpg\" alt=\"Ministro alem\u00e1n de Cultura, Wolfram Weimer.\" \/><\/div>\n<\/div><figcaption class=\"img-caption\">El ministro alem\u00e1n de Cultura, Wolfram Weimer, planea un nuevo \u00abc\u00f3digo de conducta\u00bb para eventos culturales financiados por el Estado.<small class=\"copyright\">Imagen: Christoph Soeder\/dpa\/picture alliance<\/small><\/figcaption><\/figure>\n<h2>Amplio apoyo a la libertad art\u00edstica<\/h2>\n<p>El posible despido de Tuttle provoc\u00f3 inmediatamente un amplio apoyo de la industria cinematogr\u00e1fica.<\/p>\n<div class=\"render-container rich-text-ad\"><\/div>\n<p><a class=\"external-link\" title=\"Enlace externo \u2014 Una primera carta abierta\" href=\"https:\/\/openletter.earth\/offener-brief-zur-zukunft-der-berlinale-3e6cfe08\" target=\"_blank\" rel=\"noopener follow\">Una primera carta abierta<\/a>, firmada por casi 2.500 cineastas, entre ellos, Tilda Swinton, Todd Haynes, Nadav Lapid, Ilker Catak, Maren Ade y Tom Tykwer, defendi\u00f3 el derecho de todos los invitados al festival a hacer declaraciones o mostrar s\u00edmbolos de su identidad, sin que esto sea visto autom\u00e1ticamente como un respaldo por parte de la direcci\u00f3n del festival.<\/p>\n<p>\u00abUn festival internacional de cine no es un instrumento diplom\u00e1tico; es un espacio cultural democr\u00e1tico que merece protecci\u00f3n. Su fortaleza reside en su capacidad para acoger perspectivas divergentes y dar visibilidad a una pluralidad de voces\u00bb, afirma la carta.<\/p>\n<p>&nbsp;<\/p>\n<blockquote><p>\u00abCuando se extraen consecuencias personales de declaraciones individuales o interpretaciones simb\u00f3licas, se env\u00eda una se\u00f1al preocupante: las instituciones culturales se ven sometidas a presi\u00f3n pol\u00edtica\u00bb.<\/p>\n<p>&nbsp;<\/p><\/blockquote>\n<p>La petici\u00f3n subray\u00f3 que el caso involucraba m\u00e1s que la posici\u00f3n la direcci\u00f3n del festival: \u00abLo que est\u00e1 en juego es la relaci\u00f3n entre la libertad art\u00edstica y la independencia institucional\u00bb.<\/p>\n<p>M\u00e1s de 30 directores de festivales de cine mundiales, entre ellos <strong>Thierry Fremaux de Cannes<\/strong> y <strong>Eugene Hernandez de Sundance<\/strong>, tambi\u00e9n publicaron una declaraci\u00f3n de apoyo el 2 de marzo, en la que reconocieron \u00ablas crecientes presiones sobre los festivales de cine de todo el mundo para navegar en tiempos vol\u00e1tiles y mantener un espacio seguro para el intercambio de cine y de ideas\u00bb.<\/p>\n<p>&nbsp;<\/p>\n<h4 style=\"padding-left: 200px; text-align: justify;\">\u00abApoyar la aut\u00e9ntica libertad de expresi\u00f3n, incluyendo la libertad de expresar opiniones imperfectas o impopulares, nunca ha sido tan importante\u00bb, afirma su carta. \u00abNecesitamos mantener espacios donde se acepte la incomodidad, donde los debates puedan ser amplios, donde se propaguen nuevas ideas y donde se visibilicen perspectivas inesperadas,\u00a0y a veces contradictorias\u00bb.<\/h4>\n<p>&nbsp;<\/p>\n<figure class=\"placeholder-image master_landscape big\">\n<div class=\"render-container po8t7s9\">\n<div class=\"srnoiv7 s1a75hd4 lazy-load-container\"><img decoding=\"async\" class=\"lq-img loaded\" src=\"https:\/\/static.dw.com\/image\/76074795_900.jpg\" alt=\"El cineasta Abdallah Alkhatib da un discurso en la ceremonia de premiaci\u00f3n de la Berlinale, alguien a su lado sostiene la bandera palestina.\" aria-hidden=\"true\" \/><img decoding=\"async\" class=\"hq-img loaded\" title=\"El cineasta Abdallah Alkhatib da un discurso en la ceremonia de premiaci\u00f3n de la Berlinale, alguien a su lado sostiene la bandera palestina.\" src=\"https:\/\/static.dw.com\/image\/76074795_906.jpg\" alt=\"El cineasta Abdallah Alkhatib da un discurso en la ceremonia de premiaci\u00f3n de la Berlinale, alguien a su lado sostiene la bandera palestina.\" \/><\/div>\n<\/div><figcaption class=\"img-caption\">El director Abdallah Alkhatib pronunci\u00f3 su discurso en la ceremonia de entrega de premios de la Berlinale junto a una bandera palestina.<small class=\"copyright\">Imagen: Christoph Soeder\/dpa\/picture alliance<\/small><\/figcaption><\/figure>\n<h2>\u00abClaridad, integridad y visi\u00f3n art\u00edstica\u00bb<\/h2>\n<p>M\u00e1s de 500 empleados de la Berlinale tambi\u00e9n firmaron otra carta en la que se\u00f1alaban que hab\u00edan \u00absido testigos de primera mano de la claridad, la integridad y la visi\u00f3n art\u00edstica que ella hab\u00eda aportado a la Berlinale\u00bb.<\/p>\n<p>\u00abEs poco probable que el Consejo de Supervisi\u00f3n del KBB hubiera podido nombrar un l\u00edder m\u00e1s inteligente, \u00e9tico y receptivo para la Berlinale, ni uno m\u00e1s comprometido con los principios fundamentales que hacen de este festival una plataforma vital para el cine en Alemania y a nivel internacional\u00bb, a\u00f1adi\u00f3 la carta de los empleados.<\/p>\n<p>\u00abEstoy inmensamente orgullosa de mi equipo\u00bb, declar\u00f3 Tuttle a la agencia de prensa alemana dpa antes de la segunda reuni\u00f3n extraordinaria del consejo de supervisi\u00f3n, confirmando que quer\u00eda seguir en su cargo: \u00abEl Festival y yo queremos continuar el trabajo que hemos iniciado juntos con plena confianza e independencia institucional\u00bb.<\/p>\n<p>Admiti\u00f3 que la posibilidad de su dimisi\u00f3n de mutuo acuerdo se hab\u00eda discutido con el ministro de Cultura de Alemania.\u00a0Sin embargo, el apoyo de la comunidad cinematogr\u00e1fica que habl\u00f3 en su defensa fue significativo, dijo Tuttle.<\/p>\n<p>\u00abSubray\u00f3 que el debate no era sobre una ceremonia, una semana de festival o una sola persona, sino sobre el principio m\u00e1s amplio de que se debe confiar en que las instituciones culturales operen dentro de marcos democr\u00e1ticos y legales\u00bb, dijo.<\/p>\n<p>\u00abEse es un mensaje contundente. Y, la verdad, tambi\u00e9n me ha dado una nueva perspectiva tras unas semanas dif\u00edciles\u00bb. Si bien enfrentaba acusaciones de antisemitismo, el festival de este a\u00f1o tambi\u00e9n fue denunciado por activistas propalestinos en otra carta abierta\u00a0por no haber adoptado una postura oficial en el conflicto.<\/p>\n<\/div>\n<div class=\"pvc_clear\"><\/div>\n<p id=\"pvc_stats_12932\" class=\"pvc_stats all  \" data-element-id=\"12932\" style=\"\"><i class=\"pvc-stats-icon large\" aria-hidden=\"true\"><svg aria-hidden=\"true\" focusable=\"false\" data-prefix=\"far\" data-icon=\"chart-bar\" role=\"img\" xmlns=\"http:\/\/www.w3.org\/2000\/svg\" viewBox=\"0 0 512 512\" class=\"svg-inline--fa fa-chart-bar fa-w-16 fa-2x\"><path fill=\"currentColor\" d=\"M396.8 352h22.4c6.4 0 12.8-6.4 12.8-12.8V108.8c0-6.4-6.4-12.8-12.8-12.8h-22.4c-6.4 0-12.8 6.4-12.8 12.8v230.4c0 6.4 6.4 12.8 12.8 12.8zm-192 0h22.4c6.4 0 12.8-6.4 12.8-12.8V140.8c0-6.4-6.4-12.8-12.8-12.8h-22.4c-6.4 0-12.8 6.4-12.8 12.8v198.4c0 6.4 6.4 12.8 12.8 12.8zm96 0h22.4c6.4 0 12.8-6.4 12.8-12.8V204.8c0-6.4-6.4-12.8-12.8-12.8h-22.4c-6.4 0-12.8 6.4-12.8 12.8v134.4c0 6.4 6.4 12.8 12.8 12.8zM496 400H48V80c0-8.84-7.16-16-16-16H16C7.16 64 0 71.16 0 80v336c0 17.67 14.33 32 32 32h464c8.84 0 16-7.16 16-16v-16c0-8.84-7.16-16-16-16zm-387.2-48h22.4c6.4 0 12.8-6.4 12.8-12.8v-70.4c0-6.4-6.4-12.8-12.8-12.8h-22.4c-6.4 0-12.8 6.4-12.8 12.8v70.4c0 6.4 6.4 12.8 12.8 12.8z\" class=\"\"><\/path><\/svg><\/i> <img decoding=\"async\" width=\"16\" height=\"16\" alt=\"Loading\" src=\"https:\/\/www.periodicolapislazuli.com\/noticias\/wp-content\/plugins\/page-views-count\/ajax-loader-2x.gif\" border=0 \/><\/p>\n<div class=\"pvc_clear\"><\/div>\n        <div class=\"booster-block booster-reactions-block\">\n            <div class=\"twp-reactions-icons\">\n                \n                <div class=\"twp-reacts-wrap\">\n                    <a react-data=\"be-react-1\" post-id=\"12932\" class=\"be-face-icons un-reacted\" href=\"javascript:void(0)\">\n                        <img decoding=\"async\" src=\"https:\/\/www.periodicolapislazuli.com\/noticias\/wp-content\/plugins\/booster-extension\/\/assets\/icon\/happy.svg\" alt=\"Happy\">\n                    <\/a>\n                    <div class=\"twp-reaction-title\">\n                        Happy                    <\/div>\n                    <div class=\"twp-count-percent\">\n                                                    <span style=\"display: none;\" class=\"twp-react-count\">0<\/span>\n                        \n                                                <span class=\"twp-react-percent\"><span>0<\/span> %<\/span>\n                                            <\/div>\n                <\/div>\n\n                <div class=\"twp-reacts-wrap\">\n                    <a react-data=\"be-react-2\" post-id=\"12932\" class=\"be-face-icons un-reacted\" href=\"javascript:void(0)\">\n                        <img decoding=\"async\" src=\"https:\/\/www.periodicolapislazuli.com\/noticias\/wp-content\/plugins\/booster-extension\/\/assets\/icon\/sad.svg\" alt=\"Sad\">\n                    <\/a>\n                    <div class=\"twp-reaction-title\">\n                        Sad                    <\/div>\n                    <div class=\"twp-count-percent\">\n                                                    <span style=\"display: none;\" class=\"twp-react-count\">0<\/span>\n                                                                        <span class=\"twp-react-percent\"><span>0<\/span> %<\/span>\n                                            <\/div>\n                <\/div>\n\n                <div class=\"twp-reacts-wrap\">\n                    <a react-data=\"be-react-3\" post-id=\"12932\" class=\"be-face-icons un-reacted\" href=\"javascript:void(0)\">\n                        <img decoding=\"async\" src=\"https:\/\/www.periodicolapislazuli.com\/noticias\/wp-content\/plugins\/booster-extension\/\/assets\/icon\/excited.svg\" alt=\"Excited\">\n                    <\/a>\n                    <div class=\"twp-reaction-title\">\n                        Excited                    <\/div>\n                    <div class=\"twp-count-percent\">\n                                                    <span style=\"display: none;\" class=\"twp-react-count\">0<\/span>\n                                                                        <span class=\"twp-react-percent\"><span>0<\/span> %<\/span>\n                                            <\/div>\n                <\/div>\n\n                <div class=\"twp-reacts-wrap\">\n                    <a react-data=\"be-react-6\" post-id=\"12932\" class=\"be-face-icons un-reacted\" href=\"javascript:void(0)\">\n                        <img decoding=\"async\" src=\"https:\/\/www.periodicolapislazuli.com\/noticias\/wp-content\/plugins\/booster-extension\/\/assets\/icon\/sleepy.svg\" alt=\"Sleepy\">\n                    <\/a>\n                    <div class=\"twp-reaction-title\">\n                        Sleepy                    <\/div>\n                    <div class=\"twp-count-percent\">\n                                                    <span style=\"display: none;\" class=\"twp-react-count\">0<\/span>\n                        \n                                                <span class=\"twp-react-percent\"><span>0<\/span> %<\/span>\n                                            <\/div>\n                <\/div>\n\n                <div class=\"twp-reacts-wrap\">\n                    <a react-data=\"be-react-4\" post-id=\"12932\" class=\"be-face-icons un-reacted\" href=\"javascript:void(0)\">\n                        <img decoding=\"async\" src=\"https:\/\/www.periodicolapislazuli.com\/noticias\/wp-content\/plugins\/booster-extension\/\/assets\/icon\/angry.svg\" alt=\"Angry\">\n                    <\/a>\n                    <div class=\"twp-reaction-title\">Angry<\/div>\n                    <div class=\"twp-count-percent\">\n                                                    <span style=\"display: none;\" class=\"twp-react-count\">0<\/span>\n                                                                        <span class=\"twp-react-percent\"><span>0<\/span> %<\/span>\n                        \n                    <\/div>\n                <\/div>\n\n                <div class=\"twp-reacts-wrap\">\n                    <a react-data=\"be-react-5\" post-id=\"12932\" class=\"be-face-icons un-reacted\" href=\"javascript:void(0)\">\n                        <img decoding=\"async\" src=\"https:\/\/www.periodicolapislazuli.com\/noticias\/wp-content\/plugins\/booster-extension\/\/assets\/icon\/surprise.svg\" alt=\"Surprise\">\n                    <\/a>\n                    <div class=\"twp-reaction-title\">Surprise<\/div>\n                    <div class=\"twp-count-percent\">\n                                                    <span style=\"display: none;\" class=\"twp-react-count\">0<\/span>\n                                                                        <span class=\"twp-react-percent\"><span>0<\/span> %<\/span>\n                                            <\/div>\n                <\/div>\n\n            <\/div>\n        <\/div>\n\n    ","protected":false},"excerpt":{"rendered":"<p>Tuttle recibi\u00f3 un amplio apoyo de la industria cinematogr\u00e1fica internacional frente a la tormenta pol\u00edtica desatada en Alemania<\/p>\n<div class=\"pvc_clear\"><\/div>\n<p id=\"pvc_stats_12932\" class=\"pvc_stats all  \" data-element-id=\"12932\" style=\"\"><i class=\"pvc-stats-icon large\" aria-hidden=\"true\"><svg aria-hidden=\"true\" focusable=\"false\" data-prefix=\"far\" data-icon=\"chart-bar\" role=\"img\" xmlns=\"http:\/\/www.w3.org\/2000\/svg\" viewBox=\"0 0 512 512\" class=\"svg-inline--fa fa-chart-bar fa-w-16 fa-2x\"><path fill=\"currentColor\" d=\"M396.8 352h22.4c6.4 0 12.8-6.4 12.8-12.8V108.8c0-6.4-6.4-12.8-12.8-12.8h-22.4c-6.4 0-12.8 6.4-12.8 12.8v230.4c0 6.4 6.4 12.8 12.8 12.8zm-192 0h22.4c6.4 0 12.8-6.4 12.8-12.8V140.8c0-6.4-6.4-12.8-12.8-12.8h-22.4c-6.4 0-12.8 6.4-12.8 12.8v198.4c0 6.4 6.4 12.8 12.8 12.8zm96 0h22.4c6.4 0 12.8-6.4 12.8-12.8V204.8c0-6.4-6.4-12.8-12.8-12.8h-22.4c-6.4 0-12.8 6.4-12.8 12.8v134.4c0 6.4 6.4 12.8 12.8 12.8zM496 400H48V80c0-8.84-7.16-16-16-16H16C7.16 64 0 71.16 0 80v336c0 17.67 14.33 32 32 32h464c8.84 0 16-7.16 16-16v-16c0-8.84-7.16-16-16-16zm-387.2-48h22.4c6.4 0 12.8-6.4 12.8-12.8v-70.4c0-6.4-6.4-12.8-12.8-12.8h-22.4c-6.4 0-12.8 6.4-12.8 12.8v70.4c0 6.4 6.4 12.8 12.8 12.8z\" class=\"\"><\/path><\/svg><\/i> <img decoding=\"async\" width=\"16\" height=\"16\" alt=\"Loading\" src=\"https:\/\/www.periodicolapislazuli.com\/noticias\/wp-content\/plugins\/page-views-count\/ajax-loader-2x.gif\" border=0 \/><\/p>\n<div class=\"pvc_clear\"><\/div>\n","protected":false},"author":3,"featured_media":12933,"comment_status":"closed","ping_status":"open","sticky":false,"template":"","format":"standard","meta":{"om_disable_all_campaigns":false,"pagelayer_contact_templates":[],"_pagelayer_content":"","_monsterinsights_skip_tracking":false,"_monsterinsights_sitenote_active":false,"_monsterinsights_sitenote_note":"","_monsterinsights_sitenote_category":0,"footnotes":""},"categories":[24],"tags":[897,1895,1845,1972,4229,4228,4227],"class_list":["post-12932","post","type-post","status-publish","format-standard","has-post-thumbnail","hentry","category-cine","tag-alemania","tag-berlinale","tag-censura","tag-directora","tag-festival-de-cine-de-berlin","tag-industria-cinematografica","tag-tricia-tuttle"],"a3_pvc":{"activated":true,"total_views":23,"today_views":1},"jetpack_featured_media_url":"https:\/\/www.periodicolapislazuli.com\/noticias\/wp-content\/uploads\/2026\/03\/97ca617cc9ded581066f6694653bfec5.jpeg","_links":{"self":[{"href":"https:\/\/www.periodicolapislazuli.com\/noticias\/wp-json\/wp\/v2\/posts\/12932","targetHints":{"allow":["GET"]}}],"collection":[{"href":"https:\/\/www.periodicolapislazuli.com\/noticias\/wp-json\/wp\/v2\/posts"}],"about":[{"href":"https:\/\/www.periodicolapislazuli.com\/noticias\/wp-json\/wp\/v2\/types\/post"}],"author":[{"embeddable":true,"href":"https:\/\/www.periodicolapislazuli.com\/noticias\/wp-json\/wp\/v2\/users\/3"}],"replies":[{"embeddable":true,"href":"https:\/\/www.periodicolapislazuli.com\/noticias\/wp-json\/wp\/v2\/comments?post=12932"}],"version-history":[{"count":1,"href":"https:\/\/www.periodicolapislazuli.com\/noticias\/wp-json\/wp\/v2\/posts\/12932\/revisions"}],"predecessor-version":[{"id":12934,"href":"https:\/\/www.periodicolapislazuli.com\/noticias\/wp-json\/wp\/v2\/posts\/12932\/revisions\/12934"}],"wp:featuredmedia":[{"embeddable":true,"href":"https:\/\/www.periodicolapislazuli.com\/noticias\/wp-json\/wp\/v2\/media\/12933"}],"wp:attachment":[{"href":"https:\/\/www.periodicolapislazuli.com\/noticias\/wp-json\/wp\/v2\/media?parent=12932"}],"wp:term":[{"taxonomy":"category","embeddable":true,"href":"https:\/\/www.periodicolapislazuli.com\/noticias\/wp-json\/wp\/v2\/categories?post=12932"},{"taxonomy":"post_tag","embeddable":true,"href":"https:\/\/www.periodicolapislazuli.com\/noticias\/wp-json\/wp\/v2\/tags?post=12932"}],"curies":[{"name":"wp","href":"https:\/\/api.w.org\/{rel}","templated":true}]}}