{"id":12924,"date":"2026-03-15T14:40:49","date_gmt":"2026-03-15T14:40:49","guid":{"rendered":"https:\/\/www.periodicolapislazuli.com\/noticias\/?p=12924"},"modified":"2026-03-15T14:40:49","modified_gmt":"2026-03-15T14:40:49","slug":"por-que-el-legado-de-jurgen-habermas-es-tan-importante","status":"publish","type":"post","link":"https:\/\/www.periodicolapislazuli.com\/noticias\/por-que-el-legado-de-jurgen-habermas-es-tan-importante\/","title":{"rendered":"Por qu\u00e9 el legado de J\u00fcrgen Habermas es tan importante"},"content":{"rendered":"<div class='booster-block booster-read-block'>\n                <div class=\"twp-read-time\">\n                \t<i class=\"booster-icon twp-clock\"><\/i> <span>Read Time:<\/span>5 Minute, 52 Second                <\/div>\n\n            <\/div><p>El fil\u00f3sofo y soci\u00f3logo alem\u00e1n fue uno de los pensadores m\u00e1s influyentes del \u00faltimo siglo. Falleci\u00f3 el 14 de marzo de 2026 a los 96 a\u00f1os.<\/p>\n<hr \/>\n<table width=\"100%\">\n<tbody>\n<tr>\n<td bgcolor=\"#FFFFFF\">\n<div style=\"display: flex; justify-content: flex-end; align-items: center; gap: 6px;\">Fuente:<br \/>\n<img decoding=\"async\" style=\"height: 40px;\" src=\"https:\/\/www.periodicolapislazuli.com\/images\/dwlogo-print.gif\" alt=\"Fuente\" \/><\/div>\n<\/td>\n<\/tr>\n<\/tbody>\n<\/table>\n<hr \/>\n<p><img fetchpriority=\"high\" decoding=\"async\" class=\"aligncenter wp-image-12925 size-full\" src=\"https:\/\/www.periodicolapislazuli.com\/noticias\/wp-content\/uploads\/2026\/03\/habermas.jpeg\" alt=\"\" width=\"900\" height=\"632\" srcset=\"https:\/\/www.periodicolapislazuli.com\/noticias\/wp-content\/uploads\/2026\/03\/habermas.jpeg 900w, https:\/\/www.periodicolapislazuli.com\/noticias\/wp-content\/uploads\/2026\/03\/habermas-655x460.jpeg 655w, https:\/\/www.periodicolapislazuli.com\/noticias\/wp-content\/uploads\/2026\/03\/habermas-768x539.jpeg 768w\" sizes=\"(max-width: 900px) 100vw, 900px\" \/><\/p>\n<p>Su voz resonaba fuerte. Como el fil\u00f3sofo reconocido que era, J\u00fcrgen Habermas se hab\u00eda convertido en una suerte de referente intelectual alem\u00e1n, uno que era o\u00eddo cuando daba una declaraci\u00f3n. El s\u00e1bado se conoci\u00f3 la noticia de su deceso, a los 96 a\u00f1os.<\/p>\n<p>En 2001, cuando recibi\u00f3 el Premio de la Paz de la Asociaci\u00f3n Alemana del Libro, fue presentado por la entonces alcaldesa de Frankfurt Petra Roth como un hombre de \u00abpensamiento incansable\u00bb y \u00abjuicio incorruptible\u00bb. Sin duda, Habermas contribuy\u00f3 en gran medida a la reputaci\u00f3n cultural alemana en todo el planeta.<br \/>\nLa democracia como tema central<\/p>\n<p>Cuando Habermas hablaba, normalmente abordaba cuestiones sociales relevantes. \u00abEl tema de la democracia recorr\u00eda la teor\u00eda de Habermas como hilo conductor\u00bb, afirm\u00f3 hace a\u00f1os su bi\u00f3grafo Stefan M\u00fcller-Doohm en conversaci\u00f3n con DW. \u00abLa democracia era la &#8216;palabra m\u00e1gica&#8217; de su pensamiento\u00bb. El sistema econ\u00f3mico capitalista debe ser \u00abdomesticado\u00bb a trav\u00e9s de medios democr\u00e1ticos, afirmaba.<\/p>\n<p>La preocupaci\u00f3n de Habermas por la democracia surgi\u00f3 de sus propias experiencias. Nacido el 18 de junio de 1929 en D\u00fcsseldorf y criado en Gummersbach, Habermas se form\u00f3 durante el nazismo y fue reclutado como artillero auxiliar antia\u00e9reo. Tras la ca\u00edda del Tercer Reich, Habermas a\u00fan era un adolescente, pero la cuesti\u00f3n de las consecuencias del colapso de la civilizaci\u00f3n alemana lo inquietaban. Una experiencia decisiva fue la de darse cuenta en 1945 \u00abde haber vivido bajo un r\u00e9gimen criminal y de que se hab\u00eda producido un retroceso hacia la barbarie\u00bb, como declar\u00f3 en una oportunidad.<\/p>\n<p>Habermas, figura central de la Escuela de Frankfurt, fotografiado en su hogar en Starnberg (1981).Habermas, figura central de la Escuela de Frankfurt, fotografiado en su hogar en Starnberg (1981).<\/p>\n<p><strong>Habermas, figura central de la Escuela de Frankfurt, fotografiado en su hogar en Starnberg (1981).<\/strong><\/p>\n<p>Los juicios de Auschwitz y el \u00abcaso Spiegel\u00bb hicieron que el nacionalsocialismo, que Habermas solo consideraba derrotado militarmente, volviera a la palestra. El \u00abcaso Spiegel\u00bb, ocurrido en 1962, fue una experiencia formativa, dijo. Reporteros del semanario Der Spiegel fueron investigados por traici\u00f3n a la patria por un art\u00edculo donde expon\u00edan las capacidades defensivas de Alemania Federal. El editor de la revista, Rudolf Augstein, pas\u00f3 m\u00e1s de 100 d\u00edas en prisi\u00f3n preventiva.<\/p>\n<p>Posteriormente, en la d\u00e9cada de 1980, Habermas critic\u00f3 duramente al historiador Ernst Nolte, quien estableci\u00f3 paralelismos entre los cr\u00edmenes nacionalsocialistas y los estalinistas. Habermas consider\u00f3 esto una relativizaci\u00f3n de la crueldad del Holocausto, a su juicio \u00fanica.<br \/>\nTeor\u00eda del an\u00e1lisis social cr\u00edtico<\/p>\n<p>Tras estudiar filosof\u00eda, econom\u00eda y literatura alemana (1949-1954), Habermas trabaj\u00f3 como periodista. Sus publicaciones despertaron el inter\u00e9s de Theodor Adorno, fundador junto a Max Horkheimer de la llamada \u00abteor\u00eda cr\u00edtica\u00bb de la Escuela de Frankfurt. Con este nombre era conocido un c\u00edrculo de intelectuales en torno a Horkheimer, fil\u00f3sofo y director del Instituto de Investigaci\u00f3n Social de Frankfurt. Sus investigaciones se centraban en c\u00f3mo el pensamiento ilustrado, que promet\u00eda a la humanidad la liberaci\u00f3n de las fuerzas de la naturaleza y la superstici\u00f3n mediante la raz\u00f3n, pudo haber degenerado en la barbarie del nazismo.<\/p>\n<p>Adorno llev\u00f3 a Habermas al instituto de Frankfurt y lo introdujo en su teor\u00eda del an\u00e1lisis social cr\u00edtico. En resumen, esta busca revelar los fundamentos ideol\u00f3gicos y los mecanismos del poder. Debido a que Horkheimer rechazaba la mirada marxista de Habermas, este tuvo que completar su preparaci\u00f3n en Marburg. Dos a\u00f1os despu\u00e9s, regres\u00f3 a Frankfurt y sucedi\u00f3 a Horkheimer como profesor de filosof\u00eda y sociolog\u00eda.<br \/>\nConflicto con la izquierda<\/p>\n<p>Habermas siempre se preocup\u00f3 por una visi\u00f3n global de las cosas. Para \u00e9l, lo importante era la perspectiva general y estaba dispuesto a defenderla con su caracter\u00edstica combinaci\u00f3n de reflexi\u00f3n filos\u00f3fica e intervenci\u00f3n intelectual. Sus escritos sol\u00edan ser pol\u00edticamente explosivos, aunque sus estudiantes sol\u00edan quejarse de la complejidad de los textos del fil\u00f3sofo.<\/p>\n<p>A finales de la d\u00e9cada de 1960, Frankfurt era uno de los bastiones de las protestas estudiantiles y muchos j\u00f3venes ve\u00edan a Habermas como su mentor. Pero a medida que el movimiento se radicalizaba, el acad\u00e9mico lo empez\u00f3 a ver con m\u00e1s distancia. Su libro Die Scheinrevolution und ihre Kinder acusa el fascismo y activismo de los manifestantes de izquierda. Muchos reaccionaron con indignaci\u00f3n en Alemania ante esta definici\u00f3n.<\/p>\n<blockquote>\n<h4 style=\"padding-left: 160px; text-align: right;\">La obra de Habermas ha influido en varias generaciones de pensadores e intelectuales.La obra de Habermas ha influido en varias generaciones de pensadores e intelectuales.<br \/>\nLa obra de Habermas ha influido en varias generaciones de pensadores e intelectuales.<\/h4>\n<\/blockquote>\n<p>&nbsp;<\/p>\n<p>En 1971, Habermas se convirti\u00f3 en codirector del reci\u00e9n fundado Instituto Max Planck en Starnberg, cerca de M\u00fanich. All\u00ed public\u00f3 su obra magna de dos vol\u00famenes Teor\u00eda de la acci\u00f3n comunicativa (1981), en la que desarroll\u00f3 una especie de manual de acci\u00f3n para la sociedad moderna. Seg\u00fan su teor\u00eda, solo el lenguaje como medio de comunicaci\u00f3n hace posible la acci\u00f3n social. Sus preguntas centrales son c\u00f3mo hacer realizables en una democracia el \u00abforzamiento no coactivo del mejor argumento\u00bb, la \u00absituaci\u00f3n ideal de habla\u00bb y el \u00abdiscurso exento de dominaci\u00f3n\u00bb.<\/p>\n<h2><\/h2>\n<h2><strong>Habermas como asteroide<\/strong><\/h2>\n<p>No fue hasta 1983 que Habermas regres\u00f3 a Frankfurt, donde ense\u00f1\u00f3 filosof\u00eda hasta su jubilaci\u00f3n en 1994. Sin embargo, incluso estando retirado, intervino en los debates sociales alemanes. As\u00ed, en 1999 apoy\u00f3 la controversial intervenci\u00f3n de la OTAN en la guerra de Kosovo. \u00abSi no existe ninguna otra opci\u00f3n, los vecinos democr\u00e1ticos deben poder brindar ayuda de emergencia con la legitimidad del derecho internacional\u00bb, se\u00f1al\u00f3 el pensador.<\/p>\n<p>Como defensor de la integraci\u00f3n europea, Habermas se\u00f1al\u00f3 varias veces las deficiencias democr\u00e1ticas que mostraba la UE. En relaci\u00f3n con la crisis del euro, advirti\u00f3 contra medidas de austeridad demasiado r\u00edgidas y abog\u00f3 por expandir la uni\u00f3n monetaria hacia una democracia \u00absupranacional\u00bb, en la que los Estados-naci\u00f3n renunciar\u00edan a una mayor soberan\u00eda.<\/p>\n<p>En los \u00faltimos a\u00f1os, Habermas mostr\u00f3 una mirada sombr\u00eda del estado del mundo. En su libro de conversaciones de 2024 Es musste etwas besser werden, el fil\u00f3sofo critica el hecho de que ante las numerosas crisis \u00abla conciencia de las \u00e9lites pol\u00edticas de Occidente se vea cada vez m\u00e1s absorbida por la l\u00f3gica de la guerra\u00bb.<\/p>\n<p>Seg\u00fan el autor, Occidente parece carecer de una visi\u00f3n coherente. As\u00ed, tras el ataque de Rusia contra Ucrania, que viol\u00f3 el derecho internacional, falt\u00f3 una \u00abiniciativa oportuna ante la barbarie de la guerra, en cuyo estancamiento y falta de perspectivas Occidente es corresponsable\u00bb. Como resultado, el destino de Ucrania -que \u00abcon suerte resistir\u00e1 lo suficiente\u00bb- ahora depende en gran medida de los resultados de las elecciones en Estados Unidos.<\/p>\n<p>Por su compromiso social, Habermas recibi\u00f3 innumerables premios y reconocimientos. La bibliograf\u00eda secundaria de su obra suma m\u00e1s de 14.000 libros y art\u00edculos, incluyendo numerosas tesis doctorales. Habermas fue miembro electo de las academias cient\u00edficas de Rusia, Estados Unidos e Israel, entre otros pa\u00edses. Incluso un asteroide descubierto en 1999 en los confines del Sistema Solar lleva su nombre. Sin duda la estrella de este pensador alem\u00e1n seguir\u00e1 brillando m\u00e1s all\u00e1 de la filosof\u00eda.<\/p>\n<p>(dzc\/rr)<\/p>\n<div class=\"pvc_clear\"><\/div>\n<p id=\"pvc_stats_12924\" class=\"pvc_stats all  \" data-element-id=\"12924\" style=\"\"><i class=\"pvc-stats-icon large\" aria-hidden=\"true\"><svg aria-hidden=\"true\" focusable=\"false\" data-prefix=\"far\" data-icon=\"chart-bar\" role=\"img\" xmlns=\"http:\/\/www.w3.org\/2000\/svg\" viewBox=\"0 0 512 512\" class=\"svg-inline--fa fa-chart-bar fa-w-16 fa-2x\"><path fill=\"currentColor\" d=\"M396.8 352h22.4c6.4 0 12.8-6.4 12.8-12.8V108.8c0-6.4-6.4-12.8-12.8-12.8h-22.4c-6.4 0-12.8 6.4-12.8 12.8v230.4c0 6.4 6.4 12.8 12.8 12.8zm-192 0h22.4c6.4 0 12.8-6.4 12.8-12.8V140.8c0-6.4-6.4-12.8-12.8-12.8h-22.4c-6.4 0-12.8 6.4-12.8 12.8v198.4c0 6.4 6.4 12.8 12.8 12.8zm96 0h22.4c6.4 0 12.8-6.4 12.8-12.8V204.8c0-6.4-6.4-12.8-12.8-12.8h-22.4c-6.4 0-12.8 6.4-12.8 12.8v134.4c0 6.4 6.4 12.8 12.8 12.8zM496 400H48V80c0-8.84-7.16-16-16-16H16C7.16 64 0 71.16 0 80v336c0 17.67 14.33 32 32 32h464c8.84 0 16-7.16 16-16v-16c0-8.84-7.16-16-16-16zm-387.2-48h22.4c6.4 0 12.8-6.4 12.8-12.8v-70.4c0-6.4-6.4-12.8-12.8-12.8h-22.4c-6.4 0-12.8 6.4-12.8 12.8v70.4c0 6.4 6.4 12.8 12.8 12.8z\" class=\"\"><\/path><\/svg><\/i> <img decoding=\"async\" width=\"16\" height=\"16\" alt=\"Loading\" src=\"https:\/\/www.periodicolapislazuli.com\/noticias\/wp-content\/plugins\/page-views-count\/ajax-loader-2x.gif\" border=0 \/><\/p>\n<div class=\"pvc_clear\"><\/div>\n        <div class=\"booster-block booster-reactions-block\">\n            <div class=\"twp-reactions-icons\">\n                \n                <div class=\"twp-reacts-wrap\">\n                    <a react-data=\"be-react-1\" post-id=\"12924\" class=\"be-face-icons un-reacted\" href=\"javascript:void(0)\">\n                        <img decoding=\"async\" src=\"https:\/\/www.periodicolapislazuli.com\/noticias\/wp-content\/plugins\/booster-extension\/\/assets\/icon\/happy.svg\" alt=\"Happy\">\n                    <\/a>\n                    <div class=\"twp-reaction-title\">\n                        Happy                    <\/div>\n                    <div class=\"twp-count-percent\">\n                                                    <span style=\"display: none;\" class=\"twp-react-count\">0<\/span>\n                        \n                                                <span class=\"twp-react-percent\"><span>0<\/span> %<\/span>\n                                            <\/div>\n                <\/div>\n\n                <div class=\"twp-reacts-wrap\">\n                    <a react-data=\"be-react-2\" post-id=\"12924\" class=\"be-face-icons un-reacted\" href=\"javascript:void(0)\">\n                        <img decoding=\"async\" src=\"https:\/\/www.periodicolapislazuli.com\/noticias\/wp-content\/plugins\/booster-extension\/\/assets\/icon\/sad.svg\" alt=\"Sad\">\n                    <\/a>\n                    <div class=\"twp-reaction-title\">\n                        Sad                    <\/div>\n                    <div class=\"twp-count-percent\">\n                                                    <span style=\"display: none;\" class=\"twp-react-count\">0<\/span>\n                                                                        <span class=\"twp-react-percent\"><span>0<\/span> %<\/span>\n                                            <\/div>\n                <\/div>\n\n                <div class=\"twp-reacts-wrap\">\n                    <a react-data=\"be-react-3\" post-id=\"12924\" class=\"be-face-icons un-reacted\" href=\"javascript:void(0)\">\n                        <img decoding=\"async\" src=\"https:\/\/www.periodicolapislazuli.com\/noticias\/wp-content\/plugins\/booster-extension\/\/assets\/icon\/excited.svg\" alt=\"Excited\">\n                    <\/a>\n                    <div class=\"twp-reaction-title\">\n                        Excited                    <\/div>\n                    <div class=\"twp-count-percent\">\n                                                    <span style=\"display: none;\" class=\"twp-react-count\">0<\/span>\n                                                                        <span class=\"twp-react-percent\"><span>0<\/span> %<\/span>\n                                            <\/div>\n                <\/div>\n\n                <div class=\"twp-reacts-wrap\">\n                    <a react-data=\"be-react-6\" post-id=\"12924\" class=\"be-face-icons un-reacted\" href=\"javascript:void(0)\">\n                        <img decoding=\"async\" src=\"https:\/\/www.periodicolapislazuli.com\/noticias\/wp-content\/plugins\/booster-extension\/\/assets\/icon\/sleepy.svg\" alt=\"Sleepy\">\n                    <\/a>\n                    <div class=\"twp-reaction-title\">\n                        Sleepy                    <\/div>\n                    <div class=\"twp-count-percent\">\n                                                    <span style=\"display: none;\" class=\"twp-react-count\">0<\/span>\n                        \n                                                <span class=\"twp-react-percent\"><span>0<\/span> %<\/span>\n                                            <\/div>\n                <\/div>\n\n                <div class=\"twp-reacts-wrap\">\n                    <a react-data=\"be-react-4\" post-id=\"12924\" class=\"be-face-icons un-reacted\" href=\"javascript:void(0)\">\n                        <img decoding=\"async\" src=\"https:\/\/www.periodicolapislazuli.com\/noticias\/wp-content\/plugins\/booster-extension\/\/assets\/icon\/angry.svg\" alt=\"Angry\">\n                    <\/a>\n                    <div class=\"twp-reaction-title\">Angry<\/div>\n                    <div class=\"twp-count-percent\">\n                                                    <span style=\"display: none;\" class=\"twp-react-count\">0<\/span>\n                                                                        <span class=\"twp-react-percent\"><span>0<\/span> %<\/span>\n                        \n                    <\/div>\n                <\/div>\n\n                <div class=\"twp-reacts-wrap\">\n                    <a react-data=\"be-react-5\" post-id=\"12924\" class=\"be-face-icons un-reacted\" href=\"javascript:void(0)\">\n                        <img decoding=\"async\" src=\"https:\/\/www.periodicolapislazuli.com\/noticias\/wp-content\/plugins\/booster-extension\/\/assets\/icon\/surprise.svg\" alt=\"Surprise\">\n                    <\/a>\n                    <div class=\"twp-reaction-title\">Surprise<\/div>\n                    <div class=\"twp-count-percent\">\n                                                    <span style=\"display: none;\" class=\"twp-react-count\">0<\/span>\n                                                                        <span class=\"twp-react-percent\"><span>0<\/span> %<\/span>\n                                            <\/div>\n                <\/div>\n\n            <\/div>\n        <\/div>\n\n    ","protected":false},"excerpt":{"rendered":"<p>El fil\u00f3sofo y soci\u00f3logo alem\u00e1n fue uno de los pensadores m\u00e1s influyentes del \u00faltimo siglo. Falleci\u00f3 el 14<\/p>\n<div class=\"pvc_clear\"><\/div>\n<p id=\"pvc_stats_12924\" class=\"pvc_stats all  \" data-element-id=\"12924\" style=\"\"><i class=\"pvc-stats-icon large\" aria-hidden=\"true\"><svg aria-hidden=\"true\" focusable=\"false\" data-prefix=\"far\" data-icon=\"chart-bar\" role=\"img\" xmlns=\"http:\/\/www.w3.org\/2000\/svg\" viewBox=\"0 0 512 512\" class=\"svg-inline--fa fa-chart-bar fa-w-16 fa-2x\"><path fill=\"currentColor\" d=\"M396.8 352h22.4c6.4 0 12.8-6.4 12.8-12.8V108.8c0-6.4-6.4-12.8-12.8-12.8h-22.4c-6.4 0-12.8 6.4-12.8 12.8v230.4c0 6.4 6.4 12.8 12.8 12.8zm-192 0h22.4c6.4 0 12.8-6.4 12.8-12.8V140.8c0-6.4-6.4-12.8-12.8-12.8h-22.4c-6.4 0-12.8 6.4-12.8 12.8v198.4c0 6.4 6.4 12.8 12.8 12.8zm96 0h22.4c6.4 0 12.8-6.4 12.8-12.8V204.8c0-6.4-6.4-12.8-12.8-12.8h-22.4c-6.4 0-12.8 6.4-12.8 12.8v134.4c0 6.4 6.4 12.8 12.8 12.8zM496 400H48V80c0-8.84-7.16-16-16-16H16C7.16 64 0 71.16 0 80v336c0 17.67 14.33 32 32 32h464c8.84 0 16-7.16 16-16v-16c0-8.84-7.16-16-16-16zm-387.2-48h22.4c6.4 0 12.8-6.4 12.8-12.8v-70.4c0-6.4-6.4-12.8-12.8-12.8h-22.4c-6.4 0-12.8 6.4-12.8 12.8v70.4c0 6.4 6.4 12.8 12.8 12.8z\" class=\"\"><\/path><\/svg><\/i> <img decoding=\"async\" width=\"16\" height=\"16\" alt=\"Loading\" src=\"https:\/\/www.periodicolapislazuli.com\/noticias\/wp-content\/plugins\/page-views-count\/ajax-loader-2x.gif\" border=0 \/><\/p>\n<div class=\"pvc_clear\"><\/div>\n","protected":false},"author":3,"featured_media":12925,"comment_status":"closed","ping_status":"open","sticky":false,"template":"","format":"standard","meta":{"om_disable_all_campaigns":false,"pagelayer_contact_templates":[],"_pagelayer_content":"","_monsterinsights_skip_tracking":false,"_monsterinsights_sitenote_active":false,"_monsterinsights_sitenote_note":"","_monsterinsights_sitenote_category":0,"footnotes":""},"categories":[3],"tags":[318,4138,4224,4225,4223,4207],"class_list":["post-12924","post","type-post","status-publish","format-standard","has-post-thumbnail","hentry","category-actualidad","tag-aleman","tag-democracia","tag-filosofo","tag-intelectuales","tag-jurgen-habermas","tag-sociologo"],"a3_pvc":{"activated":true,"total_views":14,"today_views":0},"jetpack_featured_media_url":"https:\/\/www.periodicolapislazuli.com\/noticias\/wp-content\/uploads\/2026\/03\/habermas.jpeg","_links":{"self":[{"href":"https:\/\/www.periodicolapislazuli.com\/noticias\/wp-json\/wp\/v2\/posts\/12924","targetHints":{"allow":["GET"]}}],"collection":[{"href":"https:\/\/www.periodicolapislazuli.com\/noticias\/wp-json\/wp\/v2\/posts"}],"about":[{"href":"https:\/\/www.periodicolapislazuli.com\/noticias\/wp-json\/wp\/v2\/types\/post"}],"author":[{"embeddable":true,"href":"https:\/\/www.periodicolapislazuli.com\/noticias\/wp-json\/wp\/v2\/users\/3"}],"replies":[{"embeddable":true,"href":"https:\/\/www.periodicolapislazuli.com\/noticias\/wp-json\/wp\/v2\/comments?post=12924"}],"version-history":[{"count":1,"href":"https:\/\/www.periodicolapislazuli.com\/noticias\/wp-json\/wp\/v2\/posts\/12924\/revisions"}],"predecessor-version":[{"id":12926,"href":"https:\/\/www.periodicolapislazuli.com\/noticias\/wp-json\/wp\/v2\/posts\/12924\/revisions\/12926"}],"wp:featuredmedia":[{"embeddable":true,"href":"https:\/\/www.periodicolapislazuli.com\/noticias\/wp-json\/wp\/v2\/media\/12925"}],"wp:attachment":[{"href":"https:\/\/www.periodicolapislazuli.com\/noticias\/wp-json\/wp\/v2\/media?parent=12924"}],"wp:term":[{"taxonomy":"category","embeddable":true,"href":"https:\/\/www.periodicolapislazuli.com\/noticias\/wp-json\/wp\/v2\/categories?post=12924"},{"taxonomy":"post_tag","embeddable":true,"href":"https:\/\/www.periodicolapislazuli.com\/noticias\/wp-json\/wp\/v2\/tags?post=12924"}],"curies":[{"name":"wp","href":"https:\/\/api.w.org\/{rel}","templated":true}]}}