{"id":12901,"date":"2026-03-15T02:15:06","date_gmt":"2026-03-15T02:15:06","guid":{"rendered":"https:\/\/www.periodicolapislazuli.com\/noticias\/?p=12901"},"modified":"2026-03-15T04:36:41","modified_gmt":"2026-03-15T04:36:41","slug":"salat-practica-fe-diversidad-respeto-cultural","status":"publish","type":"post","link":"https:\/\/www.periodicolapislazuli.com\/noticias\/salat-practica-fe-diversidad-respeto-cultural\/","title":{"rendered":"El salat: una pr\u00e1ctica de fe que ilumina la diversidad y el respeto cultural"},"content":{"rendered":"<div class='booster-block booster-read-block'>\n                <div class=\"twp-read-time\">\n                \t<i class=\"booster-icon twp-clock\"><\/i> <span>Read Time:<\/span>5 Minute, 48 Second                <\/div>\n\n            <\/div><p>Hace apenas unos d\u00edas, la UNESCO confirm\u00f3 da\u00f1os al patrimonio hist\u00f3rico de Ir\u00e1n y de otras zonas de Medio Oriente. El majestuoso Palacio de Golest\u00e1n en Teher\u00e1n, comparado muchas veces con Versalles por su esplendor arquitect\u00f3nico, as\u00ed como una mezquita y un palacio hist\u00f3ricos en Isfah\u00e1n, resultaron afectados por la guerra. Cada piedra derrumbada, cada fresco destruido, abre un vac\u00edo dif\u00edcil de reparar en la memoria cultural de la humanidad.<\/p>\n<p>La destrucci\u00f3n del patrimonio material suele recordarnos algo m\u00e1s profundo, amigos, que la cultura no vive \u00fanicamente en edificios o monumentos. Tambi\u00e9n se manifiesta en las pr\u00e1cticas cotidianas, en los gestos que transmiten una tradici\u00f3n de generaci\u00f3n en generaci\u00f3n. Entre esas expresiones se encuentra el salat, la oraci\u00f3n ritual que los musulmanes realizan cinco veces al d\u00eda para mantener su v\u00ednculo espiritual con Dios.<\/p>\n<p>El salat no es una oraci\u00f3n improvisada. Se trata de una pr\u00e1ctica estructurada que combina palabras, movimientos y tiempos precisos. Desde una perspectiva de los estudios culturales, puede entenderse como una forma de ordenar la vida diaria a trav\u00e9s del cuerpo y del tiempo. Cada jornada queda marcada por cinco momentos de pausa: al amanecer, al mediod\u00eda, en la tarde, al ocaso y en la noche.<\/p>\n<p>Durante el salat, el creyente interrumpe el ritmo ordinario de la vida para entrar en otro comp\u00e1s. Se pone de pie, se inclina, se postra y vuelve a levantarse mientras recita fragmentos del Qur\u2019an. En esa secuencia repetida millones de veces al d\u00eda alrededor del mundo, el cuerpo se convierte en un veh\u00edculo de memoria espiritual y de pertenencia comunitaria.<\/p>\n<p>Cada gesto establece tambi\u00e9n una relaci\u00f3n entre tiempo y espacio. Las oraciones se orientan hacia La Meca, donde se encuentra la Kaaba, punto simb\u00f3lico hacia el que convergen millones de creyentes desde lugares distintos del planeta. Vista de esta manera, la pr\u00e1ctica del salat dibuja una geograf\u00eda espiritual compartida: cuerpos en diferentes pa\u00edses que, al mismo tiempo, se inclinan en la misma direcci\u00f3n.<\/p>\n<p>Por eso, el salat no es solamente una expresi\u00f3n de fe individual, amigos. Es tambi\u00e9n una forma cultural de habitar el mundo, una disciplina que introduce momentos de contemplaci\u00f3n en la vida cotidiana y que recuerda la dimensi\u00f3n comunitaria de la existencia.<\/p>\n<p>Cuando se habla de diversidad cultural, a menudo se piensa en monumentos, museos o sitios hist\u00f3ricos. Sin embargo, la diversidad tambi\u00e9n se encuentra en pr\u00e1cticas vivas como esta. Respetarlas y comprenderlas es una forma de proteger la memoria colectiva de la humanidad. Como se\u00f1al\u00f3 una vez Kofi Annan, \u201cLa diversidad cultural es tan vital para la humanidad como la diversidad biol\u00f3gica lo es para la naturaleza\u201d.<\/p>\n<p>En ese sentido, regiones como Pakist\u00e1n, Palestina y Ir\u00e1n representan algo m\u00e1s que espacios geogr\u00e1ficos. Son custodios de tradiciones hist\u00f3ricas que reflejan distintas formas de vida dentro del mundo musulm\u00e1n.<\/p>\n<p>Lo que vincula a estos pa\u00edses no es \u00fanicamente la religi\u00f3n mayoritaria. Tambi\u00e9n comparten una profunda tradici\u00f3n cultural y una historia marcada por la b\u00fasqueda de reconocimiento, identidad y justicia. Ignorar esa diversidad empobrece la comprensi\u00f3n del mundo musulm\u00e1n y debilita la memoria cultural global.<\/p>\n<p>La interculturalidad no significa solamente tolerar las diferencias, amigos. Implica reconocerlas activamente y aprender de ellas. Desde las c\u00fapulas de Isfah\u00e1n hasta las ciudades hist\u00f3ricas del sur de Asia o los espacios sagrados de Palestina, cada tradici\u00f3n contiene formas propias de resiliencia, creatividad y sentido comunitario.<\/p>\n<p>Apoyar la diversidad cultural, amigos, es encender una luz de esperanza y respeto hacia todas las tradiciones humanas. Esa luz simboliza la convicci\u00f3n de que ninguna cultura es superior ni inferior; todas son complementarias en la construcci\u00f3n de la humanidad.<\/p>\n<p>Cuando la violencia destruye ciudades, templos o palacios, tambi\u00e9n amenaza la memoria colectiva que esos lugares representan. Proteger el patrimonio cultural, promover el di\u00e1logo intercultural y defender los derechos humanos son tareas inseparables. Solo as\u00ed ser\u00e1 posible construir un mundo en el que cada comunidad \u2014sin importar su religi\u00f3n, su lengua o su historia\u2014 pueda sentirse reconocida, respetada y parte de una humanidad com\u00fan.<\/p>\n<p><img fetchpriority=\"high\" decoding=\"async\" class=\"aligncenter wp-image-12464 size-full\" src=\"https:\/\/www.periodicolapislazuli.com\/noticias\/wp-content\/uploads\/2025\/12\/banner-style-9433-scaled.jpg\" alt=\"\" width=\"2560\" height=\"140\" srcset=\"https:\/\/www.periodicolapislazuli.com\/noticias\/wp-content\/uploads\/2025\/12\/banner-style-9433-scaled.jpg 2560w, https:\/\/www.periodicolapislazuli.com\/noticias\/wp-content\/uploads\/2025\/12\/banner-style-9433-780x43.jpg 780w, https:\/\/www.periodicolapislazuli.com\/noticias\/wp-content\/uploads\/2025\/12\/banner-style-9433-1200x66.jpg 1200w, https:\/\/www.periodicolapislazuli.com\/noticias\/wp-content\/uploads\/2025\/12\/banner-style-9433-768x42.jpg 768w, https:\/\/www.periodicolapislazuli.com\/noticias\/wp-content\/uploads\/2025\/12\/banner-style-9433-1536x84.jpg 1536w, https:\/\/www.periodicolapislazuli.com\/noticias\/wp-content\/uploads\/2025\/12\/banner-style-9433-2048x112.jpg 2048w\" sizes=\"(max-width: 2560px) 100vw, 2560px\" \/><\/p>\n<h3><\/h3>\n<h5 style=\"padding-left: 280px; text-align: justify;\"><em>La diversidad cultural en peligro: la riqueza de la humanidad est\u00e1 en la diversidad.\u00a0 Pakist\u00e1n, Palestina e Ir\u00e1n no son solo pa\u00edses o territorios; son <strong>custodios de tradiciones milenarias<\/strong> que nos ense\u00f1an a respetar la diversidad, dialogar y reconocer nuestra humanidad compartida. Cada acto de protecci\u00f3n, cada gesto de comprensi\u00f3n, es como encender una vela que ilumina el camino hacia un mundo m\u00e1s justo y plural.<\/em><\/h5>\n<p>&nbsp;<\/p>\n<p><img decoding=\"async\" class=\"aligncenter wp-image-12907 size-full\" src=\"https:\/\/www.periodicolapislazuli.com\/noticias\/wp-content\/uploads\/2026\/03\/57168760_1004.webp\" alt=\"\" width=\"1200\" height=\"525\" srcset=\"https:\/\/www.periodicolapislazuli.com\/noticias\/wp-content\/uploads\/2026\/03\/57168760_1004.webp 1200w, https:\/\/www.periodicolapislazuli.com\/noticias\/wp-content\/uploads\/2026\/03\/57168760_1004-780x341.webp 780w, https:\/\/www.periodicolapislazuli.com\/noticias\/wp-content\/uploads\/2026\/03\/57168760_1004-768x336.webp 768w\" sizes=\"(max-width: 1200px) 100vw, 1200px\" \/><\/p>\n<h3 style=\"text-align: justify;\">\ud83c\uddf5\ud83c\uddf0 Pakist\u00e1n: un hogar para la identidad musulmana<\/h3>\n<p style=\"text-align: justify;\">Fundado en <strong>1947<\/strong>, Pakist\u00e1n surgi\u00f3 como hogar para los musulmanes del subcontinente indio. Su existencia simboliza la aspiraci\u00f3n de millones por un espacio donde su religi\u00f3n y cultura fueran reconocidas.<\/p>\n<p style=\"text-align: justify;\">A lo largo de la historia, Pakist\u00e1n ha buscado asumir un papel activo en la defensa de causas internacionales musulmanas, incluyendo la causa palestina. Su posici\u00f3n dentro del mundo isl\u00e1mico combina identidad religiosa y responsabilidad pol\u00edtica, convirti\u00e9ndolo en un actor con voz propia en asuntos globales.<\/p>\n<h3 style=\"text-align: justify;\">\ud83c\uddf5\ud83c\uddf8 Palestina: s\u00edmbolo de lucha y resistencia<\/h3>\n<p style=\"text-align: justify;\">Palestina representa la <strong>lucha por la autodeterminaci\u00f3n y los derechos fundamentales<\/strong> en un contexto de conflicto prolongado. Aunque su reconocimiento internacional no es total, su causa trasciende fronteras, convirti\u00e9ndose en un s\u00edmbolo universal de justicia y resistencia. El respeto por Palestina es un recordatorio de que la diversidad cultural y religiosa debe ser protegida frente a la violencia y la opresi\u00f3n. Como se\u00f1al\u00f3 un l\u00edder palestino: <em>\u201cProteger nuestra historia es proteger la memoria de todo un pueblo.\u201d<\/em><\/p>\n<h3 style=\"text-align: justify;\">\ud83c\uddee\ud83c\uddf7 Ir\u00e1n: tradici\u00f3n y liderazgo religioso<\/h3>\n<p style=\"text-align: justify;\">Ir\u00e1n, como <strong>\u00fanica rep\u00fablica isl\u00e1mica chiita<\/strong>, tiene un modelo de gobierno basado en la religi\u00f3n que le otorga un rol singular en el mundo musulm\u00e1n. Su influencia trasciende fronteras, apoyando causas como la de Palestina y participando activamente en diplomacia regional.<\/p>\n<p style=\"text-align: justify;\">El pa\u00eds es tambi\u00e9n un custodio de un patrimonio cultural y art\u00edstico invaluable, desde la arquitectura hasta la literatura, que merece respeto y preservaci\u00f3n, al igual que Pakist\u00e1n y Palestina.<\/p>\n<h3 style=\"text-align: justify;\">\ud83d\udd4c Un v\u00ednculo com\u00fan: la riqueza cultural del mundo musulm\u00e1n<\/h3>\n<p style=\"text-align: justify;\">Lo que une a Pakist\u00e1n, Palestina e Ir\u00e1n no es solo la religi\u00f3n mayoritaria, sino tambi\u00e9n su compromiso con la cultura, la identidad y la justicia. Cada uno representa un modelo distinto de convivencia entre lo religioso, lo pol\u00edtico y lo cultural, reflejando la riqueza interna del mundo musulm\u00e1n. Ignorar esta diversidad equivale a debilitar la memoria colectiva de la humanidad. Protegerla es una responsabilidad compartida, no opcional.<\/p>\n<p style=\"text-align: justify;\">La interculturalidad no significa solo tolerancia: implica <strong>reconocimiento activo y di\u00e1logo<\/strong>. Aprender unos de otros y valorar las diferencias fortalece la convivencia pac\u00edfica y el respeto por los derechos humanos. Desde las c\u00fapulas doradas de Isfah\u00e1n hasta las calles hist\u00f3ricas de Pakist\u00e1n o los espacios sagrados de Palestina, cada tradici\u00f3n contiene ense\u00f1anzas sobre resiliencia, creatividad y humanidad compartida.<\/p>\n<p style=\"text-align: justify;\">La violencia y la intolerancia apagan la luz del conocimiento y la memoria compartida. Proteger el patrimonio cultural, defender la interculturalidad y garantizar los derechos humanos son tareas inseparables. Solo as\u00ed podremos construir un mundo donde cada comunidad, sin importar su religi\u00f3n, idioma o historia, se sienta reconocida y valorada.<\/p>\n<p>&nbsp;<\/p>\n<p>&nbsp;<\/p>\n<p>&nbsp;<\/p>\n<p><iframe title=\"Aprende a realizar la oraci\u00f3n musulmana\" width=\"640\" height=\"360\" src=\"https:\/\/www.youtube.com\/embed\/DyJjfYT8H2g?feature=oembed\" frameborder=\"0\" allow=\"accelerometer; autoplay; clipboard-write; encrypted-media; gyroscope; picture-in-picture; web-share\" referrerpolicy=\"strict-origin-when-cross-origin\" allowfullscreen><\/iframe><\/p>\n<h3 style=\"text-align: justify;\"><\/h3>\n<div class=\"pvc_clear\"><\/div>\n<p id=\"pvc_stats_12901\" class=\"pvc_stats all  \" data-element-id=\"12901\" style=\"\"><i class=\"pvc-stats-icon large\" aria-hidden=\"true\"><svg aria-hidden=\"true\" focusable=\"false\" data-prefix=\"far\" data-icon=\"chart-bar\" role=\"img\" xmlns=\"http:\/\/www.w3.org\/2000\/svg\" viewBox=\"0 0 512 512\" class=\"svg-inline--fa fa-chart-bar fa-w-16 fa-2x\"><path fill=\"currentColor\" d=\"M396.8 352h22.4c6.4 0 12.8-6.4 12.8-12.8V108.8c0-6.4-6.4-12.8-12.8-12.8h-22.4c-6.4 0-12.8 6.4-12.8 12.8v230.4c0 6.4 6.4 12.8 12.8 12.8zm-192 0h22.4c6.4 0 12.8-6.4 12.8-12.8V140.8c0-6.4-6.4-12.8-12.8-12.8h-22.4c-6.4 0-12.8 6.4-12.8 12.8v198.4c0 6.4 6.4 12.8 12.8 12.8zm96 0h22.4c6.4 0 12.8-6.4 12.8-12.8V204.8c0-6.4-6.4-12.8-12.8-12.8h-22.4c-6.4 0-12.8 6.4-12.8 12.8v134.4c0 6.4 6.4 12.8 12.8 12.8zM496 400H48V80c0-8.84-7.16-16-16-16H16C7.16 64 0 71.16 0 80v336c0 17.67 14.33 32 32 32h464c8.84 0 16-7.16 16-16v-16c0-8.84-7.16-16-16-16zm-387.2-48h22.4c6.4 0 12.8-6.4 12.8-12.8v-70.4c0-6.4-6.4-12.8-12.8-12.8h-22.4c-6.4 0-12.8 6.4-12.8 12.8v70.4c0 6.4 6.4 12.8 12.8 12.8z\" class=\"\"><\/path><\/svg><\/i> <img decoding=\"async\" width=\"16\" height=\"16\" alt=\"Loading\" src=\"https:\/\/www.periodicolapislazuli.com\/noticias\/wp-content\/plugins\/page-views-count\/ajax-loader-2x.gif\" border=0 \/><\/p>\n<div class=\"pvc_clear\"><\/div>\n        <div class=\"booster-block booster-reactions-block\">\n            <div class=\"twp-reactions-icons\">\n                \n                <div class=\"twp-reacts-wrap\">\n                    <a react-data=\"be-react-1\" post-id=\"12901\" class=\"be-face-icons un-reacted\" href=\"javascript:void(0)\">\n                        <img decoding=\"async\" src=\"https:\/\/www.periodicolapislazuli.com\/noticias\/wp-content\/plugins\/booster-extension\/\/assets\/icon\/happy.svg\" alt=\"Happy\">\n                    <\/a>\n                    <div class=\"twp-reaction-title\">\n                        Happy                    <\/div>\n                    <div class=\"twp-count-percent\">\n                                                    <span style=\"display: none;\" class=\"twp-react-count\">0<\/span>\n                        \n                                                <span class=\"twp-react-percent\"><span>0<\/span> %<\/span>\n                                            <\/div>\n                <\/div>\n\n                <div class=\"twp-reacts-wrap\">\n                    <a react-data=\"be-react-2\" post-id=\"12901\" class=\"be-face-icons un-reacted\" href=\"javascript:void(0)\">\n                        <img decoding=\"async\" src=\"https:\/\/www.periodicolapislazuli.com\/noticias\/wp-content\/plugins\/booster-extension\/\/assets\/icon\/sad.svg\" alt=\"Sad\">\n                    <\/a>\n                    <div class=\"twp-reaction-title\">\n                        Sad                    <\/div>\n                    <div class=\"twp-count-percent\">\n                                                    <span style=\"display: none;\" class=\"twp-react-count\">0<\/span>\n                                                                        <span class=\"twp-react-percent\"><span>0<\/span> %<\/span>\n                                            <\/div>\n                <\/div>\n\n                <div class=\"twp-reacts-wrap\">\n                    <a react-data=\"be-react-3\" post-id=\"12901\" class=\"be-face-icons un-reacted\" href=\"javascript:void(0)\">\n                        <img decoding=\"async\" src=\"https:\/\/www.periodicolapislazuli.com\/noticias\/wp-content\/plugins\/booster-extension\/\/assets\/icon\/excited.svg\" alt=\"Excited\">\n                    <\/a>\n                    <div class=\"twp-reaction-title\">\n                        Excited                    <\/div>\n                    <div class=\"twp-count-percent\">\n                                                    <span style=\"display: none;\" class=\"twp-react-count\">0<\/span>\n                                                                        <span class=\"twp-react-percent\"><span>0<\/span> %<\/span>\n                                            <\/div>\n                <\/div>\n\n                <div class=\"twp-reacts-wrap\">\n                    <a react-data=\"be-react-6\" post-id=\"12901\" class=\"be-face-icons un-reacted\" href=\"javascript:void(0)\">\n                        <img decoding=\"async\" src=\"https:\/\/www.periodicolapislazuli.com\/noticias\/wp-content\/plugins\/booster-extension\/\/assets\/icon\/sleepy.svg\" alt=\"Sleepy\">\n                    <\/a>\n                    <div class=\"twp-reaction-title\">\n                        Sleepy                    <\/div>\n                    <div class=\"twp-count-percent\">\n                                                    <span style=\"display: none;\" class=\"twp-react-count\">0<\/span>\n                        \n                                                <span class=\"twp-react-percent\"><span>0<\/span> %<\/span>\n                                            <\/div>\n                <\/div>\n\n                <div class=\"twp-reacts-wrap\">\n                    <a react-data=\"be-react-4\" post-id=\"12901\" class=\"be-face-icons un-reacted\" href=\"javascript:void(0)\">\n                        <img decoding=\"async\" src=\"https:\/\/www.periodicolapislazuli.com\/noticias\/wp-content\/plugins\/booster-extension\/\/assets\/icon\/angry.svg\" alt=\"Angry\">\n                    <\/a>\n                    <div class=\"twp-reaction-title\">Angry<\/div>\n                    <div class=\"twp-count-percent\">\n                                                    <span style=\"display: none;\" class=\"twp-react-count\">0<\/span>\n                                                                        <span class=\"twp-react-percent\"><span>0<\/span> %<\/span>\n                        \n                    <\/div>\n                <\/div>\n\n                <div class=\"twp-reacts-wrap\">\n                    <a react-data=\"be-react-5\" post-id=\"12901\" class=\"be-face-icons un-reacted\" href=\"javascript:void(0)\">\n                        <img decoding=\"async\" src=\"https:\/\/www.periodicolapislazuli.com\/noticias\/wp-content\/plugins\/booster-extension\/\/assets\/icon\/surprise.svg\" alt=\"Surprise\">\n                    <\/a>\n                    <div class=\"twp-reaction-title\">Surprise<\/div>\n                    <div class=\"twp-count-percent\">\n                                                    <span style=\"display: none;\" class=\"twp-react-count\">0<\/span>\n                                                                        <span class=\"twp-react-percent\"><span>0<\/span> %<\/span>\n                                            <\/div>\n                <\/div>\n\n            <\/div>\n        <\/div>\n\n    ","protected":false},"excerpt":{"rendered":"<p>Hace apenas unos d\u00edas, la UNESCO confirm\u00f3 da\u00f1os al patrimonio hist\u00f3rico de Ir\u00e1n y de otras zonas de<\/p>\n<div class=\"pvc_clear\"><\/div>\n<p id=\"pvc_stats_12901\" class=\"pvc_stats all  \" data-element-id=\"12901\" style=\"\"><i class=\"pvc-stats-icon large\" aria-hidden=\"true\"><svg aria-hidden=\"true\" focusable=\"false\" data-prefix=\"far\" data-icon=\"chart-bar\" role=\"img\" xmlns=\"http:\/\/www.w3.org\/2000\/svg\" viewBox=\"0 0 512 512\" class=\"svg-inline--fa fa-chart-bar fa-w-16 fa-2x\"><path fill=\"currentColor\" d=\"M396.8 352h22.4c6.4 0 12.8-6.4 12.8-12.8V108.8c0-6.4-6.4-12.8-12.8-12.8h-22.4c-6.4 0-12.8 6.4-12.8 12.8v230.4c0 6.4 6.4 12.8 12.8 12.8zm-192 0h22.4c6.4 0 12.8-6.4 12.8-12.8V140.8c0-6.4-6.4-12.8-12.8-12.8h-22.4c-6.4 0-12.8 6.4-12.8 12.8v198.4c0 6.4 6.4 12.8 12.8 12.8zm96 0h22.4c6.4 0 12.8-6.4 12.8-12.8V204.8c0-6.4-6.4-12.8-12.8-12.8h-22.4c-6.4 0-12.8 6.4-12.8 12.8v134.4c0 6.4 6.4 12.8 12.8 12.8zM496 400H48V80c0-8.84-7.16-16-16-16H16C7.16 64 0 71.16 0 80v336c0 17.67 14.33 32 32 32h464c8.84 0 16-7.16 16-16v-16c0-8.84-7.16-16-16-16zm-387.2-48h22.4c6.4 0 12.8-6.4 12.8-12.8v-70.4c0-6.4-6.4-12.8-12.8-12.8h-22.4c-6.4 0-12.8 6.4-12.8 12.8v70.4c0 6.4 6.4 12.8 12.8 12.8z\" class=\"\"><\/path><\/svg><\/i> <img decoding=\"async\" width=\"16\" height=\"16\" alt=\"Loading\" src=\"https:\/\/www.periodicolapislazuli.com\/noticias\/wp-content\/plugins\/page-views-count\/ajax-loader-2x.gif\" border=0 \/><\/p>\n<div class=\"pvc_clear\"><\/div>\n","protected":false},"author":3,"featured_media":12902,"comment_status":"closed","ping_status":"open","sticky":false,"template":"","format":"standard","meta":{"om_disable_all_campaigns":false,"pagelayer_contact_templates":[],"_pagelayer_content":"","_monsterinsights_skip_tracking":false,"_monsterinsights_sitenote_active":false,"_monsterinsights_sitenote_note":"","_monsterinsights_sitenote_category":0,"footnotes":""},"categories":[8],"tags":[2372,3867,3874,4219,1710,4218],"class_list":["post-12901","post","type-post","status-publish","format-standard","has-post-thumbnail","hentry","category-opinion","tag-diversidad-cultural","tag-interculturalidad","tag-islam","tag-memoria-colectiva","tag-patrimonio","tag-salat"],"a3_pvc":{"activated":true,"total_views":23,"today_views":0},"jetpack_featured_media_url":"https:\/\/www.periodicolapislazuli.com\/noticias\/wp-content\/uploads\/2026\/03\/60697137_906.jpg","_links":{"self":[{"href":"https:\/\/www.periodicolapislazuli.com\/noticias\/wp-json\/wp\/v2\/posts\/12901","targetHints":{"allow":["GET"]}}],"collection":[{"href":"https:\/\/www.periodicolapislazuli.com\/noticias\/wp-json\/wp\/v2\/posts"}],"about":[{"href":"https:\/\/www.periodicolapislazuli.com\/noticias\/wp-json\/wp\/v2\/types\/post"}],"author":[{"embeddable":true,"href":"https:\/\/www.periodicolapislazuli.com\/noticias\/wp-json\/wp\/v2\/users\/3"}],"replies":[{"embeddable":true,"href":"https:\/\/www.periodicolapislazuli.com\/noticias\/wp-json\/wp\/v2\/comments?post=12901"}],"version-history":[{"count":7,"href":"https:\/\/www.periodicolapislazuli.com\/noticias\/wp-json\/wp\/v2\/posts\/12901\/revisions"}],"predecessor-version":[{"id":12910,"href":"https:\/\/www.periodicolapislazuli.com\/noticias\/wp-json\/wp\/v2\/posts\/12901\/revisions\/12910"}],"wp:featuredmedia":[{"embeddable":true,"href":"https:\/\/www.periodicolapislazuli.com\/noticias\/wp-json\/wp\/v2\/media\/12902"}],"wp:attachment":[{"href":"https:\/\/www.periodicolapislazuli.com\/noticias\/wp-json\/wp\/v2\/media?parent=12901"}],"wp:term":[{"taxonomy":"category","embeddable":true,"href":"https:\/\/www.periodicolapislazuli.com\/noticias\/wp-json\/wp\/v2\/categories?post=12901"},{"taxonomy":"post_tag","embeddable":true,"href":"https:\/\/www.periodicolapislazuli.com\/noticias\/wp-json\/wp\/v2\/tags?post=12901"}],"curies":[{"name":"wp","href":"https:\/\/api.w.org\/{rel}","templated":true}]}}