{"id":12679,"date":"2026-01-22T08:45:17","date_gmt":"2026-01-22T08:45:17","guid":{"rendered":"https:\/\/www.periodicolapislazuli.com\/noticias\/?p=12679"},"modified":"2026-01-24T01:27:02","modified_gmt":"2026-01-24T01:27:02","slug":"a-quien-beneficia-la-fusion-de-caracol-y-w-radio-audiencias-cuestionan-la-concentracion-mediatica-y-la-perdida-de-alternativas-informativas-en-colombia","status":"publish","type":"post","link":"https:\/\/www.periodicolapislazuli.com\/noticias\/a-quien-beneficia-la-fusion-de-caracol-y-w-radio-audiencias-cuestionan-la-concentracion-mediatica-y-la-perdida-de-alternativas-informativas-en-colombia\/","title":{"rendered":"\u00bfA qui\u00e9n beneficia la fusi\u00f3n de Caracol y W Radio? Audiencias cuestionan la concentraci\u00f3n medi\u00e1tica y la p\u00e9rdida de alternativas informativas en Colombia"},"content":{"rendered":"<div class='booster-block booster-read-block'>\n                <div class=\"twp-read-time\">\n                \t<i class=\"booster-icon twp-clock\"><\/i> <span>Read Time:<\/span>3 Minute, 40 Second                <\/div>\n\n            <\/div><p>Cuando PRISA Media anunci\u00f3 la integraci\u00f3n de Caracol Radio y W Radio bajo una sola marca, el mensaje oficial fue claro: se trataba de un avance hist\u00f3rico, una apuesta por la modernizaci\u00f3n y el fortalecimiento del periodismo radial en Colombia. Sin embargo, lejos de generar consenso, la noticia despert\u00f3 dudas leg\u00edtimas entre oyentes, periodistas y acad\u00e9micos que se preguntan si esta fusi\u00f3n realmente beneficia al pa\u00eds o si, por el contrario, profundiza problemas estructurales del sistema medi\u00e1tico colombiano.<\/p>\n<p>&nbsp;<\/p>\n<figure id=\"attachment_12680\" aria-describedby=\"caption-attachment-12680\" style=\"width: 750px\" class=\"wp-caption aligncenter\"><img fetchpriority=\"high\" decoding=\"async\" class=\"wp-image-12680 size-full\" src=\"https:\/\/www.periodicolapislazuli.com\/noticias\/wp-content\/uploads\/2026\/01\/caracteristicas-radio.jpg\" alt=\"\" width=\"750\" height=\"548\" srcset=\"https:\/\/www.periodicolapislazuli.com\/noticias\/wp-content\/uploads\/2026\/01\/caracteristicas-radio.jpg 750w, https:\/\/www.periodicolapislazuli.com\/noticias\/wp-content\/uploads\/2026\/01\/caracteristicas-radio-630x460.jpg 630w\" sizes=\"(max-width: 750px) 100vw, 750px\" \/><figcaption id=\"caption-attachment-12680\" class=\"wp-caption-text\">Personas escuchando radio en contextos cotidianos, s\u00edmbolo del derecho a la informaci\u00f3n<\/figcaption><\/figure>\n<p>&nbsp;<\/p>\n<p>&nbsp;<\/p>\n<h3>Cuando tener dos opciones ya no es una opci\u00f3n<\/h3>\n<p>Durante a\u00f1os, aunque Caracol Radio y W Radio pertenec\u00edan al mismo grupo econ\u00f3mico, para muchas personas representaban alternativas distintas. Cambiar de emisora implicaba escuchar otros enfoques, otros \u00e9nfasis, incluso otras preguntas inc\u00f3modas. Esa peque\u00f1a diferencia \u2014a veces m\u00e1s simb\u00f3lica que real\u2014 permit\u00eda a las audiencias sentir que no todo estaba dicho desde un solo lugar.<br \/>\nCon la fusi\u00f3n, esa sensaci\u00f3n se pierde. Hoy, dos frecuencias emiten pr\u00e1cticamente el mismo contenido, con las mismas voces y una agenda informativa compartida. Para el oyente com\u00fan, la experiencia se vuelve repetitiva; para el ecosistema medi\u00e1tico, el empobrecimiento es m\u00e1s profundo. Menos diversidad editorial significa menos posibilidades de contraste, menos fricci\u00f3n de ideas y, en \u00faltimas, un debate p\u00fablico m\u00e1s estrecho.<\/p>\n<h3>El espectro radioel\u00e9ctrico no es un detalle t\u00e9cnico<\/h3>\n<p>M\u00e1s all\u00e1 de la programaci\u00f3n, la fusi\u00f3n reabre un debate de fondo: el uso del espectro radioel\u00e9ctrico. Este no es un recurso cualquiera; es un bien p\u00fablico, limitado y estrat\u00e9gico, que deber\u00eda administrarse pensando en el inter\u00e9s general.<br \/>\nEn ese sentido, resulta dif\u00edcil justificar que dos frecuencias se utilicen para transmitir la misma informaci\u00f3n, mientras numerosas iniciativas comunitarias, regionales o independientes luchan por un espacio en el dial. La pregunta es inevitable: \u00bfno podr\u00eda ese espectro servir para amplificar otras voces, otras realidades, otros territorios que rara vez aparecen en la agenda nacional?<\/p>\n<h3>Lo que dicen las redes: entre el sarcasmo y la preocupaci\u00f3n<\/h3>\n<p>Las reacciones en redes sociales no se hicieron esperar. En plataformas como X, muchos usuarios expresaron su inconformidad con iron\u00eda: \u201cdos emisoras para decir lo mismo\u201d fue una de las frases m\u00e1s repetidas. Otros se\u00f1alaron que la anunciada \u201cdiversidad de miradas\u201d no se traduce necesariamente en diversidad social, regional o de clase.<\/p>\n<p>&nbsp;<\/p>\n<blockquote class=\"twitter-tweet\">\n<p dir=\"ltr\" lang=\"es\">Cuando dos medios de comunicaci\u00f3n se fusionan c\u00f3mo W radio y Caracol no quiere decir que est\u00e9n ganando la batalla sino que la perdieron ya no hay credibilidad y la gente ya no traga entero. Via La Oreja Roja<a href=\"https:\/\/twitter.com\/laorejaroja?ref_src=twsrc%5Etfw\" target=\"_blank\" rel=\"noopener\">@laorejaroja<\/a> <a href=\"https:\/\/t.co\/NaUYU1E8ML\">pic.twitter.com\/NaUYU1E8ML<\/a><\/p>\n<p>\u2014 JohaYPunto (@JohaYpunto) <a href=\"https:\/\/twitter.com\/JohaYpunto\/status\/2012178424396145116?ref_src=twsrc%5Etfw\" target=\"_blank\" rel=\"noopener\">January 16, 2026<\/a><\/p><\/blockquote>\n<p><script async src=\"https:\/\/platform.twitter.com\/widgets.js\" charset=\"utf-8\"><\/script><\/p>\n<p>&nbsp;<\/p>\n<p>Tambi\u00e9n hubo mensajes de respeto hacia los periodistas involucrados, reconociendo trayectorias s\u00f3lidas y trabajos valiosos. Pero incluso entre esos apoyos apareci\u00f3 una preocupaci\u00f3n com\u00fan: el problema no son las personas, sino la concentraci\u00f3n del poder informativo en pocas manos y la naturalizaci\u00f3n de ese modelo como si fuera inevitable.<\/p>\n<p>&nbsp;<\/p>\n<blockquote class=\"twitter-tweet\">\n<p dir=\"ltr\" lang=\"es\">Si los a\u00f1os anteriores la <a href=\"https:\/\/twitter.com\/WRadioColombia?ref_src=twsrc%5Etfw\" target=\"_blank\" rel=\"noopener\">@WRadioColombia<\/a> daba verg\u00fcenza, ahora es peor.<br \/>\nLa fusi\u00f3n de Caracol y WRadio es la parrilla de cr\u00edticas irreverentes al gobierno Petro y enaltecer todo comunicado o manifestaci\u00f3n del se\u00f1or Uribe.<br \/>\nEl nombre ideal del noticiero ser\u00eda,<br \/>\nUberrimo 6:00 a.m. <a href=\"https:\/\/t.co\/FGCwu0F8U5\">pic.twitter.com\/FGCwu0F8U5<\/a><\/p>\n<p>\u2014 Euquico (@Eclides3) <a href=\"https:\/\/twitter.com\/Eclides3\/status\/2011765912945508576?ref_src=twsrc%5Etfw\" target=\"_blank\" rel=\"noopener\">January 15, 2026<\/a><\/p><\/blockquote>\n<p><script async src=\"https:\/\/platform.twitter.com\/widgets.js\" charset=\"utf-8\"><\/script><\/p>\n<p>&nbsp;<\/p>\n<h3>Un debate que va m\u00e1s all\u00e1 de una empresa<\/h3>\n<p>Reducir esta discusi\u00f3n a una decisi\u00f3n empresarial ser\u00eda un error. Lo que est\u00e1 en juego es el tipo de sistema medi\u00e1tico que Colombia quiere construir. En un pa\u00eds marcado por desigualdades profundas \u2014territoriales, sociales y econ\u00f3micas\u2014 el derecho a la informaci\u00f3n no puede depender \u00fanicamente de grandes conglomerados.<br \/>\nLa transformaci\u00f3n de los medios deber\u00eda apuntar a fortalecer el pluralismo, garantizar la igualdad de acceso a la palabra y promover una comunicaci\u00f3n que contribuya a la justicia social. Eso implica abrir espacio a medios p\u00fablicos fuertes, comunitarios, alternativos y regionales, capaces de narrar el pa\u00eds desde m\u00faltiples lugares y no solo desde los centros de poder.<\/p>\n<p>Al final, la pregunta sigue abierta y merece ser discutida sin triunfalismos: \u00bfesta fusi\u00f3n ampl\u00eda el derecho a la informaci\u00f3n o lo reduce? \u00bfContribuye a una ciudadan\u00eda m\u00e1s cr\u00edtica y mejor informada, o consolida un modelo donde cada vez menos voces deciden qu\u00e9 se dice y qu\u00e9 se calla? En tiempos de concentraci\u00f3n medi\u00e1tica, defender la diversidad informativa no es una postura ideol\u00f3gica extrema; es una condici\u00f3n b\u00e1sica para la democracia.<\/p>\n<div class=\"pvc_clear\"><\/div>\n<p id=\"pvc_stats_12679\" class=\"pvc_stats all  \" data-element-id=\"12679\" style=\"\"><i class=\"pvc-stats-icon large\" aria-hidden=\"true\"><svg aria-hidden=\"true\" focusable=\"false\" data-prefix=\"far\" data-icon=\"chart-bar\" role=\"img\" xmlns=\"http:\/\/www.w3.org\/2000\/svg\" viewBox=\"0 0 512 512\" class=\"svg-inline--fa fa-chart-bar fa-w-16 fa-2x\"><path fill=\"currentColor\" d=\"M396.8 352h22.4c6.4 0 12.8-6.4 12.8-12.8V108.8c0-6.4-6.4-12.8-12.8-12.8h-22.4c-6.4 0-12.8 6.4-12.8 12.8v230.4c0 6.4 6.4 12.8 12.8 12.8zm-192 0h22.4c6.4 0 12.8-6.4 12.8-12.8V140.8c0-6.4-6.4-12.8-12.8-12.8h-22.4c-6.4 0-12.8 6.4-12.8 12.8v198.4c0 6.4 6.4 12.8 12.8 12.8zm96 0h22.4c6.4 0 12.8-6.4 12.8-12.8V204.8c0-6.4-6.4-12.8-12.8-12.8h-22.4c-6.4 0-12.8 6.4-12.8 12.8v134.4c0 6.4 6.4 12.8 12.8 12.8zM496 400H48V80c0-8.84-7.16-16-16-16H16C7.16 64 0 71.16 0 80v336c0 17.67 14.33 32 32 32h464c8.84 0 16-7.16 16-16v-16c0-8.84-7.16-16-16-16zm-387.2-48h22.4c6.4 0 12.8-6.4 12.8-12.8v-70.4c0-6.4-6.4-12.8-12.8-12.8h-22.4c-6.4 0-12.8 6.4-12.8 12.8v70.4c0 6.4 6.4 12.8 12.8 12.8z\" class=\"\"><\/path><\/svg><\/i> <img decoding=\"async\" width=\"16\" height=\"16\" alt=\"Loading\" src=\"https:\/\/www.periodicolapislazuli.com\/noticias\/wp-content\/plugins\/page-views-count\/ajax-loader-2x.gif\" border=0 \/><\/p>\n<div class=\"pvc_clear\"><\/div>\n        <div class=\"booster-block booster-reactions-block\">\n            <div class=\"twp-reactions-icons\">\n                \n                <div class=\"twp-reacts-wrap\">\n                    <a react-data=\"be-react-1\" post-id=\"12679\" class=\"be-face-icons un-reacted\" href=\"javascript:void(0)\">\n                        <img decoding=\"async\" src=\"https:\/\/www.periodicolapislazuli.com\/noticias\/wp-content\/plugins\/booster-extension\/\/assets\/icon\/happy.svg\" alt=\"Happy\">\n                    <\/a>\n                    <div class=\"twp-reaction-title\">\n                        Happy                    <\/div>\n                    <div class=\"twp-count-percent\">\n                                                    <span style=\"display: none;\" class=\"twp-react-count\">0<\/span>\n                        \n                                                <span class=\"twp-react-percent\"><span>0<\/span> %<\/span>\n                                            <\/div>\n                <\/div>\n\n                <div class=\"twp-reacts-wrap\">\n                    <a react-data=\"be-react-2\" post-id=\"12679\" class=\"be-face-icons un-reacted\" href=\"javascript:void(0)\">\n                        <img decoding=\"async\" src=\"https:\/\/www.periodicolapislazuli.com\/noticias\/wp-content\/plugins\/booster-extension\/\/assets\/icon\/sad.svg\" alt=\"Sad\">\n                    <\/a>\n                    <div class=\"twp-reaction-title\">\n                        Sad                    <\/div>\n                    <div class=\"twp-count-percent\">\n                                                    <span style=\"display: none;\" class=\"twp-react-count\">0<\/span>\n                                                                        <span class=\"twp-react-percent\"><span>0<\/span> %<\/span>\n                                            <\/div>\n                <\/div>\n\n                <div class=\"twp-reacts-wrap\">\n                    <a react-data=\"be-react-3\" post-id=\"12679\" class=\"be-face-icons un-reacted\" href=\"javascript:void(0)\">\n                        <img decoding=\"async\" src=\"https:\/\/www.periodicolapislazuli.com\/noticias\/wp-content\/plugins\/booster-extension\/\/assets\/icon\/excited.svg\" alt=\"Excited\">\n                    <\/a>\n                    <div class=\"twp-reaction-title\">\n                        Excited                    <\/div>\n                    <div class=\"twp-count-percent\">\n                                                    <span style=\"display: none;\" class=\"twp-react-count\">0<\/span>\n                                                                        <span class=\"twp-react-percent\"><span>0<\/span> %<\/span>\n                                            <\/div>\n                <\/div>\n\n                <div class=\"twp-reacts-wrap\">\n                    <a react-data=\"be-react-6\" post-id=\"12679\" class=\"be-face-icons un-reacted\" href=\"javascript:void(0)\">\n                        <img decoding=\"async\" src=\"https:\/\/www.periodicolapislazuli.com\/noticias\/wp-content\/plugins\/booster-extension\/\/assets\/icon\/sleepy.svg\" alt=\"Sleepy\">\n                    <\/a>\n                    <div class=\"twp-reaction-title\">\n                        Sleepy                    <\/div>\n                    <div class=\"twp-count-percent\">\n                                                    <span style=\"display: none;\" class=\"twp-react-count\">0<\/span>\n                        \n                                                <span class=\"twp-react-percent\"><span>0<\/span> %<\/span>\n                                            <\/div>\n                <\/div>\n\n                <div class=\"twp-reacts-wrap\">\n                    <a react-data=\"be-react-4\" post-id=\"12679\" class=\"be-face-icons un-reacted\" href=\"javascript:void(0)\">\n                        <img decoding=\"async\" src=\"https:\/\/www.periodicolapislazuli.com\/noticias\/wp-content\/plugins\/booster-extension\/\/assets\/icon\/angry.svg\" alt=\"Angry\">\n                    <\/a>\n                    <div class=\"twp-reaction-title\">Angry<\/div>\n                    <div class=\"twp-count-percent\">\n                                                    <span style=\"display: none;\" class=\"twp-react-count\">0<\/span>\n                                                                        <span class=\"twp-react-percent\"><span>0<\/span> %<\/span>\n                        \n                    <\/div>\n                <\/div>\n\n                <div class=\"twp-reacts-wrap\">\n                    <a react-data=\"be-react-5\" post-id=\"12679\" class=\"be-face-icons un-reacted\" href=\"javascript:void(0)\">\n                        <img decoding=\"async\" src=\"https:\/\/www.periodicolapislazuli.com\/noticias\/wp-content\/plugins\/booster-extension\/\/assets\/icon\/surprise.svg\" alt=\"Surprise\">\n                    <\/a>\n                    <div class=\"twp-reaction-title\">Surprise<\/div>\n                    <div class=\"twp-count-percent\">\n                                                    <span style=\"display: none;\" class=\"twp-react-count\">0<\/span>\n                                                                        <span class=\"twp-react-percent\"><span>0<\/span> %<\/span>\n                                            <\/div>\n                <\/div>\n\n            <\/div>\n        <\/div>\n\n    ","protected":false},"excerpt":{"rendered":"<p>Cuando PRISA Media anunci\u00f3 la integraci\u00f3n de Caracol Radio y W Radio bajo una sola marca, el mensaje<\/p>\n<div class=\"pvc_clear\"><\/div>\n<p id=\"pvc_stats_12679\" class=\"pvc_stats all  \" data-element-id=\"12679\" style=\"\"><i class=\"pvc-stats-icon large\" aria-hidden=\"true\"><svg aria-hidden=\"true\" focusable=\"false\" data-prefix=\"far\" data-icon=\"chart-bar\" role=\"img\" xmlns=\"http:\/\/www.w3.org\/2000\/svg\" viewBox=\"0 0 512 512\" class=\"svg-inline--fa fa-chart-bar fa-w-16 fa-2x\"><path fill=\"currentColor\" d=\"M396.8 352h22.4c6.4 0 12.8-6.4 12.8-12.8V108.8c0-6.4-6.4-12.8-12.8-12.8h-22.4c-6.4 0-12.8 6.4-12.8 12.8v230.4c0 6.4 6.4 12.8 12.8 12.8zm-192 0h22.4c6.4 0 12.8-6.4 12.8-12.8V140.8c0-6.4-6.4-12.8-12.8-12.8h-22.4c-6.4 0-12.8 6.4-12.8 12.8v198.4c0 6.4 6.4 12.8 12.8 12.8zm96 0h22.4c6.4 0 12.8-6.4 12.8-12.8V204.8c0-6.4-6.4-12.8-12.8-12.8h-22.4c-6.4 0-12.8 6.4-12.8 12.8v134.4c0 6.4 6.4 12.8 12.8 12.8zM496 400H48V80c0-8.84-7.16-16-16-16H16C7.16 64 0 71.16 0 80v336c0 17.67 14.33 32 32 32h464c8.84 0 16-7.16 16-16v-16c0-8.84-7.16-16-16-16zm-387.2-48h22.4c6.4 0 12.8-6.4 12.8-12.8v-70.4c0-6.4-6.4-12.8-12.8-12.8h-22.4c-6.4 0-12.8 6.4-12.8 12.8v70.4c0 6.4 6.4 12.8 12.8 12.8z\" class=\"\"><\/path><\/svg><\/i> <img decoding=\"async\" width=\"16\" height=\"16\" alt=\"Loading\" src=\"https:\/\/www.periodicolapislazuli.com\/noticias\/wp-content\/plugins\/page-views-count\/ajax-loader-2x.gif\" border=0 \/><\/p>\n<div class=\"pvc_clear\"><\/div>\n","protected":false},"author":3,"featured_media":12681,"comment_status":"closed","ping_status":"open","sticky":false,"template":"","format":"standard","meta":{"om_disable_all_campaigns":false,"pagelayer_contact_templates":[],"_pagelayer_content":"","_monsterinsights_skip_tracking":false,"_monsterinsights_sitenote_active":false,"_monsterinsights_sitenote_note":"","_monsterinsights_sitenote_category":0,"footnotes":""},"categories":[3],"tags":[4154,4138,4157,4156,4155],"class_list":["post-12679","post","type-post","status-publish","format-standard","has-post-thumbnail","hentry","category-actualidad","tag-concentracion-mediatica","tag-democracia","tag-derecho-a-la-informacion","tag-espectro-radioelectrico","tag-pluralismo-informativo"],"a3_pvc":{"activated":true,"total_views":25,"today_views":0},"jetpack_featured_media_url":"https:\/\/www.periodicolapislazuli.com\/noticias\/wp-content\/uploads\/2026\/01\/1769070036058.webp","_links":{"self":[{"href":"https:\/\/www.periodicolapislazuli.com\/noticias\/wp-json\/wp\/v2\/posts\/12679","targetHints":{"allow":["GET"]}}],"collection":[{"href":"https:\/\/www.periodicolapislazuli.com\/noticias\/wp-json\/wp\/v2\/posts"}],"about":[{"href":"https:\/\/www.periodicolapislazuli.com\/noticias\/wp-json\/wp\/v2\/types\/post"}],"author":[{"embeddable":true,"href":"https:\/\/www.periodicolapislazuli.com\/noticias\/wp-json\/wp\/v2\/users\/3"}],"replies":[{"embeddable":true,"href":"https:\/\/www.periodicolapislazuli.com\/noticias\/wp-json\/wp\/v2\/comments?post=12679"}],"version-history":[{"count":6,"href":"https:\/\/www.periodicolapislazuli.com\/noticias\/wp-json\/wp\/v2\/posts\/12679\/revisions"}],"predecessor-version":[{"id":12705,"href":"https:\/\/www.periodicolapislazuli.com\/noticias\/wp-json\/wp\/v2\/posts\/12679\/revisions\/12705"}],"wp:featuredmedia":[{"embeddable":true,"href":"https:\/\/www.periodicolapislazuli.com\/noticias\/wp-json\/wp\/v2\/media\/12681"}],"wp:attachment":[{"href":"https:\/\/www.periodicolapislazuli.com\/noticias\/wp-json\/wp\/v2\/media?parent=12679"}],"wp:term":[{"taxonomy":"category","embeddable":true,"href":"https:\/\/www.periodicolapislazuli.com\/noticias\/wp-json\/wp\/v2\/categories?post=12679"},{"taxonomy":"post_tag","embeddable":true,"href":"https:\/\/www.periodicolapislazuli.com\/noticias\/wp-json\/wp\/v2\/tags?post=12679"}],"curies":[{"name":"wp","href":"https:\/\/api.w.org\/{rel}","templated":true}]}}