{"id":12297,"date":"2025-12-10T21:42:52","date_gmt":"2025-12-10T21:42:52","guid":{"rendered":"https:\/\/www.periodicolapislazuli.com\/noticias\/?p=12297"},"modified":"2025-12-10T21:42:52","modified_gmt":"2025-12-10T21:42:52","slug":"diciembre-cultural-en-la-unal-arte-musica-y-memoria-para-cerrar-el-ano","status":"publish","type":"post","link":"https:\/\/www.periodicolapislazuli.com\/noticias\/diciembre-cultural-en-la-unal-arte-musica-y-memoria-para-cerrar-el-ano\/","title":{"rendered":"Diciembre cultural en la UNAL: arte, m\u00fasica y memoria para cerrar el a\u00f1o"},"content":{"rendered":"<div class='booster-block booster-read-block'>\n                <div class=\"twp-read-time\">\n                \t<i class=\"booster-icon twp-clock\"><\/i> <span>Read Time:<\/span>5 Minute, 46 Second                <\/div>\n\n            <\/div><div class=\"header\">\n<p style=\"text-align: justify;\">\n<\/div>\n<div class=\"footer\" style=\"text-align: justify;\">\n<p style=\"text-align: right;\"><span class=\"sede\"> Bogot\u00e1 <\/span><span class=\"news-list-date\"><time datetime=\"2025-12-05\"> 05 de diciembre de 2025 <\/time><\/span><\/p>\n<\/div>\n<div id=\"share\" style=\"text-align: justify;\"><\/div>\n<div class=\"teaser-text\" style=\"text-align: justify;\">\n<p>Con la llegada de diciembre, los escenarios de la Universidad Nacional de Colombia (UNAL) Sede Bogot\u00e1 se llenan de arte, m\u00fasica y reflexi\u00f3n. La Direcci\u00f3n de Patrimonio Cultural invita al p\u00fablico a disfrutar de una programaci\u00f3n gratuita que transforma cada espacio universitario en un punto de encuentro con la cultura: desde los grandes conciertos del Auditorio Le\u00f3n de Greiff hasta las exposiciones contempor\u00e1neas del Claustro de San Agust\u00edn, donde la creaci\u00f3n art\u00edstica dialoga con la memoria, el territorio y el pensamiento cr\u00edtico.<\/p>\n<\/div>\n<div class=\"news-content\" style=\"text-align: justify;\">\n<div id=\"c14361\" class=\"frame frame-default frame-type-image frame-layout-0\">\n<div class=\"ce-image ce-center ce-above\">\n<div class=\"ce-gallery\" data-ce-columns=\"2\" data-ce-images=\"5\">\n<div class=\"ce-outer\">\n<div class=\"ce-inner\"><\/div>\n<\/div>\n<\/div>\n<\/div>\n<\/div>\n<\/div>\n<div id=\"c14361\" class=\"frame frame-default frame-type-image frame-layout-0\" style=\"text-align: justify;\">\n<div class=\"ce-image ce-center ce-above\">\n<div class=\"ce-gallery\" data-ce-columns=\"2\" data-ce-images=\"5\">\n<div class=\"ce-outer\">\n<div class=\"ce-inner\">Con capacidad para m\u00e1s de 1.600 espectadores y una ac\u00fastica reconocida entre las mejores de Am\u00e9rica Latina, el Auditorio Le\u00f3n de Greiff UNAL es uno de los escenarios culturales m\u00e1s emblem\u00e1ticos del pa\u00eds. En sus m\u00e1s de 40 a\u00f1os de historia ha sido la casa de la Orquesta Filarm\u00f3nica de Bogot\u00e1, consolidando una alianza que ha llevado la m\u00fasica sinf\u00f3nica a miles de asistentes.<\/div>\n<\/div>\n<\/div>\n<\/div>\n<\/div>\n<div id=\"c14362\" class=\"frame frame-default frame-type-text frame-layout-0\">\n<p style=\"text-align: justify;\">Este mes ambas instituciones celebran esa trayectoria con el concierto \u201cLleg\u00f3 diciembre con su alegr\u00eda y su m\u00fasica\u201d, el s\u00e1bado 6 de diciembre a las 4:00\u00a0p.\u00a0m. Bajo la direcci\u00f3n del maestro Rubi\u00e1n Zuluaga y con la participaci\u00f3n del Coro Filarm\u00f3nico Juvenil dirigido por Johanna Molano, la presentaci\u00f3n recorrer\u00e1 obras cl\u00e1sicas y navide\u00f1as, entre ellas la <em>Suite del Cascanueces<\/em> de Piotr Ilich Chaikovski, el <em>Adeste Fideles<\/em> de John Francis Wade, la polka <em>Tritsch-Tratsch<\/em> de Johann Strauss, y villancicos tradicionales en arreglos del maestro Victoriano Valencia.<\/p>\n<p style=\"text-align: justify;\">La cita, de entrada libre, promete ser una experiencia vibrante donde la m\u00fasica se convierte en punto de uni\u00f3n entre generaciones y p\u00fablicos diversos.<\/p>\n<p style=\"text-align: justify;\">Ese mismo d\u00eda, a las 2:00\u00a0p.\u00a0m., el Teatro del Edificio Nuevos Espacios para las Artes (303C) ser\u00e1 escenario del \u201cConcierto de Navidad\u201d, organizado por el Conservatorio de M\u00fasica de la UNAL. Esta presentaci\u00f3n, tambi\u00e9n con entrada libre, reunir\u00e1 a estudiantes y docentes en una tarde festiva que celebra el esp\u00edritu navide\u00f1o con un repertorio coral y orquestal pensado para toda la familia.<\/p>\n<h3 style=\"text-align: justify;\"><strong>Beethoven en la UNAL<\/strong><\/h3>\n<p style=\"text-align: justify;\">El esp\u00edritu sinf\u00f3nico continuar\u00e1 el mi\u00e9rcoles 10 de diciembre a las 7:00\u00a0p.\u00a0m., con la interpretaci\u00f3n de la <em>Novena Sinfon\u00eda<\/em> de Beethoven, considerada como una de las obras cumbre de la humanidad. Bajo la direcci\u00f3n del maestro Guerassim Voronkov, la Orquesta Sinf\u00f3nica del Conservatorio de M\u00fasica UNAL reunir\u00e1 6 agrupaciones corales y las voces solistas de Thania Ram\u00edrez (soprano), Yohana Ahumada (mezzosoprano), \u00d3scar Afanador (tenor) y Juli\u00e1n Frasser (bar\u00edtono).<\/p>\n<p style=\"text-align: justify;\">El famoso <em>Himno de la alegr\u00eda<\/em>, cuarto movimiento de la sinfon\u00eda, sonar\u00e1 en el Le\u00f3n de Greiff como un canto universal a la fraternidad y la esperanza, en una coproducci\u00f3n acad\u00e9mica entre la Facultad de Odontolog\u00eda y la Facultad de Artes de la UNAL.<\/p>\n<h3 style=\"text-align: justify;\"><strong>Justicia que repara a trav\u00e9s del arte<\/strong><\/h3>\n<p style=\"text-align: justify;\">El mi\u00e9rcoles 10 de diciembre a las 9:00\u00a0a.\u00a0m., el Auditorio Le\u00f3n de Greiff tambi\u00e9n ser\u00e1 el escenario del programa \u201cPresencias \u2014 Sonidos &amp; Ecos\u201d, de la Direcci\u00f3n de Patrimonio Cultural de la UNAL, bajo la curadur\u00eda y direcci\u00f3n de Mar\u00eda Bel\u00e9n S\u00e1ez de Ibarra. En esta ocasi\u00f3n, el espacio se integra a la ceremonia de presentaci\u00f3n del Hospital de La Paz, en Cumaral (Meta), un proyecto hist\u00f3rico de reparaci\u00f3n integral para mujeres v\u00edctimas de violencia sexual, dise\u00f1ado por el arquitecto chileno Alejandro Aravena, Premio Pritzker 2016.<\/p>\n<p style=\"text-align: justify;\">El acto reunir\u00e1 voces emblem\u00e1ticas como la de la cantante mexicana Vivir Quintana, el Coro Chaminade, la pianista cubana Beatriz Batista y el maestro An\u00edbal Dos Santos, junto con un coro de 200 mujeres \u2014100 v\u00edctimas del conflicto y 100 artistas profesionales\u2014 en un gesto de memoria y esperanza.<\/p>\n<p style=\"text-align: justify;\">Participar\u00e1n autoridades como el expresidente Juan Manuel Santos, el ministro de Salud Guillermo Jaramillo, y representantes de la JEP, la Red de Mujeres V\u00edctimas y la UNAL. Este encuentro, acompa\u00f1ado por obras musicales de Ahmed Muin, Astor Piazzolla y Vivir Quintana, se consolidar\u00e1 como un hito donde el arte, la justicia y la sanaci\u00f3n se entrelazan en una misma voz.<\/p>\n<h3 style=\"text-align: justify;\"><strong>Contracorriente con el Ballet Tri\u00e1dico de la Universidad<\/strong><\/h3>\n<p style=\"text-align: justify;\">El jueves 11 de diciembre, a las 7:00\u00a0p.\u00a0m. y en el marco de Arte por la Constituyente, el Auditorio Le\u00f3n de Greiff se transformar\u00e1 nuevamente con \u201cContracorriente, el Ballet Tri\u00e1dico de la Universidad Nacional de Colombia\u201d, presentado por el Semillero Pedagog\u00eda Bauhaus de la Facultad de Artes. Inspirada en la obra original del artista alem\u00e1n Oskar Schlemmer, esta versi\u00f3n reinterpretada y adaptada al contexto colombiano combina danza, dise\u00f1o, color, m\u00fasica y movimiento para recrear el universo simb\u00f3lico de las aguas que recorren el paisaje nacional.<\/p>\n<p style=\"text-align: justify;\">La propuesta ofrece una experiencia inmersiva en la que los cuerpos, los materiales y la luz dialogan con la herencia del arte moderno, construyendo un puente entre la experimentaci\u00f3n europea y la riqueza sensorial del territorio colombiano.<\/p>\n<h3 style=\"text-align: justify;\"><strong>Arte contempor\u00e1neo en el Claustro de San Agust\u00edn<\/strong><\/h3>\n<p style=\"text-align: justify;\">Mientras la m\u00fasica envuelve el campus, el arte se expande en el Claustro de San Agust\u00edn de la UNAL (carrera 8 #7-21, barrio La Candelaria), en donde dos exposiciones transforman la historia colonial del edificio en un espacio vivo de reflexi\u00f3n.<\/p>\n<p style=\"text-align: justify;\">\u201cLux Nova: La Nueva Eva\u201d, de la artista Luz Lizarazo, reinterpreta los mitos de origen desde una perspectiva feminista radical. El mural al fresco, elaborado con cal y pigmentos naturales, y una instalaci\u00f3n lum\u00ednica en forma de serpiente \u2014s\u00edmbolo de renacimiento y fuerza espiritual\u2014 se acompa\u00f1an de la pieza sonora <em>La creaci\u00f3n de la tierra<\/em> (1972), de la compositora Jacqueline Nova, pionera del arte sonoro en Am\u00e9rica Latina. La obra, comisionada por la Direcci\u00f3n de Patrimonio Cultural en el marco de su programa de Ecofeminismos, invita a pensar en una Nueva Eva que emerge del universo, aut\u00f3noma, rebelde y c\u00f3smica.<\/p>\n<p style=\"text-align: justify;\">En di\u00e1logo con esta propuesta, el artista Diego Samper presenta \u201cEl Ojo del Jaguar: Cosmogon\u00edas\u201d, una instalaci\u00f3n audiovisual que entrelaza pintura, fotograf\u00eda, video y paisaje sonoro. Basada en su proyecto \u201cSinfon\u00eda salvaje\u201d, realizado junto a sabedores amaz\u00f3nicos, la muestra recrea un viaje sensorial por la selva, donde el jaguar \u2014figura sagrada de poder y visi\u00f3n\u2014 gu\u00eda al espectador en un encuentro con los esp\u00edritus del bosque. La exposici\u00f3n, bajo la curadur\u00eda de Mar\u00eda Bel\u00e9n S\u00e1ez de Ibarra, propone una conciencia ecol\u00f3gica y espiritual que reconoce en la Amazonia el mayor patrimonio de la humanidad.<\/p>\n<p style=\"text-align: justify;\">Ambas exposiciones se presentan como gestos de memoria y resistencia frente a la crisis clim\u00e1tica, reafirmando el papel del arte como lenguaje de transformaci\u00f3n. En el Claustro, la historia se reescribe a trav\u00e9s de la luz, el sonido y la materia, mientras el Auditorio Le\u00f3n de Greiff mantiene su lugar como epicentro musical de Bogot\u00e1.<\/p>\n<p style=\"text-align: justify;\">En diciembre, los escenarios de la UNAL se abren a la ciudad como territorios de encuentro del arte, la ciencia y la comunidad. Desde los acordes de Beethoven hasta los murales vivos del Claustro de San Agust\u00edn, pasando por los villancicos y la energ\u00eda coral del Le\u00f3n de Greiff, la Direcci\u00f3n de Patrimonio Cultural invita a los bogotanos y visitantes a disfrutar de todas las actividades con entrada libre.<\/p>\n<\/div>\n<div class=\"pvc_clear\"><\/div>\n<p id=\"pvc_stats_12297\" class=\"pvc_stats all  \" data-element-id=\"12297\" style=\"\"><i class=\"pvc-stats-icon large\" aria-hidden=\"true\"><svg aria-hidden=\"true\" focusable=\"false\" data-prefix=\"far\" data-icon=\"chart-bar\" role=\"img\" xmlns=\"http:\/\/www.w3.org\/2000\/svg\" viewBox=\"0 0 512 512\" class=\"svg-inline--fa fa-chart-bar fa-w-16 fa-2x\"><path fill=\"currentColor\" d=\"M396.8 352h22.4c6.4 0 12.8-6.4 12.8-12.8V108.8c0-6.4-6.4-12.8-12.8-12.8h-22.4c-6.4 0-12.8 6.4-12.8 12.8v230.4c0 6.4 6.4 12.8 12.8 12.8zm-192 0h22.4c6.4 0 12.8-6.4 12.8-12.8V140.8c0-6.4-6.4-12.8-12.8-12.8h-22.4c-6.4 0-12.8 6.4-12.8 12.8v198.4c0 6.4 6.4 12.8 12.8 12.8zm96 0h22.4c6.4 0 12.8-6.4 12.8-12.8V204.8c0-6.4-6.4-12.8-12.8-12.8h-22.4c-6.4 0-12.8 6.4-12.8 12.8v134.4c0 6.4 6.4 12.8 12.8 12.8zM496 400H48V80c0-8.84-7.16-16-16-16H16C7.16 64 0 71.16 0 80v336c0 17.67 14.33 32 32 32h464c8.84 0 16-7.16 16-16v-16c0-8.84-7.16-16-16-16zm-387.2-48h22.4c6.4 0 12.8-6.4 12.8-12.8v-70.4c0-6.4-6.4-12.8-12.8-12.8h-22.4c-6.4 0-12.8 6.4-12.8 12.8v70.4c0 6.4 6.4 12.8 12.8 12.8z\" class=\"\"><\/path><\/svg><\/i> <img decoding=\"async\" width=\"16\" height=\"16\" alt=\"Loading\" src=\"https:\/\/www.periodicolapislazuli.com\/noticias\/wp-content\/plugins\/page-views-count\/ajax-loader-2x.gif\" border=0 \/><\/p>\n<div class=\"pvc_clear\"><\/div>\n        <div class=\"booster-block booster-reactions-block\">\n            <div class=\"twp-reactions-icons\">\n                \n                <div class=\"twp-reacts-wrap\">\n                    <a react-data=\"be-react-1\" post-id=\"12297\" class=\"be-face-icons un-reacted\" href=\"javascript:void(0)\">\n                        <img decoding=\"async\" src=\"https:\/\/www.periodicolapislazuli.com\/noticias\/wp-content\/plugins\/booster-extension\/\/assets\/icon\/happy.svg\" alt=\"Happy\">\n                    <\/a>\n                    <div class=\"twp-reaction-title\">\n                        Happy                    <\/div>\n                    <div class=\"twp-count-percent\">\n                                                    <span style=\"display: none;\" class=\"twp-react-count\">0<\/span>\n                        \n                                                <span class=\"twp-react-percent\"><span>0<\/span> %<\/span>\n                                            <\/div>\n                <\/div>\n\n                <div class=\"twp-reacts-wrap\">\n                    <a react-data=\"be-react-2\" post-id=\"12297\" class=\"be-face-icons un-reacted\" href=\"javascript:void(0)\">\n                        <img decoding=\"async\" src=\"https:\/\/www.periodicolapislazuli.com\/noticias\/wp-content\/plugins\/booster-extension\/\/assets\/icon\/sad.svg\" alt=\"Sad\">\n                    <\/a>\n                    <div class=\"twp-reaction-title\">\n                        Sad                    <\/div>\n                    <div class=\"twp-count-percent\">\n                                                    <span style=\"display: none;\" class=\"twp-react-count\">0<\/span>\n                                                                        <span class=\"twp-react-percent\"><span>0<\/span> %<\/span>\n                                            <\/div>\n                <\/div>\n\n                <div class=\"twp-reacts-wrap\">\n                    <a react-data=\"be-react-3\" post-id=\"12297\" class=\"be-face-icons un-reacted\" href=\"javascript:void(0)\">\n                        <img decoding=\"async\" src=\"https:\/\/www.periodicolapislazuli.com\/noticias\/wp-content\/plugins\/booster-extension\/\/assets\/icon\/excited.svg\" alt=\"Excited\">\n                    <\/a>\n                    <div class=\"twp-reaction-title\">\n                        Excited                    <\/div>\n                    <div class=\"twp-count-percent\">\n                                                    <span style=\"display: none;\" class=\"twp-react-count\">0<\/span>\n                                                                        <span class=\"twp-react-percent\"><span>0<\/span> %<\/span>\n                                            <\/div>\n                <\/div>\n\n                <div class=\"twp-reacts-wrap\">\n                    <a react-data=\"be-react-6\" post-id=\"12297\" class=\"be-face-icons un-reacted\" href=\"javascript:void(0)\">\n                        <img decoding=\"async\" src=\"https:\/\/www.periodicolapislazuli.com\/noticias\/wp-content\/plugins\/booster-extension\/\/assets\/icon\/sleepy.svg\" alt=\"Sleepy\">\n                    <\/a>\n                    <div class=\"twp-reaction-title\">\n                        Sleepy                    <\/div>\n                    <div class=\"twp-count-percent\">\n                                                    <span style=\"display: none;\" class=\"twp-react-count\">0<\/span>\n                        \n                                                <span class=\"twp-react-percent\"><span>0<\/span> %<\/span>\n                                            <\/div>\n                <\/div>\n\n                <div class=\"twp-reacts-wrap\">\n                    <a react-data=\"be-react-4\" post-id=\"12297\" class=\"be-face-icons un-reacted\" href=\"javascript:void(0)\">\n                        <img decoding=\"async\" src=\"https:\/\/www.periodicolapislazuli.com\/noticias\/wp-content\/plugins\/booster-extension\/\/assets\/icon\/angry.svg\" alt=\"Angry\">\n                    <\/a>\n                    <div class=\"twp-reaction-title\">Angry<\/div>\n                    <div class=\"twp-count-percent\">\n                                                    <span style=\"display: none;\" class=\"twp-react-count\">0<\/span>\n                                                                        <span class=\"twp-react-percent\"><span>0<\/span> %<\/span>\n                        \n                    <\/div>\n                <\/div>\n\n                <div class=\"twp-reacts-wrap\">\n                    <a react-data=\"be-react-5\" post-id=\"12297\" class=\"be-face-icons un-reacted\" href=\"javascript:void(0)\">\n                        <img decoding=\"async\" src=\"https:\/\/www.periodicolapislazuli.com\/noticias\/wp-content\/plugins\/booster-extension\/\/assets\/icon\/surprise.svg\" alt=\"Surprise\">\n                    <\/a>\n                    <div class=\"twp-reaction-title\">Surprise<\/div>\n                    <div class=\"twp-count-percent\">\n                                                    <span style=\"display: none;\" class=\"twp-react-count\">0<\/span>\n                                                                        <span class=\"twp-react-percent\"><span>0<\/span> %<\/span>\n                                            <\/div>\n                <\/div>\n\n            <\/div>\n        <\/div>\n\n    ","protected":false},"excerpt":{"rendered":"<p>Bogot\u00e1 05 de diciembre de 2025 Con la llegada de diciembre, los escenarios de la Universidad Nacional de<\/p>\n<div class=\"pvc_clear\"><\/div>\n<p id=\"pvc_stats_12297\" class=\"pvc_stats all  \" data-element-id=\"12297\" style=\"\"><i class=\"pvc-stats-icon large\" aria-hidden=\"true\"><svg aria-hidden=\"true\" focusable=\"false\" data-prefix=\"far\" data-icon=\"chart-bar\" role=\"img\" xmlns=\"http:\/\/www.w3.org\/2000\/svg\" viewBox=\"0 0 512 512\" class=\"svg-inline--fa fa-chart-bar fa-w-16 fa-2x\"><path fill=\"currentColor\" d=\"M396.8 352h22.4c6.4 0 12.8-6.4 12.8-12.8V108.8c0-6.4-6.4-12.8-12.8-12.8h-22.4c-6.4 0-12.8 6.4-12.8 12.8v230.4c0 6.4 6.4 12.8 12.8 12.8zm-192 0h22.4c6.4 0 12.8-6.4 12.8-12.8V140.8c0-6.4-6.4-12.8-12.8-12.8h-22.4c-6.4 0-12.8 6.4-12.8 12.8v198.4c0 6.4 6.4 12.8 12.8 12.8zm96 0h22.4c6.4 0 12.8-6.4 12.8-12.8V204.8c0-6.4-6.4-12.8-12.8-12.8h-22.4c-6.4 0-12.8 6.4-12.8 12.8v134.4c0 6.4 6.4 12.8 12.8 12.8zM496 400H48V80c0-8.84-7.16-16-16-16H16C7.16 64 0 71.16 0 80v336c0 17.67 14.33 32 32 32h464c8.84 0 16-7.16 16-16v-16c0-8.84-7.16-16-16-16zm-387.2-48h22.4c6.4 0 12.8-6.4 12.8-12.8v-70.4c0-6.4-6.4-12.8-12.8-12.8h-22.4c-6.4 0-12.8 6.4-12.8 12.8v70.4c0 6.4 6.4 12.8 12.8 12.8z\" class=\"\"><\/path><\/svg><\/i> <img decoding=\"async\" width=\"16\" height=\"16\" alt=\"Loading\" src=\"https:\/\/www.periodicolapislazuli.com\/noticias\/wp-content\/plugins\/page-views-count\/ajax-loader-2x.gif\" border=0 \/><\/p>\n<div class=\"pvc_clear\"><\/div>\n","protected":false},"author":4,"featured_media":12298,"comment_status":"closed","ping_status":"open","sticky":false,"template":"","format":"standard","meta":{"om_disable_all_campaigns":false,"pagelayer_contact_templates":[],"_pagelayer_content":"","_monsterinsights_skip_tracking":false,"_monsterinsights_sitenote_active":false,"_monsterinsights_sitenote_note":"","_monsterinsights_sitenote_category":0,"footnotes":""},"categories":[5],"tags":[146,139,693,227,177,188],"class_list":["post-12297","post","type-post","status-publish","format-standard","has-post-thumbnail","hentry","category-eventos","tag-arte","tag-cultural","tag-diciembre","tag-memoria","tag-musica","tag-unal"],"a3_pvc":{"activated":true,"total_views":13,"today_views":0},"jetpack_featured_media_url":"https:\/\/www.periodicolapislazuli.com\/noticias\/wp-content\/uploads\/2025\/12\/AgenciaUNAL-051225-01.jpg","_links":{"self":[{"href":"https:\/\/www.periodicolapislazuli.com\/noticias\/wp-json\/wp\/v2\/posts\/12297","targetHints":{"allow":["GET"]}}],"collection":[{"href":"https:\/\/www.periodicolapislazuli.com\/noticias\/wp-json\/wp\/v2\/posts"}],"about":[{"href":"https:\/\/www.periodicolapislazuli.com\/noticias\/wp-json\/wp\/v2\/types\/post"}],"author":[{"embeddable":true,"href":"https:\/\/www.periodicolapislazuli.com\/noticias\/wp-json\/wp\/v2\/users\/4"}],"replies":[{"embeddable":true,"href":"https:\/\/www.periodicolapislazuli.com\/noticias\/wp-json\/wp\/v2\/comments?post=12297"}],"version-history":[{"count":1,"href":"https:\/\/www.periodicolapislazuli.com\/noticias\/wp-json\/wp\/v2\/posts\/12297\/revisions"}],"predecessor-version":[{"id":12299,"href":"https:\/\/www.periodicolapislazuli.com\/noticias\/wp-json\/wp\/v2\/posts\/12297\/revisions\/12299"}],"wp:featuredmedia":[{"embeddable":true,"href":"https:\/\/www.periodicolapislazuli.com\/noticias\/wp-json\/wp\/v2\/media\/12298"}],"wp:attachment":[{"href":"https:\/\/www.periodicolapislazuli.com\/noticias\/wp-json\/wp\/v2\/media?parent=12297"}],"wp:term":[{"taxonomy":"category","embeddable":true,"href":"https:\/\/www.periodicolapislazuli.com\/noticias\/wp-json\/wp\/v2\/categories?post=12297"},{"taxonomy":"post_tag","embeddable":true,"href":"https:\/\/www.periodicolapislazuli.com\/noticias\/wp-json\/wp\/v2\/tags?post=12297"}],"curies":[{"name":"wp","href":"https:\/\/api.w.org\/{rel}","templated":true}]}}