{"id":12294,"date":"2025-12-03T21:38:21","date_gmt":"2025-12-03T21:38:21","guid":{"rendered":"https:\/\/www.periodicolapislazuli.com\/noticias\/?p=12294"},"modified":"2025-12-10T21:40:41","modified_gmt":"2025-12-10T21:40:41","slug":"la-ley-artes-al-aula-es-politica-de-estado-el-presidente-petro-sanciono-la-que-denomino-una-revolucion-de-la-cultura","status":"publish","type":"post","link":"https:\/\/www.periodicolapislazuli.com\/noticias\/la-ley-artes-al-aula-es-politica-de-estado-el-presidente-petro-sanciono-la-que-denomino-una-revolucion-de-la-cultura\/","title":{"rendered":"La Ley Artes al Aula es pol\u00edtica de Estado: el presidente Petro sancion\u00f3 la que denomin\u00f3 \u00abuna revoluci\u00f3n de la cultura\u00bb"},"content":{"rendered":"<div class='booster-block booster-read-block'>\n                <div class=\"twp-read-time\">\n                \t<i class=\"booster-icon twp-clock\"><\/i> <span>Read Time:<\/span>4 Minute, 27 Second                <\/div>\n\n            <\/div><div class=\"top-anchor\">\n<div class=\"credits reader-credits\" style=\"text-align: justify;\">El Presidente de la Rep\u00fablica, Gustavo Petro, sancion\u00f3 la Ley Artes al Aula en una ceremonia realizada en el Centro Nacional de las Artes Delia Zapata Olivella en Bogot\u00e1.<\/div>\n<\/div>\n<div class=\"container\" dir=\"ltr\" lang=\"es\">\n<div class=\"content\">\n<div class=\"moz-reader-content reader-show-element\">\n<div id=\"readability-page-1\" class=\"page\">\n<div style=\"text-align: justify;\">\n<p>Durante su intervenci\u00f3n, el mandatario contextualiz\u00f3 la trascendencia de esta Ley en el escenario social contempor\u00e1neo. El Presidente afirm\u00f3 que el tema central de la normativa est\u00e1 ligado directamente a una pedagog\u00eda prolongada de paz<strong>. \u201cLa guerra total es el suicidio de una sociedad. Y, en esa medida, \u00bfcu\u00e1l es el papel del arte en la construcci\u00f3n de la paz en Colombia? Ese es un tema que est\u00e1 planteado a trav\u00e9s de esta ley\u201d<\/strong>, afirm\u00f3 el Presidente Petro.<\/p>\n<p>La Ley, ahora vigente, se convierte formalmente en uno de los ejes estructurales del Programa Presidencial Artes para la Paz. <strong>La iniciativa busca potenciar las capacidades creativas, expresivas y ciudadanas de ni\u00f1as, ni\u00f1os y j\u00f3venes, apostando a que las culturas, las artes y los saberes sean herramientas esenciales para la construcci\u00f3n de paz y la transformaci\u00f3n social<\/strong>.<\/p>\n<h2>Del programa espor\u00e1dico a la cobertura nacional<\/h2>\n<p>El Presidente Petro utiliz\u00f3 el evento para reflexionar sobre la filosof\u00eda detr\u00e1s de la Ley y sus antecedentes. Record\u00f3 que una iniciativa similar fue implementada durante su mandato en la Alcald\u00eda de Bogot\u00e1, conocida como Bogot\u00e1 Humana, la cual logr\u00f3 cubrir a 90 mil estudiantes de colegios p\u00fablicos. El programa consist\u00eda en facilitar un espacio donde quienes hac\u00edan arte en los barrios pudieran transmitir sus saberes a ni\u00f1as y ni\u00f1os a trav\u00e9s de circo, danza, teatro, entre otras expresiones.<\/p>\n<p>El mandatario detall\u00f3 el impacto de aquel proyecto en la capital, al se\u00f1alar que se lograron fomentar diversas formas de expresi\u00f3n y sensibilidad en los j\u00f3venes. \u201cDiversas formas de expresi\u00f3n del cuerpo; diversas formas de sensibilidad en una juventud y una ni\u00f1ez que, como la bogotana, es diversa. [\u2026] <strong>al final, no solo se producen constructores de arte sino el p\u00fablico, porque el arte no es para uno solo, [\u2026] el arte es para la gente, para el mundo, para la sociedad<\/strong>\u201d, afirm\u00f3 el Presidente.<\/p>\n<p>Adem\u00e1s, hizo \u00e9nfasis en la revoluci\u00f3n cultural que se gest\u00f3 en ese momento: <strong>\u201cY se iradi\u00f3 un estudio de la m\u00fasica cl\u00e1sica en los colegios de Bogot\u00e1, al punto que empezaron a florecer orquestas en todos los colegios [\u2026] y se empez\u00f3 a ver c\u00f3mo las ni\u00f1as que iban a los colegios por la ma\u00f1ana, cruzando barrios de ciudad Bol\u00edvar; sal\u00edan con su viol\u00edn al hombro [\u2026] pues eso es una revoluci\u00f3n\u201d<\/strong>. No obstante, el Presidente expres\u00f3 que aquel programa fue espor\u00e1dico, pues lo disminuyeron hasta el punto que se acab\u00f3.<\/p>\n<p>&nbsp;<\/p>\n<h2><img fetchpriority=\"high\" decoding=\"async\" class=\"aligncenter wp-image-11094 size-full\" src=\"https:\/\/www.periodicolapislazuli.com\/noticias\/wp-content\/uploads\/2024\/08\/programa-artesanos.jpeg\" alt=\"\" width=\"2048\" height=\"1153\" srcset=\"https:\/\/www.periodicolapislazuli.com\/noticias\/wp-content\/uploads\/2024\/08\/programa-artesanos.jpeg 2048w, https:\/\/www.periodicolapislazuli.com\/noticias\/wp-content\/uploads\/2024\/08\/programa-artesanos-780x439.jpeg 780w, https:\/\/www.periodicolapislazuli.com\/noticias\/wp-content\/uploads\/2024\/08\/programa-artesanos-1200x676.jpeg 1200w, https:\/\/www.periodicolapislazuli.com\/noticias\/wp-content\/uploads\/2024\/08\/programa-artesanos-768x432.jpeg 768w, https:\/\/www.periodicolapislazuli.com\/noticias\/wp-content\/uploads\/2024\/08\/programa-artesanos-1536x865.jpeg 1536w\" sizes=\"(max-width: 2048px) 100vw, 2048px\" \/><\/h2>\n<h2>La dimensi\u00f3n \u00e9tica y el crecimiento de la iniciativa<\/h2>\n<p>Al contrastar la experiencia pasada con la sanci\u00f3n de la nueva ley, el Presidente Petro hizo un llamado a reflexionar sobre la filosof\u00eda de la educaci\u00f3n. El mandatario reflexion\u00f3 sobre la ense\u00f1anza que forma seres humanos para competir entre s\u00ed: <strong>\u201cLa humanidad se ayuda, no compite. Toda ense\u00f1anza que nos lleva a competir entre nosotros es antinatura. [\u2026] el ser humano se volvi\u00f3 especie dominante porque se ayuda, no porque compite\u201d<\/strong>.<\/p>\n<p>El mandatario asegur\u00f3 que la iniciativa de la Ley es que sea permanente y no espor\u00e1dica, lo que har\u00e1 que se beneficien m\u00e1s generaciones. En t\u00e9rminos de expansi\u00f3n y recursos, el mandatario precis\u00f3 las cifras logradas y la meta a corto plazo del Gobierno: <strong>\u201cHemos triplicado la cantidad de dotaciones que entregamos a los colegios en este gobierno, respecto a los anteriores. De 5 mil hay que pasar a 10 mil profesores. Hoy ya no estamos en 300 colegios p\u00fablicos de Bogot\u00e1, hoy estamos en 730 municipios y aproximadamente 3.500 colegios. [\u2026] Ya la cobertura no es 90 mil, sino medio mill\u00f3n de ni\u00f1os y j\u00f3venes en los colegios de Colombia\u201d<\/strong>. El Presidente afirm\u00f3 que esta expansi\u00f3n permitir\u00e1 que la \u201crevoluci\u00f3n de la cultura\u201d que promueve la Ley llegue a cubrir un mill\u00f3n de estudiantes.<\/p>\n<h2>La articulaci\u00f3n institucional para el fortalecimiento del SINEFAC<\/h2>\n<p>El acto de sanci\u00f3n cont\u00f3 con la presencia de los ministros de las Culturas, las Artes y los Saberes, Yannai Kadamani, y de Educaci\u00f3n Nacional, Daniel Rojas, junto al representante a la C\u00e1mara Duvalier S\u00e1nchez, autor e impulsor de la iniciativa. <strong>La Ley establece los lineamientos de una pol\u00edtica p\u00fablica que promueve la ense\u00f1anza y el aprendizaje desde las artes, liderada de manera conjunta por ambas carteras en el marco del Sistema Nacional de Educaci\u00f3n Art\u00edstica y Cultural (SINEFAC)<\/strong>.<\/p>\n<p><strong>La norma tambi\u00e9n compromete a ambos ministerios a dise\u00f1ar planes educativos orientados a la formaci\u00f3n docente en metodolog\u00edas art\u00edsticas y culturales, y a ampliar los escenarios de aprendizaje m\u00e1s all\u00e1 del aula, integrando a las instituciones educativas con los ecosistemas culturales de sus territorios<\/strong>. La sanci\u00f3n de esta ley constituye un punto de inflexi\u00f3n para la pol\u00edtica p\u00fablica en educaci\u00f3n y cultura: por primera vez, Colombia reconoce por mandato legal que la educaci\u00f3n art\u00edstica no es un complemento curricular, sino un derecho cultural y una herramienta esencial para la convivencia, la ciudadan\u00eda y la paz.<\/p>\n<p>Con la sanci\u00f3n de este articulado, el Gobierno del presidente Gustavo Petro consolida un ecosistema que permitir\u00e1 que las culturas, las artes y los saberes sean protagonistas en los procesos pedag\u00f3gicos de millones de ni\u00f1as, ni\u00f1os y j\u00f3venes en todo el pa\u00eds. <strong>Al convertir la educaci\u00f3n art\u00edstica en una pol\u00edtica de Estado permanente, se sienta la base para una \u201crevoluci\u00f3n de la cultura\u201d, como la calific\u00f3 el Presidente.<\/strong><\/p>\n<hr \/>\n<p style=\"text-align: right;\">Fuente: <a class=\"domain reader-domain\" href=\"https:\/\/www.rtvcnoticias.com\/actualidad\/educacion\/el-presidente-petro-sanciono-este-marte-la-ley-artes-al-aula\" target=\"_blank\" rel=\"noopener\">rtvcnoticias.com<\/a><\/p>\n<hr \/>\n<\/div>\n<\/div>\n<\/div>\n<\/div>\n<\/div>\n<div class=\"pvc_clear\"><\/div>\n<p id=\"pvc_stats_12294\" class=\"pvc_stats all  \" data-element-id=\"12294\" style=\"\"><i class=\"pvc-stats-icon large\" aria-hidden=\"true\"><svg aria-hidden=\"true\" focusable=\"false\" data-prefix=\"far\" data-icon=\"chart-bar\" role=\"img\" xmlns=\"http:\/\/www.w3.org\/2000\/svg\" viewBox=\"0 0 512 512\" class=\"svg-inline--fa fa-chart-bar fa-w-16 fa-2x\"><path fill=\"currentColor\" d=\"M396.8 352h22.4c6.4 0 12.8-6.4 12.8-12.8V108.8c0-6.4-6.4-12.8-12.8-12.8h-22.4c-6.4 0-12.8 6.4-12.8 12.8v230.4c0 6.4 6.4 12.8 12.8 12.8zm-192 0h22.4c6.4 0 12.8-6.4 12.8-12.8V140.8c0-6.4-6.4-12.8-12.8-12.8h-22.4c-6.4 0-12.8 6.4-12.8 12.8v198.4c0 6.4 6.4 12.8 12.8 12.8zm96 0h22.4c6.4 0 12.8-6.4 12.8-12.8V204.8c0-6.4-6.4-12.8-12.8-12.8h-22.4c-6.4 0-12.8 6.4-12.8 12.8v134.4c0 6.4 6.4 12.8 12.8 12.8zM496 400H48V80c0-8.84-7.16-16-16-16H16C7.16 64 0 71.16 0 80v336c0 17.67 14.33 32 32 32h464c8.84 0 16-7.16 16-16v-16c0-8.84-7.16-16-16-16zm-387.2-48h22.4c6.4 0 12.8-6.4 12.8-12.8v-70.4c0-6.4-6.4-12.8-12.8-12.8h-22.4c-6.4 0-12.8 6.4-12.8 12.8v70.4c0 6.4 6.4 12.8 12.8 12.8z\" class=\"\"><\/path><\/svg><\/i> <img decoding=\"async\" width=\"16\" height=\"16\" alt=\"Loading\" src=\"https:\/\/www.periodicolapislazuli.com\/noticias\/wp-content\/plugins\/page-views-count\/ajax-loader-2x.gif\" border=0 \/><\/p>\n<div class=\"pvc_clear\"><\/div>\n        <div class=\"booster-block booster-reactions-block\">\n            <div class=\"twp-reactions-icons\">\n                \n                <div class=\"twp-reacts-wrap\">\n                    <a react-data=\"be-react-1\" post-id=\"12294\" class=\"be-face-icons un-reacted\" href=\"javascript:void(0)\">\n                        <img decoding=\"async\" src=\"https:\/\/www.periodicolapislazuli.com\/noticias\/wp-content\/plugins\/booster-extension\/\/assets\/icon\/happy.svg\" alt=\"Happy\">\n                    <\/a>\n                    <div class=\"twp-reaction-title\">\n                        Happy                    <\/div>\n                    <div class=\"twp-count-percent\">\n                                                    <span style=\"display: none;\" class=\"twp-react-count\">0<\/span>\n                        \n                                                <span class=\"twp-react-percent\"><span>0<\/span> %<\/span>\n                                            <\/div>\n                <\/div>\n\n                <div class=\"twp-reacts-wrap\">\n                    <a react-data=\"be-react-2\" post-id=\"12294\" class=\"be-face-icons un-reacted\" href=\"javascript:void(0)\">\n                        <img decoding=\"async\" src=\"https:\/\/www.periodicolapislazuli.com\/noticias\/wp-content\/plugins\/booster-extension\/\/assets\/icon\/sad.svg\" alt=\"Sad\">\n                    <\/a>\n                    <div class=\"twp-reaction-title\">\n                        Sad                    <\/div>\n                    <div class=\"twp-count-percent\">\n                                                    <span style=\"display: none;\" class=\"twp-react-count\">0<\/span>\n                                                                        <span class=\"twp-react-percent\"><span>0<\/span> %<\/span>\n                                            <\/div>\n                <\/div>\n\n                <div class=\"twp-reacts-wrap\">\n                    <a react-data=\"be-react-3\" post-id=\"12294\" class=\"be-face-icons un-reacted\" href=\"javascript:void(0)\">\n                        <img decoding=\"async\" src=\"https:\/\/www.periodicolapislazuli.com\/noticias\/wp-content\/plugins\/booster-extension\/\/assets\/icon\/excited.svg\" alt=\"Excited\">\n                    <\/a>\n                    <div class=\"twp-reaction-title\">\n                        Excited                    <\/div>\n                    <div class=\"twp-count-percent\">\n                                                    <span style=\"display: none;\" class=\"twp-react-count\">0<\/span>\n                                                                        <span class=\"twp-react-percent\"><span>0<\/span> %<\/span>\n                                            <\/div>\n                <\/div>\n\n                <div class=\"twp-reacts-wrap\">\n                    <a react-data=\"be-react-6\" post-id=\"12294\" class=\"be-face-icons un-reacted\" href=\"javascript:void(0)\">\n                        <img decoding=\"async\" src=\"https:\/\/www.periodicolapislazuli.com\/noticias\/wp-content\/plugins\/booster-extension\/\/assets\/icon\/sleepy.svg\" alt=\"Sleepy\">\n                    <\/a>\n                    <div class=\"twp-reaction-title\">\n                        Sleepy                    <\/div>\n                    <div class=\"twp-count-percent\">\n                                                    <span style=\"display: none;\" class=\"twp-react-count\">0<\/span>\n                        \n                                                <span class=\"twp-react-percent\"><span>0<\/span> %<\/span>\n                                            <\/div>\n                <\/div>\n\n                <div class=\"twp-reacts-wrap\">\n                    <a react-data=\"be-react-4\" post-id=\"12294\" class=\"be-face-icons un-reacted\" href=\"javascript:void(0)\">\n                        <img decoding=\"async\" src=\"https:\/\/www.periodicolapislazuli.com\/noticias\/wp-content\/plugins\/booster-extension\/\/assets\/icon\/angry.svg\" alt=\"Angry\">\n                    <\/a>\n                    <div class=\"twp-reaction-title\">Angry<\/div>\n                    <div class=\"twp-count-percent\">\n                                                    <span style=\"display: none;\" class=\"twp-react-count\">0<\/span>\n                                                                        <span class=\"twp-react-percent\"><span>0<\/span> %<\/span>\n                        \n                    <\/div>\n                <\/div>\n\n                <div class=\"twp-reacts-wrap\">\n                    <a react-data=\"be-react-5\" post-id=\"12294\" class=\"be-face-icons un-reacted\" href=\"javascript:void(0)\">\n                        <img decoding=\"async\" src=\"https:\/\/www.periodicolapislazuli.com\/noticias\/wp-content\/plugins\/booster-extension\/\/assets\/icon\/surprise.svg\" alt=\"Surprise\">\n                    <\/a>\n                    <div class=\"twp-reaction-title\">Surprise<\/div>\n                    <div class=\"twp-count-percent\">\n                                                    <span style=\"display: none;\" class=\"twp-react-count\">0<\/span>\n                                                                        <span class=\"twp-react-percent\"><span>0<\/span> %<\/span>\n                                            <\/div>\n                <\/div>\n\n            <\/div>\n        <\/div>\n\n    ","protected":false},"excerpt":{"rendered":"<p>El Presidente de la Rep\u00fablica, Gustavo Petro, sancion\u00f3 la Ley Artes al Aula en una ceremonia realizada en<\/p>\n<div class=\"pvc_clear\"><\/div>\n<p id=\"pvc_stats_12294\" class=\"pvc_stats all  \" data-element-id=\"12294\" style=\"\"><i class=\"pvc-stats-icon large\" aria-hidden=\"true\"><svg aria-hidden=\"true\" focusable=\"false\" data-prefix=\"far\" data-icon=\"chart-bar\" role=\"img\" xmlns=\"http:\/\/www.w3.org\/2000\/svg\" viewBox=\"0 0 512 512\" class=\"svg-inline--fa fa-chart-bar fa-w-16 fa-2x\"><path fill=\"currentColor\" d=\"M396.8 352h22.4c6.4 0 12.8-6.4 12.8-12.8V108.8c0-6.4-6.4-12.8-12.8-12.8h-22.4c-6.4 0-12.8 6.4-12.8 12.8v230.4c0 6.4 6.4 12.8 12.8 12.8zm-192 0h22.4c6.4 0 12.8-6.4 12.8-12.8V140.8c0-6.4-6.4-12.8-12.8-12.8h-22.4c-6.4 0-12.8 6.4-12.8 12.8v198.4c0 6.4 6.4 12.8 12.8 12.8zm96 0h22.4c6.4 0 12.8-6.4 12.8-12.8V204.8c0-6.4-6.4-12.8-12.8-12.8h-22.4c-6.4 0-12.8 6.4-12.8 12.8v134.4c0 6.4 6.4 12.8 12.8 12.8zM496 400H48V80c0-8.84-7.16-16-16-16H16C7.16 64 0 71.16 0 80v336c0 17.67 14.33 32 32 32h464c8.84 0 16-7.16 16-16v-16c0-8.84-7.16-16-16-16zm-387.2-48h22.4c6.4 0 12.8-6.4 12.8-12.8v-70.4c0-6.4-6.4-12.8-12.8-12.8h-22.4c-6.4 0-12.8 6.4-12.8 12.8v70.4c0 6.4 6.4 12.8 12.8 12.8z\" class=\"\"><\/path><\/svg><\/i> <img decoding=\"async\" width=\"16\" height=\"16\" alt=\"Loading\" src=\"https:\/\/www.periodicolapislazuli.com\/noticias\/wp-content\/plugins\/page-views-count\/ajax-loader-2x.gif\" border=0 \/><\/p>\n<div class=\"pvc_clear\"><\/div>\n","protected":false},"author":4,"featured_media":12295,"comment_status":"closed","ping_status":"open","sticky":false,"template":"","format":"standard","meta":{"om_disable_all_campaigns":false,"pagelayer_contact_templates":[],"_pagelayer_content":"","_monsterinsights_skip_tracking":false,"_monsterinsights_sitenote_active":false,"_monsterinsights_sitenote_note":"","_monsterinsights_sitenote_category":0,"footnotes":""},"categories":[3],"tags":[],"class_list":["post-12294","post","type-post","status-publish","format-standard","has-post-thumbnail","hentry","category-actualidad"],"a3_pvc":{"activated":true,"total_views":16,"today_views":0},"jetpack_featured_media_url":"https:\/\/www.periodicolapislazuli.com\/noticias\/wp-content\/uploads\/2025\/12\/54959202187_68ada41019_k.jpg","_links":{"self":[{"href":"https:\/\/www.periodicolapislazuli.com\/noticias\/wp-json\/wp\/v2\/posts\/12294","targetHints":{"allow":["GET"]}}],"collection":[{"href":"https:\/\/www.periodicolapislazuli.com\/noticias\/wp-json\/wp\/v2\/posts"}],"about":[{"href":"https:\/\/www.periodicolapislazuli.com\/noticias\/wp-json\/wp\/v2\/types\/post"}],"author":[{"embeddable":true,"href":"https:\/\/www.periodicolapislazuli.com\/noticias\/wp-json\/wp\/v2\/users\/4"}],"replies":[{"embeddable":true,"href":"https:\/\/www.periodicolapislazuli.com\/noticias\/wp-json\/wp\/v2\/comments?post=12294"}],"version-history":[{"count":1,"href":"https:\/\/www.periodicolapislazuli.com\/noticias\/wp-json\/wp\/v2\/posts\/12294\/revisions"}],"predecessor-version":[{"id":12296,"href":"https:\/\/www.periodicolapislazuli.com\/noticias\/wp-json\/wp\/v2\/posts\/12294\/revisions\/12296"}],"wp:featuredmedia":[{"embeddable":true,"href":"https:\/\/www.periodicolapislazuli.com\/noticias\/wp-json\/wp\/v2\/media\/12295"}],"wp:attachment":[{"href":"https:\/\/www.periodicolapislazuli.com\/noticias\/wp-json\/wp\/v2\/media?parent=12294"}],"wp:term":[{"taxonomy":"category","embeddable":true,"href":"https:\/\/www.periodicolapislazuli.com\/noticias\/wp-json\/wp\/v2\/categories?post=12294"},{"taxonomy":"post_tag","embeddable":true,"href":"https:\/\/www.periodicolapislazuli.com\/noticias\/wp-json\/wp\/v2\/tags?post=12294"}],"curies":[{"name":"wp","href":"https:\/\/api.w.org\/{rel}","templated":true}]}}