{"id":12291,"date":"2025-12-10T21:36:28","date_gmt":"2025-12-10T21:36:28","guid":{"rendered":"https:\/\/www.periodicolapislazuli.com\/noticias\/?p=12291"},"modified":"2025-12-10T21:36:28","modified_gmt":"2025-12-10T21:36:28","slug":"presidente-gustavo-petro-pide-iniciar-proceso-para-repatriar-patrimonio-arqueologico-colombiano-desde-europa","status":"publish","type":"post","link":"https:\/\/www.periodicolapislazuli.com\/noticias\/presidente-gustavo-petro-pide-iniciar-proceso-para-repatriar-patrimonio-arqueologico-colombiano-desde-europa\/","title":{"rendered":"Presidente Gustavo Petro pide iniciar proceso para repatriar patrimonio arqueol\u00f3gico colombiano desde Europa"},"content":{"rendered":"<div class='booster-block booster-read-block'>\n                <div class=\"twp-read-time\">\n                \t<i class=\"booster-icon twp-clock\"><\/i> <span>Read Time:<\/span>3 Minute, 23 Second                <\/div>\n\n            <\/div><div class=\"header-article\">\n<div class=\"article-header-title mb-3\">\n<div class=\"field field--name-node-title field--type-ds field--label-hidden field__item\">\n<h3>En el Parque Arqueol\u00f3gico de San Agust\u00edn, el Presidente reclam\u00f3 la devoluci\u00f3n de piezas prehisp\u00e1nicas en manos de Alemania y Espa\u00f1a, entre ellas el tesoro Quimbaya, y plante\u00f3 combinar acciones legales y movilizaci\u00f3n ciudadana por el patrimonio.<\/h3>\n<\/div>\n<\/div>\n<\/div>\n<div class=\"article-header-image article-fluid-image filter-image\">\n<div class=\"article-subheader-published\">\n<div class=\"field field--name-node-post-date-informativo field--type-ds field--label-hidden field__item\" style=\"text-align: right;\">05 de Diciembre 2025, 8:52 PM<\/div>\n<p>&nbsp;<\/p>\n<p style=\"text-align: justify;\">En la conmemoraci\u00f3n de los 90 a\u00f1os del Parque Arqueol\u00f3gico de San Agust\u00edn y los 30 a\u00f1os de su inclusi\u00f3n en la lista de Patrimonio Mundial de la UNESCO, el presidente Gustavo Petro pidi\u00f3 que Colombia avance en acciones para repatriar patrimonio arqueol\u00f3gico que permanece en Europa.<\/p>\n<p style=\"text-align: justify;\">Despu\u00e9s de un recorrido por las esculturas monumentales del parque, el jefe de Estado insisti\u00f3 en que las obras de las antiguas culturas no pueden seguir lejos del territorio donde fueron creadas. \u201cQuiz\u00e1s no estar\u00edan de acuerdo los hacedores de esas estatuas con lo que hemos hecho despu\u00e9s. <strong>No sabemos bien cu\u00e1ndo aparecieron y por qu\u00e9, y cu\u00e1ndo se fueron o desaparecieron. Total, es que no est\u00e1n aqu\u00ed sino en su obra y en nuestra sangre. Su obra, indudablemente, tiene que ser recuperada<\/strong>\u201d, afirm\u00f3.<\/p>\n<h2 style=\"text-align: justify;\">M\u00e1scaras kogui en Alemania y el tesoro Quimbaya en Madrid<\/h2>\n<p style=\"text-align: justify;\">El presidente relat\u00f3 que ya se han logrado avances con el gobierno alem\u00e1n para la devoluci\u00f3n de piezas prehisp\u00e1nicas. \u201cEl presidente actual de Alemania me devolvi\u00f3 dos m\u00e1scaras de la cultura Kogui\u201d, se\u00f1al\u00f3, al tiempo que advirti\u00f3 que en ese pa\u00eds siguen existiendo bienes arqueol\u00f3gicos colombianos en manos privadas.<\/p>\n<p style=\"text-align: justify;\"><strong>A partir de ese caso, plante\u00f3 dos caminos de acci\u00f3n: el uso de mecanismos jur\u00eddicos y la organizaci\u00f3n de comunidades colombianas en el exterior para respaldar la exigencia de retorno de estas piezas<\/strong>. \u201cQue nos devuelvan nuestro patrimonio. Ese patrimonio que es de toda Colombia pero que tiene que quedar aqu\u00ed\u201d, subray\u00f3.<\/p>\n<p style=\"text-align: justify;\">En ese mismo tramo del discurso, el presidente mencion\u00f3 \u201cel tesoro Quimbaya que tienen los espa\u00f1oles en Madrid\u201d, orfebrer\u00eda que, record\u00f3, data de hace 3 mil a\u00f1os, y que a su juicio tambi\u00e9n debe regresar al pa\u00eds.<\/p>\n<\/div>\n<h2 style=\"text-align: justify;\">\u00abMigrantes son los que llegaron hace 100 a\u00f1os\u00bb<\/h2>\n<p style=\"text-align: justify;\">El mandatario abri\u00f3 su intervenci\u00f3n con una reflexi\u00f3n sobre memoria hist\u00f3rica y ciclos de violencia. \u201cColombia ha perdido varias veces la memoria y, cada vez que perdemos la memoria repetimos los mismos errores que se cometieron y terminamos en ciclos de violencia\u201d, dijo al inicio. Desde San Agust\u00edn, evoc\u00f3 los hallazgos que dan cuenta de la profundidad de las culturas que habitaron el territorio mucho antes de la colonizaci\u00f3n europea:<\/p>\n<p style=\"text-align: justify;\"><strong>\u201cAqu\u00ed hay un recordatorio de nuestra memoria. [\u2026] De acuerdo con lo que escuch\u00e9, se encontraron los primeros vestigios de vida humana a trav\u00e9s del ma\u00edz [\u2026] eso fue hace 6 mil a\u00f1os\u201d<\/strong>, sostuvo, y a\u00f1adi\u00f3 que en lugares como Chiribiquete se han encontrado evidencias que se remontan a 20 mil a\u00f1os.<\/p>\n<p style=\"text-align: justify;\">Con ese contexto, cuestion\u00f3 el trato que reciben hoy los latinoamericanos en distintos pa\u00edses: \u201cen sectores de Am\u00e9rica nos echan como perros, nos encadenan, nos amenazan aqu\u00ed; como si fu\u00e9ramos reci\u00e9n llegados. Nos dicen migrantes. Migrantes son los que llegaron hace 100 a\u00f1os\u2026\u201d.<\/p>\n<h2 style=\"text-align: justify;\">Parques con Memoria 2025: patrimonio vivo y responsabilidad de Estado<\/h2>\n<p style=\"text-align: justify;\">La intervenci\u00f3n del presidente hizo parte de la agenda \u201cParques con Memoria 2025\u201d, que re\u00fane tres hitos del patrimonio arqueol\u00f3gico: 90 a\u00f1os del Parque Arqueol\u00f3gico de San Agust\u00edn, 80 a\u00f1os del Parque Arqueol\u00f3gico Nacional de Tierradentro y 30 a\u00f1os de la inscripci\u00f3n de San Agust\u00edn en la lista de Patrimonio Mundial de la UNESCO.<\/p>\n<p style=\"text-align: justify;\"><strong>Estos parques, administrados por el Instituto Colombiano de Antropolog\u00eda e Historia (ICANH), concentran uno de los conjuntos arqueol\u00f3gicos m\u00e1s relevantes de Sudam\u00e9rica y han sido objeto de investigaci\u00f3n, conservaci\u00f3n y divulgaci\u00f3n desde que la Ley 103 de 1931<\/strong> orden\u00f3 la creaci\u00f3n del Parque Arqueol\u00f3gico de San Agust\u00edn y del Servicio Arqueol\u00f3gico Nacional.<\/p>\n<p style=\"text-align: justify;\">Al cerrar su intervenci\u00f3n, el presidente retom\u00f3 el v\u00ednculo entre las sociedades antiguas y los retos del presente: \u201ctodo ser humano trasciende a trav\u00e9s de las generaciones que siguen, a trav\u00e9s de su propia energ\u00eda vital. Y aqu\u00ed ellos, los que est\u00e1n enterrados, nos han transferido esa misi\u00f3n de luchar por la vida a trav\u00e9s de su arte y de su sensibilidad\u201d.<\/p>\n<\/div>\n<p>Fuente: rtvcnoticias.com<\/p>\n<div class=\"article-header-image article-fluid-image filter-image\">\n<div class=\"article-subheader-published\">\n<hr \/>\n<\/div>\n<\/div>\n<div class=\"pvc_clear\"><\/div>\n<p id=\"pvc_stats_12291\" class=\"pvc_stats all  \" data-element-id=\"12291\" style=\"\"><i class=\"pvc-stats-icon large\" aria-hidden=\"true\"><svg aria-hidden=\"true\" focusable=\"false\" data-prefix=\"far\" data-icon=\"chart-bar\" role=\"img\" xmlns=\"http:\/\/www.w3.org\/2000\/svg\" viewBox=\"0 0 512 512\" class=\"svg-inline--fa fa-chart-bar fa-w-16 fa-2x\"><path fill=\"currentColor\" d=\"M396.8 352h22.4c6.4 0 12.8-6.4 12.8-12.8V108.8c0-6.4-6.4-12.8-12.8-12.8h-22.4c-6.4 0-12.8 6.4-12.8 12.8v230.4c0 6.4 6.4 12.8 12.8 12.8zm-192 0h22.4c6.4 0 12.8-6.4 12.8-12.8V140.8c0-6.4-6.4-12.8-12.8-12.8h-22.4c-6.4 0-12.8 6.4-12.8 12.8v198.4c0 6.4 6.4 12.8 12.8 12.8zm96 0h22.4c6.4 0 12.8-6.4 12.8-12.8V204.8c0-6.4-6.4-12.8-12.8-12.8h-22.4c-6.4 0-12.8 6.4-12.8 12.8v134.4c0 6.4 6.4 12.8 12.8 12.8zM496 400H48V80c0-8.84-7.16-16-16-16H16C7.16 64 0 71.16 0 80v336c0 17.67 14.33 32 32 32h464c8.84 0 16-7.16 16-16v-16c0-8.84-7.16-16-16-16zm-387.2-48h22.4c6.4 0 12.8-6.4 12.8-12.8v-70.4c0-6.4-6.4-12.8-12.8-12.8h-22.4c-6.4 0-12.8 6.4-12.8 12.8v70.4c0 6.4 6.4 12.8 12.8 12.8z\" class=\"\"><\/path><\/svg><\/i> <img decoding=\"async\" width=\"16\" height=\"16\" alt=\"Loading\" src=\"https:\/\/www.periodicolapislazuli.com\/noticias\/wp-content\/plugins\/page-views-count\/ajax-loader-2x.gif\" border=0 \/><\/p>\n<div class=\"pvc_clear\"><\/div>\n        <div class=\"booster-block booster-reactions-block\">\n            <div class=\"twp-reactions-icons\">\n                \n                <div class=\"twp-reacts-wrap\">\n                    <a react-data=\"be-react-1\" post-id=\"12291\" class=\"be-face-icons un-reacted\" href=\"javascript:void(0)\">\n                        <img decoding=\"async\" src=\"https:\/\/www.periodicolapislazuli.com\/noticias\/wp-content\/plugins\/booster-extension\/\/assets\/icon\/happy.svg\" alt=\"Happy\">\n                    <\/a>\n                    <div class=\"twp-reaction-title\">\n                        Happy                    <\/div>\n                    <div class=\"twp-count-percent\">\n                                                    <span style=\"display: none;\" class=\"twp-react-count\">0<\/span>\n                        \n                                                <span class=\"twp-react-percent\"><span>0<\/span> %<\/span>\n                                            <\/div>\n                <\/div>\n\n                <div class=\"twp-reacts-wrap\">\n                    <a react-data=\"be-react-2\" post-id=\"12291\" class=\"be-face-icons un-reacted\" href=\"javascript:void(0)\">\n                        <img decoding=\"async\" src=\"https:\/\/www.periodicolapislazuli.com\/noticias\/wp-content\/plugins\/booster-extension\/\/assets\/icon\/sad.svg\" alt=\"Sad\">\n                    <\/a>\n                    <div class=\"twp-reaction-title\">\n                        Sad                    <\/div>\n                    <div class=\"twp-count-percent\">\n                                                    <span style=\"display: none;\" class=\"twp-react-count\">0<\/span>\n                                                                        <span class=\"twp-react-percent\"><span>0<\/span> %<\/span>\n                                            <\/div>\n                <\/div>\n\n                <div class=\"twp-reacts-wrap\">\n                    <a react-data=\"be-react-3\" post-id=\"12291\" class=\"be-face-icons un-reacted\" href=\"javascript:void(0)\">\n                        <img decoding=\"async\" src=\"https:\/\/www.periodicolapislazuli.com\/noticias\/wp-content\/plugins\/booster-extension\/\/assets\/icon\/excited.svg\" alt=\"Excited\">\n                    <\/a>\n                    <div class=\"twp-reaction-title\">\n                        Excited                    <\/div>\n                    <div class=\"twp-count-percent\">\n                                                    <span style=\"display: none;\" class=\"twp-react-count\">0<\/span>\n                                                                        <span class=\"twp-react-percent\"><span>0<\/span> %<\/span>\n                                            <\/div>\n                <\/div>\n\n                <div class=\"twp-reacts-wrap\">\n                    <a react-data=\"be-react-6\" post-id=\"12291\" class=\"be-face-icons un-reacted\" href=\"javascript:void(0)\">\n                        <img decoding=\"async\" src=\"https:\/\/www.periodicolapislazuli.com\/noticias\/wp-content\/plugins\/booster-extension\/\/assets\/icon\/sleepy.svg\" alt=\"Sleepy\">\n                    <\/a>\n                    <div class=\"twp-reaction-title\">\n                        Sleepy                    <\/div>\n                    <div class=\"twp-count-percent\">\n                                                    <span style=\"display: none;\" class=\"twp-react-count\">0<\/span>\n                        \n                                                <span class=\"twp-react-percent\"><span>0<\/span> %<\/span>\n                                            <\/div>\n                <\/div>\n\n                <div class=\"twp-reacts-wrap\">\n                    <a react-data=\"be-react-4\" post-id=\"12291\" class=\"be-face-icons un-reacted\" href=\"javascript:void(0)\">\n                        <img decoding=\"async\" src=\"https:\/\/www.periodicolapislazuli.com\/noticias\/wp-content\/plugins\/booster-extension\/\/assets\/icon\/angry.svg\" alt=\"Angry\">\n                    <\/a>\n                    <div class=\"twp-reaction-title\">Angry<\/div>\n                    <div class=\"twp-count-percent\">\n                                                    <span style=\"display: none;\" class=\"twp-react-count\">0<\/span>\n                                                                        <span class=\"twp-react-percent\"><span>0<\/span> %<\/span>\n                        \n                    <\/div>\n                <\/div>\n\n                <div class=\"twp-reacts-wrap\">\n                    <a react-data=\"be-react-5\" post-id=\"12291\" class=\"be-face-icons un-reacted\" href=\"javascript:void(0)\">\n                        <img decoding=\"async\" src=\"https:\/\/www.periodicolapislazuli.com\/noticias\/wp-content\/plugins\/booster-extension\/\/assets\/icon\/surprise.svg\" alt=\"Surprise\">\n                    <\/a>\n                    <div class=\"twp-reaction-title\">Surprise<\/div>\n                    <div class=\"twp-count-percent\">\n                                                    <span style=\"display: none;\" class=\"twp-react-count\">0<\/span>\n                                                                        <span class=\"twp-react-percent\"><span>0<\/span> %<\/span>\n                                            <\/div>\n                <\/div>\n\n            <\/div>\n        <\/div>\n\n    ","protected":false},"excerpt":{"rendered":"<p>En el Parque Arqueol\u00f3gico de San Agust\u00edn, el Presidente reclam\u00f3 la devoluci\u00f3n de piezas prehisp\u00e1nicas en manos de<\/p>\n<div class=\"pvc_clear\"><\/div>\n<p id=\"pvc_stats_12291\" class=\"pvc_stats all  \" data-element-id=\"12291\" style=\"\"><i class=\"pvc-stats-icon large\" aria-hidden=\"true\"><svg aria-hidden=\"true\" focusable=\"false\" data-prefix=\"far\" data-icon=\"chart-bar\" role=\"img\" xmlns=\"http:\/\/www.w3.org\/2000\/svg\" viewBox=\"0 0 512 512\" class=\"svg-inline--fa fa-chart-bar fa-w-16 fa-2x\"><path fill=\"currentColor\" d=\"M396.8 352h22.4c6.4 0 12.8-6.4 12.8-12.8V108.8c0-6.4-6.4-12.8-12.8-12.8h-22.4c-6.4 0-12.8 6.4-12.8 12.8v230.4c0 6.4 6.4 12.8 12.8 12.8zm-192 0h22.4c6.4 0 12.8-6.4 12.8-12.8V140.8c0-6.4-6.4-12.8-12.8-12.8h-22.4c-6.4 0-12.8 6.4-12.8 12.8v198.4c0 6.4 6.4 12.8 12.8 12.8zm96 0h22.4c6.4 0 12.8-6.4 12.8-12.8V204.8c0-6.4-6.4-12.8-12.8-12.8h-22.4c-6.4 0-12.8 6.4-12.8 12.8v134.4c0 6.4 6.4 12.8 12.8 12.8zM496 400H48V80c0-8.84-7.16-16-16-16H16C7.16 64 0 71.16 0 80v336c0 17.67 14.33 32 32 32h464c8.84 0 16-7.16 16-16v-16c0-8.84-7.16-16-16-16zm-387.2-48h22.4c6.4 0 12.8-6.4 12.8-12.8v-70.4c0-6.4-6.4-12.8-12.8-12.8h-22.4c-6.4 0-12.8 6.4-12.8 12.8v70.4c0 6.4 6.4 12.8 12.8 12.8z\" class=\"\"><\/path><\/svg><\/i> <img decoding=\"async\" width=\"16\" height=\"16\" alt=\"Loading\" src=\"https:\/\/www.periodicolapislazuli.com\/noticias\/wp-content\/plugins\/page-views-count\/ajax-loader-2x.gif\" border=0 \/><\/p>\n<div class=\"pvc_clear\"><\/div>\n","protected":false},"author":4,"featured_media":12292,"comment_status":"closed","ping_status":"open","sticky":false,"template":"","format":"standard","meta":{"om_disable_all_campaigns":false,"pagelayer_contact_templates":[],"_pagelayer_content":"","_monsterinsights_skip_tracking":false,"_monsterinsights_sitenote_active":false,"_monsterinsights_sitenote_note":"","_monsterinsights_sitenote_category":0,"footnotes":""},"categories":[3],"tags":[897,4075,4074,4076],"class_list":["post-12291","post","type-post","status-publish","format-standard","has-post-thumbnail","hentry","category-actualidad","tag-alemania","tag-arqueologicos","tag-instituto-colombiano-de-antropologia-e-historia","tag-san-agustin"],"a3_pvc":{"activated":true,"total_views":14,"today_views":0},"jetpack_featured_media_url":"https:\/\/www.periodicolapislazuli.com\/noticias\/wp-content\/uploads\/2025\/12\/Presidente-Petro-Patrimonio-arqueologico.jpg","_links":{"self":[{"href":"https:\/\/www.periodicolapislazuli.com\/noticias\/wp-json\/wp\/v2\/posts\/12291","targetHints":{"allow":["GET"]}}],"collection":[{"href":"https:\/\/www.periodicolapislazuli.com\/noticias\/wp-json\/wp\/v2\/posts"}],"about":[{"href":"https:\/\/www.periodicolapislazuli.com\/noticias\/wp-json\/wp\/v2\/types\/post"}],"author":[{"embeddable":true,"href":"https:\/\/www.periodicolapislazuli.com\/noticias\/wp-json\/wp\/v2\/users\/4"}],"replies":[{"embeddable":true,"href":"https:\/\/www.periodicolapislazuli.com\/noticias\/wp-json\/wp\/v2\/comments?post=12291"}],"version-history":[{"count":1,"href":"https:\/\/www.periodicolapislazuli.com\/noticias\/wp-json\/wp\/v2\/posts\/12291\/revisions"}],"predecessor-version":[{"id":12293,"href":"https:\/\/www.periodicolapislazuli.com\/noticias\/wp-json\/wp\/v2\/posts\/12291\/revisions\/12293"}],"wp:featuredmedia":[{"embeddable":true,"href":"https:\/\/www.periodicolapislazuli.com\/noticias\/wp-json\/wp\/v2\/media\/12292"}],"wp:attachment":[{"href":"https:\/\/www.periodicolapislazuli.com\/noticias\/wp-json\/wp\/v2\/media?parent=12291"}],"wp:term":[{"taxonomy":"category","embeddable":true,"href":"https:\/\/www.periodicolapislazuli.com\/noticias\/wp-json\/wp\/v2\/categories?post=12291"},{"taxonomy":"post_tag","embeddable":true,"href":"https:\/\/www.periodicolapislazuli.com\/noticias\/wp-json\/wp\/v2\/tags?post=12291"}],"curies":[{"name":"wp","href":"https:\/\/api.w.org\/{rel}","templated":true}]}}