{"id":12173,"date":"2025-08-28T15:09:19","date_gmt":"2025-08-28T15:09:19","guid":{"rendered":"https:\/\/www.periodicolapislazuli.com\/noticias\/?p=12173"},"modified":"2025-12-10T16:52:57","modified_gmt":"2025-12-10T16:52:57","slug":"daniel-tinoco-trayectoria-de-un-peruano-construyendo-comunidad-en-europa","status":"publish","type":"post","link":"https:\/\/www.periodicolapislazuli.com\/noticias\/daniel-tinoco-trayectoria-de-un-peruano-construyendo-comunidad-en-europa\/","title":{"rendered":"Daniel Tinoco: Trayectoria de un peruano construyendo comunidad en Europa"},"content":{"rendered":"<div class='booster-block booster-read-block'>\n                <div class=\"twp-read-time\">\n                \t<i class=\"booster-icon twp-clock\"><\/i> <span>Read Time:<\/span>6 Minute, 8 Second                <\/div>\n\n            <\/div><p style=\"text-align: justify;\" data-start=\"456\" data-end=\"768\">Daniel Tinoco tiene 53 a\u00f1os y, al escucharlo hablar, se percibe una vida atravesada por la migraci\u00f3n, el esfuerzo y el compromiso con la comunidad. Naci\u00f3 en Lima, pero su historia se despliega mucho antes de esa ciudad: en los Andes peruanos, donde su padre y su madre vivieron a m\u00e1s de 4\u202f000 metros de altura. A trav\u00e9s de su historia, Daniel Tinoco demuestra que migrar no solo es desplazarse f\u00edsicamente, sino tambi\u00e9n construir puentes culturales, luchar por justicia y mantener vivas las ra\u00edces, la memoria y la identidad, incluso lejos de casa.<\/p>\n<p data-start=\"456\" data-end=\"768\">\n<blockquote>\n<h3 style=\"text-align: justify;\" data-start=\"770\" data-end=\"1339\">\u201cYo no soy lime\u00f1o \u2018puro\u2019; yo soy serrano, soy de los Andes, soy de mi padre. \u00c9l naci\u00f3 a 4\u202f105 metros sobre el nivel del mar, y mi madre a 4\u202f800\u201d, dice Daniel, recordando su origen con un orgullo silencioso. La migraci\u00f3n de sus padres a Lima, en los a\u00f1os 60 y 70, fue parte de una ola que tra\u00eda a los habitantes de los Andes en busca de oportunidades y educaci\u00f3n. Sus padres ten\u00edan clara la meta: no quedarse estancados. La familia, que ya contaba con cuatro hijos mayores que hab\u00edan viajado con ellos desde Jun\u00edn a Lima, eventualmente decidi\u00f3 mirar m\u00e1s lejos: Europa.<\/h3>\n<p data-start=\"770\" data-end=\"1339\">\n<\/blockquote>\n<p style=\"text-align: justify;\" data-start=\"1341\" data-end=\"1821\">Daniel creci\u00f3 en San Luis, un barrio humilde de Lima, rodeado de vecinos que vend\u00edan frutas, verduras y productos de la tierra. La vida all\u00ed era intensa, cotidiana y de supervivencia, pero tambi\u00e9n llena de magia: los mercados, los juegos de ni\u00f1os con piedritas o bolitas en la calle, y una comunidad que se sosten\u00eda con esfuerzo. \u201cEn ese contexto vi de cerca la pobreza desde mi infancia. Eso marc\u00f3 mi vida y me permiti\u00f3 comprender la realidad de manera muy profunda\u201d, recuerda.<\/p>\n<p style=\"text-align: justify;\" data-start=\"1823\" data-end=\"2502\">A los 16 a\u00f1os lleg\u00f3 a Madrid, Espa\u00f1a, y desde el primer d\u00eda se sumergi\u00f3 en la vida laboral. Su hermano Hugo hab\u00eda inaugurado un restaurante, <em data-start=\"1964\" data-end=\"1973\">El Ma\u00edz<\/em>, y Daniel comenz\u00f3 a trabajar de camarero, aprendiendo el oficio con rapidez. \u201cMi hermano me dio dos besos y me dijo: \u2018Mira, la cocina. Ponte en la barra\u2019. Desde el primer d\u00eda, ya estaba trabajando en gastronom\u00eda\u201d, cuenta con una sonrisa nost\u00e1lgica. Esa experiencia inicial fue decisiva: Daniel no se detuvo ah\u00ed; aprendi\u00f3 carpinter\u00eda, escayola, pintura, construcci\u00f3n, y todo oficio que se cruzara en su camino. Su aprendizaje fue autodidacta, un recorrido constante que lo prepar\u00f3 para enfrentar la vida en un continente nuevo.<\/p>\n<p style=\"text-align: justify;\" data-start=\"2504\" data-end=\"3072\">El tiempo en Espa\u00f1a fue, sin embargo, un mosaico de privilegios y dificultades. Los primeros a\u00f1os fueron luminosos: trabajo estable, dinero, salud y la reuni\u00f3n familiar. Pero con el paso de los a\u00f1os aparecieron episodios de racismo y exclusi\u00f3n. Recuerda un incidente aterrador en su bar, <em data-start=\"2792\" data-end=\"2805\">La Barmacia<\/em>: \u201cDe repente, alguien toca la puerta. Miro por el ojo de pez, abro y veo a un tipo. Pens\u00e9 que pod\u00eda ser un amigo, pero de repente me apunta con una pistola en la frente\u2026 Me qued\u00e9 completamente paralizado. Todo el bar sali\u00f3 a la calle\u2026 fue terrible y estremecedor\u201d.<\/p>\n<p style=\"text-align: justify;\" data-start=\"3074\" data-end=\"3544\">El amor cambi\u00f3 su rumbo. Durante sus estudios en C\u00f3rdoba conoci\u00f3 a Suzanne, su primera esposa. La relaci\u00f3n le ofreci\u00f3 un nuevo horizonte: Alemania. \u201cElla me dijo: \u2018Daniel, he presentado mi solicitud de estudios en Hamburgo y Berl\u00edn; me voy. Si quieres venir conmigo, ven\u2019. Lo pens\u00e9 bien, lo analic\u00e9, y comprend\u00ed que era la mejor decisi\u00f3n\u201d, recuerda. Su vida dio un giro que lo llevar\u00eda finalmente a Marburg, una ciudad donde construir\u00eda comunidad, cultura y activismo.<\/p>\n<p style=\"text-align: justify;\" data-start=\"3546\" data-end=\"3944\">En Marburg, Daniel encontr\u00f3 un terreno f\u00e9rtil para su pasi\u00f3n por la radio y la cultura. Comenz\u00f3 hace m\u00e1s de veinte a\u00f1os en el Caf\u00e9 Trauma, un centro cultural que reun\u00eda a activistas, artistas y m\u00fasicos. Luego desde <em>Radio<\/em> Unerh\u00f6rt <em>Marburg<\/em> naci\u00f3 <em data-start=\"3760\" data-end=\"3773\">Basic Music<\/em>, su programa de m\u00fasicas del mundo, y con los a\u00f1os surgi\u00f3 <em data-start=\"3831\" data-end=\"3846\">Wiphala Radio<\/em>, un proyecto que combina educaci\u00f3n cultural, promoci\u00f3n de lenguas ind\u00edgenas y difusi\u00f3n musical.<\/p>\n<p style=\"text-align: justify;\" data-start=\"3946\" data-end=\"4438\">El activismo de Daniel no se limita a la radio. Surge de un compromiso profundo con la familia y las generaciones futuras: \u201cSiempre quise tener hijos, un n\u00facleo familiar. Eso me impuls\u00f3 a ser activista: porque decid\u00ed tener familia y luchar por las generaciones futuras. Ahora tengo cuatro hijos\u201d. Su mirada social y pol\u00edtica se nutre de experiencias personales y de un sentido \u00e9tico muy definido: no puede permanecer indiferente ante la injusticia, la violencia o la manipulaci\u00f3n medi\u00e1tica.<\/p>\n<blockquote>\n<h3 data-start=\"4445\" data-end=\"4500\"><\/h3>\n<h2 style=\"text-align: right;\" data-start=\"4445\" data-end=\"4500\"><span style=\"color: #ff0000;\"><strong>Cinco preguntas y respuestas\u00a0 \u00a0 \u00a0 \u00a0 \u00a0 \u00a0 \u00a0__________________<\/strong><\/span><\/h2>\n<p><img fetchpriority=\"high\" decoding=\"async\" class=\"aligncenter wp-image-7082 size-full\" src=\"http:\/\/www.periodicolapislazuli.com\/noticias\/wp-content\/uploads\/2021\/05\/separador-10-divisiones-artesco-2212-default-1.jpg\" alt=\"\" width=\"744\" height=\"91\" \/><\/p>\n<h3 data-start=\"4445\" data-end=\"4500\"><\/h3>\n<h3 data-start=\"4445\" data-end=\"4500\"><span style=\"color: #800000;\"><strong data-start=\"4502\" data-end=\"4516\">FUNLAZULI:<\/strong> En tus palabras, \u00bfQui\u00e9n es Daniel Tinoco?<\/span><\/h3>\n<h3 style=\"text-align: justify;\" data-start=\"4445\" data-end=\"4500\"><strong data-start=\"4561\" data-end=\"4572\">Daniel:<\/strong> \u201cYo tengo 53 a\u00f1os. Nac\u00ed en Lima y viv\u00ed all\u00ed hasta los 16 a\u00f1os. Despu\u00e9s, mi familia emigr\u00f3 a Europa, espec\u00edficamente a Espa\u00f1a\u2026 Mi familia tambi\u00e9n sali\u00f3. Mis cuatro hermanos mayores viajaron con mis padres desde Jun\u00edn hacia Lima\u2026 Esa se convirti\u00f3 en la meta\u201d.<\/h3>\n<h3 data-start=\"4445\" data-end=\"4500\"><\/h3>\n<h3 data-start=\"4445\" data-end=\"4500\"><span style=\"color: #800000;\"><strong data-start=\"4832\" data-end=\"4846\">FUNLAZULI:<\/strong> Emigrar suele ser un proceso complejo que despierta muchas emociones. \u00bfC\u00f3mo te sientes cuando piensas en tu pa\u00eds?<\/span><\/h3>\n<h3 style=\"text-align: justify;\" data-start=\"4445\" data-end=\"4500\"><br data-start=\"4960\" data-end=\"4963\" \/><strong data-start=\"4963\" data-end=\"4974\">Daniel:<\/strong> \u201cNegar a tu pa\u00eds es como negar a tu madre. Ahora mismo siento que ya no tengo ni a mi padre ni a mi madre; mi madre falleci\u00f3 el a\u00f1o pasado. Por eso, hoy me siento m\u00e1s peruano que nunca\u2026 En ese momento no me preocup\u00e9 por elegir una carrera espec\u00edfica, porque el abanico de posibilidades que se me abr\u00eda era enorme\u201d.<\/h3>\n<h3 data-start=\"4445\" data-end=\"4500\"><\/h3>\n<h3 data-start=\"4445\" data-end=\"4500\"><span style=\"color: #800000;\"><strong data-start=\"5291\" data-end=\"5305\">FUNLAZULI:<\/strong> Antes de pasar a Alemania, que me parece que eso tiene una parte apasionante en Espa\u00f1a. \u00bfT\u00fa sentiste discriminaci\u00f3n cuando t\u00fa dec\u00edas que eras peruano?<\/span><\/h3>\n<h3 style=\"text-align: justify;\" data-start=\"4445\" data-end=\"4500\"><br data-start=\"5456\" data-end=\"5459\" \/><strong data-start=\"5459\" data-end=\"5470\">Daniel:<\/strong> \u201cS\u00ed, s\u00ed, claro. Al principio todo era maravilloso. Los primeros a\u00f1os fueron hermosos. Pero luego surgieron episodios de racismo\u2026 A partir del a\u00f1o 1994, hab\u00eda much\u00edsimo racismo en Espa\u00f1a. Eso es un detalle importante\u2026 Hasta hoy en d\u00eda, muchos espa\u00f1oles no saben muy bien definirse a s\u00ed mismos como espa\u00f1oles; muchos sienten verg\u00fcenza de llamarse espa\u00f1oles, aunque tambi\u00e9n hay quienes no\u201d.<\/h3>\n<h3 data-start=\"4445\" data-end=\"4500\"><\/h3>\n<h3 style=\"text-align: justify;\" data-start=\"4445\" data-end=\"4500\"><span style=\"color: #800000;\"><strong data-start=\"5860\" data-end=\"5874\">FUNLAZULI:<\/strong> Hablando de activismo, \u00bfqu\u00e9 causas son las que te impulsan a actuar en este lugar?<\/span><br data-start=\"5957\" data-end=\"5960\" \/><strong data-start=\"5960\" data-end=\"5971\">Daniel:<\/strong> \u201cPor las generaciones\u2026 siempre quise tener hijos, un porqu\u00e9 para vivir, un n\u00facleo familiar. Para m\u00ed, la familia es el n\u00facleo b\u00e1sico de la sociedad\u2026 Ese momento me hizo abrir los ojos y ver el mundo de otra manera. Con el tiempo entend\u00ed que era fundamental ser consecuente con esos sentimientos y con esa mirada sobre la vida\u201d.<\/h3>\n<h3 data-start=\"4445\" data-end=\"4500\"><\/h3>\n<h3 data-start=\"4445\" data-end=\"4500\"><span style=\"color: #800000;\"><strong data-start=\"6300\" data-end=\"6314\">FUNLAZULI:<\/strong> Nos has contado que llevas m\u00e1s de 20 a\u00f1os realizando labor cultural, siempre de manera desinteresada y sin \u00e1nimo de lucro. \u00bfQu\u00e9 te motiv\u00f3 a dedicar tanto tiempo y esfuerzo a esto?<\/span><\/h3>\n<h3 style=\"text-align: justify;\" data-start=\"4445\" data-end=\"4500\"><strong data-start=\"6497\" data-end=\"6508\">Daniel:<\/strong> \u201cSiempre he hecho esto por amor al arte, por todos nosotros y por las generaciones futuras. Lo he hecho por mis hijos y para que la gente comprenda lo que significa esta ciudad\u2026 Estoy muy feliz de trabajar con la Universidad, de haber creado la Asociaci\u00f3n de Estudiantes Iberoamericanos y de colaborar con ellos\u2026 Cuando me preguntan sobre mi afiliaci\u00f3n pol\u00edtica, izquierda, centro, partido, siempre digo: \u2018Yo soy yo\u2019\u201d.<\/h3>\n<p>&nbsp;<\/p><\/blockquote>\n<p style=\"text-align: justify;\" data-start=\"6934\" data-end=\"7318\">Daniel sigue hoy en Marburg, entre la radio, la organizaci\u00f3n cultural y su familia. La ciudad alemana se ha convertido en un lugar donde su identidad latinoamericana se celebra y se comparte, donde su activismo encuentra eco en la juventud y donde cada proyecto, desde clases de quechua y aymara hasta proyecciones de cine, refuerza su visi\u00f3n de un mundo m\u00e1s consciente y conectado. Su mirada hacia el futuro es clara: \u201cSer activista significa luchar hasta el \u00faltimo d\u00eda de tu vida\u2026 Tengo que luchar por mis hijos, por todos nosotros, pero especialmente por ellos. No hay vuelta atr\u00e1s\u201d.<\/p>\n<p style=\"text-align: justify;\" data-start=\"7527\" data-end=\"7766\">\n<div class=\"pvc_clear\"><\/div>\n<p id=\"pvc_stats_12173\" class=\"pvc_stats all  \" data-element-id=\"12173\" style=\"\"><i class=\"pvc-stats-icon large\" aria-hidden=\"true\"><svg aria-hidden=\"true\" focusable=\"false\" data-prefix=\"far\" data-icon=\"chart-bar\" role=\"img\" xmlns=\"http:\/\/www.w3.org\/2000\/svg\" viewBox=\"0 0 512 512\" class=\"svg-inline--fa fa-chart-bar fa-w-16 fa-2x\"><path fill=\"currentColor\" d=\"M396.8 352h22.4c6.4 0 12.8-6.4 12.8-12.8V108.8c0-6.4-6.4-12.8-12.8-12.8h-22.4c-6.4 0-12.8 6.4-12.8 12.8v230.4c0 6.4 6.4 12.8 12.8 12.8zm-192 0h22.4c6.4 0 12.8-6.4 12.8-12.8V140.8c0-6.4-6.4-12.8-12.8-12.8h-22.4c-6.4 0-12.8 6.4-12.8 12.8v198.4c0 6.4 6.4 12.8 12.8 12.8zm96 0h22.4c6.4 0 12.8-6.4 12.8-12.8V204.8c0-6.4-6.4-12.8-12.8-12.8h-22.4c-6.4 0-12.8 6.4-12.8 12.8v134.4c0 6.4 6.4 12.8 12.8 12.8zM496 400H48V80c0-8.84-7.16-16-16-16H16C7.16 64 0 71.16 0 80v336c0 17.67 14.33 32 32 32h464c8.84 0 16-7.16 16-16v-16c0-8.84-7.16-16-16-16zm-387.2-48h22.4c6.4 0 12.8-6.4 12.8-12.8v-70.4c0-6.4-6.4-12.8-12.8-12.8h-22.4c-6.4 0-12.8 6.4-12.8 12.8v70.4c0 6.4 6.4 12.8 12.8 12.8z\" class=\"\"><\/path><\/svg><\/i> <img decoding=\"async\" width=\"16\" height=\"16\" alt=\"Loading\" src=\"https:\/\/www.periodicolapislazuli.com\/noticias\/wp-content\/plugins\/page-views-count\/ajax-loader-2x.gif\" border=0 \/><\/p>\n<div class=\"pvc_clear\"><\/div>\n        <div class=\"booster-block booster-reactions-block\">\n            <div class=\"twp-reactions-icons\">\n                \n                <div class=\"twp-reacts-wrap\">\n                    <a react-data=\"be-react-1\" post-id=\"12173\" class=\"be-face-icons un-reacted\" href=\"javascript:void(0)\">\n                        <img decoding=\"async\" src=\"https:\/\/www.periodicolapislazuli.com\/noticias\/wp-content\/plugins\/booster-extension\/\/assets\/icon\/happy.svg\" alt=\"Happy\">\n                    <\/a>\n                    <div class=\"twp-reaction-title\">\n                        Happy                    <\/div>\n                    <div class=\"twp-count-percent\">\n                                                    <span style=\"display: none;\" class=\"twp-react-count\">0<\/span>\n                        \n                                                <span class=\"twp-react-percent\"><span>0<\/span> %<\/span>\n                                            <\/div>\n                <\/div>\n\n                <div class=\"twp-reacts-wrap\">\n                    <a react-data=\"be-react-2\" post-id=\"12173\" class=\"be-face-icons un-reacted\" href=\"javascript:void(0)\">\n                        <img decoding=\"async\" src=\"https:\/\/www.periodicolapislazuli.com\/noticias\/wp-content\/plugins\/booster-extension\/\/assets\/icon\/sad.svg\" alt=\"Sad\">\n                    <\/a>\n                    <div class=\"twp-reaction-title\">\n                        Sad                    <\/div>\n                    <div class=\"twp-count-percent\">\n                                                    <span style=\"display: none;\" class=\"twp-react-count\">0<\/span>\n                                                                        <span class=\"twp-react-percent\"><span>0<\/span> %<\/span>\n                                            <\/div>\n                <\/div>\n\n                <div class=\"twp-reacts-wrap\">\n                    <a react-data=\"be-react-3\" post-id=\"12173\" class=\"be-face-icons un-reacted\" href=\"javascript:void(0)\">\n                        <img decoding=\"async\" src=\"https:\/\/www.periodicolapislazuli.com\/noticias\/wp-content\/plugins\/booster-extension\/\/assets\/icon\/excited.svg\" alt=\"Excited\">\n                    <\/a>\n                    <div class=\"twp-reaction-title\">\n                        Excited                    <\/div>\n                    <div class=\"twp-count-percent\">\n                                                    <span style=\"display: none;\" class=\"twp-react-count\">0<\/span>\n                                                                        <span class=\"twp-react-percent\"><span>0<\/span> %<\/span>\n                                            <\/div>\n                <\/div>\n\n                <div class=\"twp-reacts-wrap\">\n                    <a react-data=\"be-react-6\" post-id=\"12173\" class=\"be-face-icons un-reacted\" href=\"javascript:void(0)\">\n                        <img decoding=\"async\" src=\"https:\/\/www.periodicolapislazuli.com\/noticias\/wp-content\/plugins\/booster-extension\/\/assets\/icon\/sleepy.svg\" alt=\"Sleepy\">\n                    <\/a>\n                    <div class=\"twp-reaction-title\">\n                        Sleepy                    <\/div>\n                    <div class=\"twp-count-percent\">\n                                                    <span style=\"display: none;\" class=\"twp-react-count\">0<\/span>\n                        \n                                                <span class=\"twp-react-percent\"><span>0<\/span> %<\/span>\n                                            <\/div>\n                <\/div>\n\n                <div class=\"twp-reacts-wrap\">\n                    <a react-data=\"be-react-4\" post-id=\"12173\" class=\"be-face-icons un-reacted\" href=\"javascript:void(0)\">\n                        <img decoding=\"async\" src=\"https:\/\/www.periodicolapislazuli.com\/noticias\/wp-content\/plugins\/booster-extension\/\/assets\/icon\/angry.svg\" alt=\"Angry\">\n                    <\/a>\n                    <div class=\"twp-reaction-title\">Angry<\/div>\n                    <div class=\"twp-count-percent\">\n                                                    <span style=\"display: none;\" class=\"twp-react-count\">0<\/span>\n                                                                        <span class=\"twp-react-percent\"><span>0<\/span> %<\/span>\n                        \n                    <\/div>\n                <\/div>\n\n                <div class=\"twp-reacts-wrap\">\n                    <a react-data=\"be-react-5\" post-id=\"12173\" class=\"be-face-icons un-reacted\" href=\"javascript:void(0)\">\n                        <img decoding=\"async\" src=\"https:\/\/www.periodicolapislazuli.com\/noticias\/wp-content\/plugins\/booster-extension\/\/assets\/icon\/surprise.svg\" alt=\"Surprise\">\n                    <\/a>\n                    <div class=\"twp-reaction-title\">Surprise<\/div>\n                    <div class=\"twp-count-percent\">\n                                                    <span style=\"display: none;\" class=\"twp-react-count\">0<\/span>\n                                                                        <span class=\"twp-react-percent\"><span>0<\/span> %<\/span>\n                                            <\/div>\n                <\/div>\n\n            <\/div>\n        <\/div>\n\n    ","protected":false},"excerpt":{"rendered":"<p>Daniel Tinoco tiene 53 a\u00f1os y, al escucharlo hablar, se percibe una vida atravesada por la migraci\u00f3n, el<\/p>\n<div class=\"pvc_clear\"><\/div>\n<p id=\"pvc_stats_12173\" class=\"pvc_stats all  \" data-element-id=\"12173\" style=\"\"><i class=\"pvc-stats-icon large\" aria-hidden=\"true\"><svg aria-hidden=\"true\" focusable=\"false\" data-prefix=\"far\" data-icon=\"chart-bar\" role=\"img\" xmlns=\"http:\/\/www.w3.org\/2000\/svg\" viewBox=\"0 0 512 512\" class=\"svg-inline--fa fa-chart-bar fa-w-16 fa-2x\"><path fill=\"currentColor\" d=\"M396.8 352h22.4c6.4 0 12.8-6.4 12.8-12.8V108.8c0-6.4-6.4-12.8-12.8-12.8h-22.4c-6.4 0-12.8 6.4-12.8 12.8v230.4c0 6.4 6.4 12.8 12.8 12.8zm-192 0h22.4c6.4 0 12.8-6.4 12.8-12.8V140.8c0-6.4-6.4-12.8-12.8-12.8h-22.4c-6.4 0-12.8 6.4-12.8 12.8v198.4c0 6.4 6.4 12.8 12.8 12.8zm96 0h22.4c6.4 0 12.8-6.4 12.8-12.8V204.8c0-6.4-6.4-12.8-12.8-12.8h-22.4c-6.4 0-12.8 6.4-12.8 12.8v134.4c0 6.4 6.4 12.8 12.8 12.8zM496 400H48V80c0-8.84-7.16-16-16-16H16C7.16 64 0 71.16 0 80v336c0 17.67 14.33 32 32 32h464c8.84 0 16-7.16 16-16v-16c0-8.84-7.16-16-16-16zm-387.2-48h22.4c6.4 0 12.8-6.4 12.8-12.8v-70.4c0-6.4-6.4-12.8-12.8-12.8h-22.4c-6.4 0-12.8 6.4-12.8 12.8v70.4c0 6.4 6.4 12.8 12.8 12.8z\" class=\"\"><\/path><\/svg><\/i> <img decoding=\"async\" width=\"16\" height=\"16\" alt=\"Loading\" src=\"https:\/\/www.periodicolapislazuli.com\/noticias\/wp-content\/plugins\/page-views-count\/ajax-loader-2x.gif\" border=0 \/><\/p>\n<div class=\"pvc_clear\"><\/div>\n","protected":false},"author":3,"featured_media":12175,"comment_status":"closed","ping_status":"open","sticky":false,"template":"","format":"standard","meta":{"om_disable_all_campaigns":false,"pagelayer_contact_templates":[],"_pagelayer_content":"","_monsterinsights_skip_tracking":false,"_monsterinsights_sitenote_active":false,"_monsterinsights_sitenote_note":"","_monsterinsights_sitenote_category":0,"footnotes":""},"categories":[14],"tags":[1672,3881,59,73,4072,3450,4056,4073,1933,396],"class_list":["post-12173","post","type-post","status-publish","format-standard","has-post-thumbnail","hentry","category-biografias","tag-activismo","tag-andes","tag-comunidad","tag-cultura","tag-daniel-tinoco","tag-lima","tag-marburg","tag-migracion","tag-peru","tag-radio"],"a3_pvc":{"activated":true,"total_views":29,"today_views":1},"jetpack_featured_media_url":"https:\/\/www.periodicolapislazuli.com\/noticias\/wp-content\/uploads\/2025\/11\/IMG_20250924_180650-min-scaled.jpg","_links":{"self":[{"href":"https:\/\/www.periodicolapislazuli.com\/noticias\/wp-json\/wp\/v2\/posts\/12173","targetHints":{"allow":["GET"]}}],"collection":[{"href":"https:\/\/www.periodicolapislazuli.com\/noticias\/wp-json\/wp\/v2\/posts"}],"about":[{"href":"https:\/\/www.periodicolapislazuli.com\/noticias\/wp-json\/wp\/v2\/types\/post"}],"author":[{"embeddable":true,"href":"https:\/\/www.periodicolapislazuli.com\/noticias\/wp-json\/wp\/v2\/users\/3"}],"replies":[{"embeddable":true,"href":"https:\/\/www.periodicolapislazuli.com\/noticias\/wp-json\/wp\/v2\/comments?post=12173"}],"version-history":[{"count":6,"href":"https:\/\/www.periodicolapislazuli.com\/noticias\/wp-json\/wp\/v2\/posts\/12173\/revisions"}],"predecessor-version":[{"id":12286,"href":"https:\/\/www.periodicolapislazuli.com\/noticias\/wp-json\/wp\/v2\/posts\/12173\/revisions\/12286"}],"wp:featuredmedia":[{"embeddable":true,"href":"https:\/\/www.periodicolapislazuli.com\/noticias\/wp-json\/wp\/v2\/media\/12175"}],"wp:attachment":[{"href":"https:\/\/www.periodicolapislazuli.com\/noticias\/wp-json\/wp\/v2\/media?parent=12173"}],"wp:term":[{"taxonomy":"category","embeddable":true,"href":"https:\/\/www.periodicolapislazuli.com\/noticias\/wp-json\/wp\/v2\/categories?post=12173"},{"taxonomy":"post_tag","embeddable":true,"href":"https:\/\/www.periodicolapislazuli.com\/noticias\/wp-json\/wp\/v2\/tags?post=12173"}],"curies":[{"name":"wp","href":"https:\/\/api.w.org\/{rel}","templated":true}]}}