{"id":12133,"date":"2025-10-27T09:42:01","date_gmt":"2025-10-27T09:42:01","guid":{"rendered":"https:\/\/www.periodicolapislazuli.com\/noticias\/?p=12133"},"modified":"2025-12-07T23:55:05","modified_gmt":"2025-12-07T23:55:05","slug":"la-cultura-sonidera-de-la-calle-a-patrimonio-cultural-inmaterial","status":"publish","type":"post","link":"https:\/\/www.periodicolapislazuli.com\/noticias\/la-cultura-sonidera-de-la-calle-a-patrimonio-cultural-inmaterial\/","title":{"rendered":"La Cultura Sonidera: De la calle a Patrimonio Cultural Inmaterial"},"content":{"rendered":"<div class='booster-block booster-read-block'>\n                <div class=\"twp-read-time\">\n                \t<i class=\"booster-icon twp-clock\"><\/i> <span>Read Time:<\/span>6 Minute, 3 Second                <\/div>\n\n            <\/div><p>UNESCO: La cultura sonidera es ahora patrimonio cultural de Ciudad de M\u00e9xico<\/p>\n<p style=\"text-align: justify;\">\u00bfEs posible que una manifestaci\u00f3n cultural nacida en las periferias urbanas pueda trascender a la historia oficial y ser reconocida como patrimonio cultural inmaterial? La cultura sonidera en M\u00e9xico es un claro ejemplo de ello. Surgida en los a\u00f1os 60 en barrios como Tepito, El Pe\u00f1\u00f3n de los Ba\u00f1os y San Juan de Arag\u00f3n, esta pr\u00e1ctica ha evolucionado desde simples fiestas barriales hasta convertirse en un fen\u00f3meno cultural que refleja la identidad y resistencia de comunidades urbanas populares.<\/p>\n<p style=\"text-align: justify;\"><strong>Or\u00edgenes y consolidaci\u00f3n<\/strong><\/p>\n<p style=\"text-align: justify;\">La historia del movimiento sonidero comienza con figuras como Guadalupe Reyes Salazar, conocida como \u00abLa Socia\u00bb, quien en los a\u00f1os 60 comenz\u00f3 a organizar bailes en Tepito utilizando equipos de sonido port\u00e1tiles. Esta pr\u00e1ctica permiti\u00f3 a las clases populares acceder a m\u00fasica en vivo, democratizando el entretenimiento y fortaleciendo el tejido social en comunidades marginadas.<\/p>\n<p style=\"text-align: justify;\">A medida que avanzaba la d\u00e9cada de 1970, los sonideros comenzaron a profesionalizarse. Equipos como Sonido La Changa, fundado en 1968 por Ram\u00f3n Rojo Villa, y Polymarchs, creado en 1975 por los hermanos Apolinar y Mary Silva, se destacaron por su capacidad para fusionar g\u00e9neros musicales como la cumbia, salsa y m\u00fasica electr\u00f3nica, creando una propuesta sonora \u00fanica que atrajo a multitudes en eventos masivos.<\/p>\n<p style=\"text-align: justify;\"><strong>Reconocimiento oficial<\/strong><\/p>\n<p style=\"text-align: justify;\">Durante d\u00e9cadas, la cultura sonidera fue vista como una manifestaci\u00f3n marginal, sin acceso a espacios institucionales de reconocimiento. Sin embargo, en 2023, el Gobierno de la Ciudad de M\u00e9xico reconoci\u00f3 oficialmente a los sonideros como Patrimonio Cultural Inmaterial, destacando su papel en la democratizaci\u00f3n del espacio p\u00fablico y en la construcci\u00f3n de identidad colectiva.<\/p>\n<p style=\"text-align: justify;\">Este reconocimiento no solo valida la importancia cultural de los sonideros, sino que tambi\u00e9n subraya su capacidad para adaptarse y evolucionar, incorporando nuevas tecnolog\u00edas y estilos musicales sin perder su esencia comunitaria.<\/p>\n<p style=\"text-align: justify;\"><strong>Diversidad cultural y resistencia<\/strong><\/p>\n<p style=\"text-align: justify;\">La cultura sonidera es un claro ejemplo de c\u00f3mo las manifestaciones culturales populares pueden ser espacios de resistencia y afirmaci\u00f3n de identidad. En barrios como La Independencia en Monterrey, las \u00abdinast\u00edas sonideras\u00bb han preservado y reinterpretado la cumbia colombiana, fusion\u00e1ndola con elementos locales y creando una subcultura vibrante que ha sido reconocida incluso en producciones cinematogr\u00e1ficas como \u00abYa no estoy aqu\u00ed\u00bb.<\/p>\n<p style=\"text-align: justify;\">Adem\u00e1s, los sonideros han logrado trascender las fronteras nacionales. Eventos organizados por colectivos como Boiler Room han llevado la m\u00fasica sonidera a audiencias internacionales, demostrando su relevancia global y su capacidad para conectar diversas culturas a trav\u00e9s del baile y la m\u00fasica.\u00a0 La evoluci\u00f3n de la cultura sonidera desde sus humildes or\u00edgenes hasta su reconocimiento como patrimonio cultural inmaterial es testimonio de la riqueza y diversidad de las expresiones culturales urbanas en M\u00e9xico. Este fen\u00f3meno demuestra que las manifestaciones populares tienen el poder de transformar espacios p\u00fablicos, fortalecer comunidades y afirmar identidades culturales, convirti\u00e9ndose en elementos esenciales del patrimonio cultural de una naci\u00f3n.<\/p>\n<p style=\"text-align: justify;\">\n<p style=\"text-align: justify;\">\n<figure id=\"attachment_12134\" aria-describedby=\"caption-attachment-12134\" style=\"width: 1200px\" class=\"wp-caption aligncenter\"><img fetchpriority=\"high\" decoding=\"async\" class=\"wp-image-12134 size-full\" src=\"http:\/\/www.periodicolapislazuli.com\/noticias\/wp-content\/uploads\/2025\/10\/66e96329d24cd.png\" alt=\"\" width=\"1200\" height=\"675\" srcset=\"https:\/\/www.periodicolapislazuli.com\/noticias\/wp-content\/uploads\/2025\/10\/66e96329d24cd.png 1200w, https:\/\/www.periodicolapislazuli.com\/noticias\/wp-content\/uploads\/2025\/10\/66e96329d24cd-780x439.png 780w, https:\/\/www.periodicolapislazuli.com\/noticias\/wp-content\/uploads\/2025\/10\/66e96329d24cd-768x432.png 768w\" sizes=\"(max-width: 1200px) 100vw, 1200px\" \/><figcaption id=\"caption-attachment-12134\" class=\"wp-caption-text\">En M\u00e9xico, un sonidero es mucho m\u00e1s que un equipo de m\u00fasica: es un fen\u00f3meno cultural y social que combina m\u00fasica, baile, narraci\u00f3n y comunidad. Naci\u00f3 en barrios populares de ciudades como Ciudad de M\u00e9xico durante los a\u00f1os 70 y 80 y se consolid\u00f3 en la cultura urbana mexicana.<\/figcaption><\/figure>\n<p style=\"text-align: justify;\">\n<p style=\"text-align: justify;\">La evoluci\u00f3n de la cultura sonidera desde sus inicios en la d\u00e9cada de 1920 hasta su reconocimiento como Patrimonio Cultural Inmaterial en 2023 refleja la riqueza y complejidad de la identidad cultural mexicana. Su capacidad para adaptarse y fusionar diversas influencias musicales y sociales demuestra su vitalidad y relevancia en la sociedad contempor\u00e1nea. Al celebrar y preservar esta tradici\u00f3n, se reafirma el compromiso con la diversidad cultural y el reconocimiento de las expresiones populares como elementos fundamentales del patrimonio nacional.<\/p>\n<p style=\"text-align: justify;\">\n<p style=\"padding-left: 160px; text-align: justify;\"><span style=\"color: #800000;\"><strong>Por qu\u00e9 es patrimonio<\/strong><\/span><\/p>\n<p style=\"padding-left: 160px; text-align: justify;\"><span style=\"color: #800000;\">El <strong>sonidero<\/strong> fue reconocido como <strong>Patrimonio Cultural Inmaterial de la Ciudad de M\u00e9xico<\/strong> por la <strong>UNESCO y autoridades locales<\/strong>, principalmente por:<\/span><\/p>\n<p style=\"text-align: justify;\">\n<hr \/>\n<ol style=\"text-align: justify;\">\n<li style=\"list-style-type: none;\">\n<ol>\n<li>\n<h3><span style=\"color: #800000;\"><strong><a href=\"#\">Valor cultural y social: Representa la vida comunitaria, la historia urbana y las tradiciones populares de los barrios<\/a><\/strong>.<\/span><\/h3>\n<hr \/>\n<\/li>\n<li>\n<h3><span style=\"color: #800000;\"><strong><a href=\"#\">Transmisi\u00f3n de conocimientos: Su pr\u00e1ctica se transmite de manera oral y pr\u00e1ctica entre generaciones.<\/a><\/strong><\/span><\/h3>\n<hr \/>\n<h3><\/h3>\n<\/li>\n<li>\n<h3><span style=\"color: #800000;\"><strong><a href=\"#\">Creatividad y expresi\u00f3n art\u00edstica: Combina m\u00fasica, locuci\u00f3n, baile y vestimenta como una manifestaci\u00f3n cultural \u00fanica<\/a><\/strong>.<\/span><\/h3>\n<hr \/>\n<\/li>\n<li><span style=\"color: #800000;\"><strong><a href=\"#\">Identidad e inclusi\u00f3n: Fortalece el sentido de pertenencia y la diversidad cultural de la ciudad..<\/a><\/strong><\/span><\/li>\n<\/ol>\n<\/li>\n<\/ol>\n<blockquote>\n<hr \/>\n<h3 style=\"padding-left: 40px;\"><span style=\"color: #800000;\">En resumen, el sonidero no es solo m\u00fasica, es un <strong>fen\u00f3meno comunitario y cultural que conecta generaciones<\/strong>, y su reconocimiento como patrimonio busca <strong>preservar y valorar estas expresiones populares<\/strong> que forman parte de la identidad de la Ciudad de M\u00e9xico y otras regiones urbanas.<\/span><\/h3>\n<\/blockquote>\n<p style=\"text-align: justify;\">\n<p style=\"text-align: justify;\">\n<p style=\"text-align: justify;\"><strong>La Cultura Sonidera: Evoluci\u00f3n y Diversidad Cultural en M\u00e9xico (1920\u20132025)<\/strong><\/p>\n<p style=\"text-align: justify;\">La cultura sonidera, un fen\u00f3meno musical y social originado en los barrios populares de la Ciudad de M\u00e9xico, ha evolucionado desde sus humildes comienzos en la d\u00e9cada de 1920 hasta convertirse en un s\u00edmbolo de identidad y resistencia cultural. Su reconocimiento como Patrimonio Cultural Inmaterial de la Ciudad de M\u00e9xico en 2023 subraya su importancia en la preservaci\u00f3n de la diversidad cultural y su impacto en la sociedad contempor\u00e1nea.<\/p>\n<p style=\"text-align: justify;\"><strong>Or\u00edgenes: 1920\u20131930<\/strong><\/p>\n<p style=\"text-align: justify;\">Los primeros vestigios de la cultura sonidera se remontan a las d\u00e9cadas de 1920 y 1930, cuando los propietarios de fon\u00f3grafos y vitrolas alquilaban estos equipos para amenizar fiestas particulares en barrios como el Pe\u00f1\u00f3n de los Ba\u00f1os. Estos eventos, aunque modestos, sentaron las bases de lo que m\u00e1s tarde se conocer\u00eda como el movimiento sonidero.<\/p>\n<p style=\"text-align: justify;\"><strong>Consolidaci\u00f3n: 1950\u20131980<\/strong><\/p>\n<p style=\"text-align: justify;\">Durante las d\u00e9cadas de 1950 a 1980, el fen\u00f3meno sonidero comenz\u00f3 a consolidarse en la Ciudad de M\u00e9xico. Los sonideros, encargados de operar los sistemas de sonido, se convirtieron en figuras centrales de eventos comunitarios, fusionando m\u00fasica tropical con locuciones y dedicaciones personalizadas. Este per\u00edodo marc\u00f3 el inicio de la profesionalizaci\u00f3n del movimiento, con la creaci\u00f3n de equipos de sonido m\u00e1s sofisticados y la formaci\u00f3n de comunidades de seguidores leales.<\/p>\n<p style=\"text-align: justify;\"><strong>Expansi\u00f3n y Reconocimiento: 1990\u20132020<\/strong><\/p>\n<p style=\"text-align: justify;\">En las d\u00e9cadas siguientes, la cultura sonidera se expandi\u00f3 m\u00e1s all\u00e1 de la Ciudad de M\u00e9xico, llegando a otras regiones del pa\u00eds y ganando reconocimiento en el \u00e1mbito nacional. A pesar de enfrentar desaf\u00edos como la falta de apoyo institucional y la marginalizaci\u00f3n social, los sonideros continuaron siendo agentes de cohesi\u00f3n social, promoviendo la inclusi\u00f3n y la identidad cultural en sus comunidades. Su influencia se reflej\u00f3 en la m\u00fasica popular y en la vida cotidiana de muchos mexicanos.<\/p>\n<p style=\"text-align: justify;\"><strong>Patrimonio Cultural Inmaterial: 2023<\/strong><\/p>\n<p style=\"text-align: justify;\">El 8 de octubre de 2023, la cultura sonidera fue oficialmente declarada Patrimonio Cultural Inmaterial de la Ciudad de M\u00e9xico. Este reconocimiento, entregado por el Jefe de Gobierno Mart\u00ed Batres Guadarrama, destaca la importancia de los sonideros como parte integral del paisaje sonoro y cultural de la ciudad. La declaratoria subraya el derecho colectivo a la cultura y la funci\u00f3n social de la ciudad, promoviendo la justicia territorial y la inclusi\u00f3n social.<\/p>\n<p style=\"text-align: justify;\"><strong>Diversidad Cultural en la Actualidad: 2025<\/strong><\/p>\n<p style=\"text-align: justify;\">En 2025, la cultura sonidera sigue siendo un reflejo vibrante de la diversidad cultural de M\u00e9xico. Los sonideros no solo preservan tradiciones musicales, sino que tambi\u00e9n incorporan influencias contempor\u00e1neas, fusionando g\u00e9neros y estilos para crear una experiencia \u00fanica. Eventos como los organizados por Boiler Room en la Ciudad de M\u00e9xico han llevado la m\u00fasica sonidera a audiencias internacionales, demostrando su relevancia global. Adem\u00e1s, la cultura sonidera ha influido en otras regiones del pa\u00eds. En Monterrey, por ejemplo, las \u00abdinast\u00edas sonideras\u00bb han mantenido viva la cumbia colombiana, adapt\u00e1ndola a su contexto local y creando una identidad musical propia.<\/p>\n<hr \/>\n<hr \/>\n<p style=\"text-align: justify;\">\n<div class=\"pvc_clear\"><\/div>\n<p id=\"pvc_stats_12133\" class=\"pvc_stats all  \" data-element-id=\"12133\" style=\"\"><i class=\"pvc-stats-icon large\" aria-hidden=\"true\"><svg aria-hidden=\"true\" focusable=\"false\" data-prefix=\"far\" data-icon=\"chart-bar\" role=\"img\" xmlns=\"http:\/\/www.w3.org\/2000\/svg\" viewBox=\"0 0 512 512\" class=\"svg-inline--fa fa-chart-bar fa-w-16 fa-2x\"><path fill=\"currentColor\" d=\"M396.8 352h22.4c6.4 0 12.8-6.4 12.8-12.8V108.8c0-6.4-6.4-12.8-12.8-12.8h-22.4c-6.4 0-12.8 6.4-12.8 12.8v230.4c0 6.4 6.4 12.8 12.8 12.8zm-192 0h22.4c6.4 0 12.8-6.4 12.8-12.8V140.8c0-6.4-6.4-12.8-12.8-12.8h-22.4c-6.4 0-12.8 6.4-12.8 12.8v198.4c0 6.4 6.4 12.8 12.8 12.8zm96 0h22.4c6.4 0 12.8-6.4 12.8-12.8V204.8c0-6.4-6.4-12.8-12.8-12.8h-22.4c-6.4 0-12.8 6.4-12.8 12.8v134.4c0 6.4 6.4 12.8 12.8 12.8zM496 400H48V80c0-8.84-7.16-16-16-16H16C7.16 64 0 71.16 0 80v336c0 17.67 14.33 32 32 32h464c8.84 0 16-7.16 16-16v-16c0-8.84-7.16-16-16-16zm-387.2-48h22.4c6.4 0 12.8-6.4 12.8-12.8v-70.4c0-6.4-6.4-12.8-12.8-12.8h-22.4c-6.4 0-12.8 6.4-12.8 12.8v70.4c0 6.4 6.4 12.8 12.8 12.8z\" class=\"\"><\/path><\/svg><\/i> <img decoding=\"async\" width=\"16\" height=\"16\" alt=\"Loading\" src=\"https:\/\/www.periodicolapislazuli.com\/noticias\/wp-content\/plugins\/page-views-count\/ajax-loader-2x.gif\" border=0 \/><\/p>\n<div class=\"pvc_clear\"><\/div>\n        <div class=\"booster-block booster-reactions-block\">\n            <div class=\"twp-reactions-icons\">\n                \n                <div class=\"twp-reacts-wrap\">\n                    <a react-data=\"be-react-1\" post-id=\"12133\" class=\"be-face-icons un-reacted\" href=\"javascript:void(0)\">\n                        <img decoding=\"async\" src=\"https:\/\/www.periodicolapislazuli.com\/noticias\/wp-content\/plugins\/booster-extension\/\/assets\/icon\/happy.svg\" alt=\"Happy\">\n                    <\/a>\n                    <div class=\"twp-reaction-title\">\n                        Happy                    <\/div>\n                    <div class=\"twp-count-percent\">\n                                                    <span style=\"display: none;\" class=\"twp-react-count\">0<\/span>\n                        \n                                                <span class=\"twp-react-percent\"><span>0<\/span> %<\/span>\n                                            <\/div>\n                <\/div>\n\n                <div class=\"twp-reacts-wrap\">\n                    <a react-data=\"be-react-2\" post-id=\"12133\" class=\"be-face-icons un-reacted\" href=\"javascript:void(0)\">\n                        <img decoding=\"async\" src=\"https:\/\/www.periodicolapislazuli.com\/noticias\/wp-content\/plugins\/booster-extension\/\/assets\/icon\/sad.svg\" alt=\"Sad\">\n                    <\/a>\n                    <div class=\"twp-reaction-title\">\n                        Sad                    <\/div>\n                    <div class=\"twp-count-percent\">\n                                                    <span style=\"display: none;\" class=\"twp-react-count\">0<\/span>\n                                                                        <span class=\"twp-react-percent\"><span>0<\/span> %<\/span>\n                                            <\/div>\n                <\/div>\n\n                <div class=\"twp-reacts-wrap\">\n                    <a react-data=\"be-react-3\" post-id=\"12133\" class=\"be-face-icons un-reacted\" href=\"javascript:void(0)\">\n                        <img decoding=\"async\" src=\"https:\/\/www.periodicolapislazuli.com\/noticias\/wp-content\/plugins\/booster-extension\/\/assets\/icon\/excited.svg\" alt=\"Excited\">\n                    <\/a>\n                    <div class=\"twp-reaction-title\">\n                        Excited                    <\/div>\n                    <div class=\"twp-count-percent\">\n                                                    <span style=\"display: none;\" class=\"twp-react-count\">0<\/span>\n                                                                        <span class=\"twp-react-percent\"><span>0<\/span> %<\/span>\n                                            <\/div>\n                <\/div>\n\n                <div class=\"twp-reacts-wrap\">\n                    <a react-data=\"be-react-6\" post-id=\"12133\" class=\"be-face-icons un-reacted\" href=\"javascript:void(0)\">\n                        <img decoding=\"async\" src=\"https:\/\/www.periodicolapislazuli.com\/noticias\/wp-content\/plugins\/booster-extension\/\/assets\/icon\/sleepy.svg\" alt=\"Sleepy\">\n                    <\/a>\n                    <div class=\"twp-reaction-title\">\n                        Sleepy                    <\/div>\n                    <div class=\"twp-count-percent\">\n                                                    <span style=\"display: none;\" class=\"twp-react-count\">0<\/span>\n                        \n                                                <span class=\"twp-react-percent\"><span>0<\/span> %<\/span>\n                                            <\/div>\n                <\/div>\n\n                <div class=\"twp-reacts-wrap\">\n                    <a react-data=\"be-react-4\" post-id=\"12133\" class=\"be-face-icons un-reacted\" href=\"javascript:void(0)\">\n                        <img decoding=\"async\" src=\"https:\/\/www.periodicolapislazuli.com\/noticias\/wp-content\/plugins\/booster-extension\/\/assets\/icon\/angry.svg\" alt=\"Angry\">\n                    <\/a>\n                    <div class=\"twp-reaction-title\">Angry<\/div>\n                    <div class=\"twp-count-percent\">\n                                                    <span style=\"display: none;\" class=\"twp-react-count\">0<\/span>\n                                                                        <span class=\"twp-react-percent\"><span>0<\/span> %<\/span>\n                        \n                    <\/div>\n                <\/div>\n\n                <div class=\"twp-reacts-wrap\">\n                    <a react-data=\"be-react-5\" post-id=\"12133\" class=\"be-face-icons un-reacted\" href=\"javascript:void(0)\">\n                        <img decoding=\"async\" src=\"https:\/\/www.periodicolapislazuli.com\/noticias\/wp-content\/plugins\/booster-extension\/\/assets\/icon\/surprise.svg\" alt=\"Surprise\">\n                    <\/a>\n                    <div class=\"twp-reaction-title\">Surprise<\/div>\n                    <div class=\"twp-count-percent\">\n                                                    <span style=\"display: none;\" class=\"twp-react-count\">0<\/span>\n                                                                        <span class=\"twp-react-percent\"><span>0<\/span> %<\/span>\n                                            <\/div>\n                <\/div>\n\n            <\/div>\n        <\/div>\n\n    ","protected":false},"excerpt":{"rendered":"<p>UNESCO: La cultura sonidera es ahora patrimonio cultural de Ciudad de M\u00e9xico \u00bfEs posible que una manifestaci\u00f3n cultural<\/p>\n<div class=\"pvc_clear\"><\/div>\n<p id=\"pvc_stats_12133\" class=\"pvc_stats all  \" data-element-id=\"12133\" style=\"\"><i class=\"pvc-stats-icon large\" aria-hidden=\"true\"><svg aria-hidden=\"true\" focusable=\"false\" data-prefix=\"far\" data-icon=\"chart-bar\" role=\"img\" xmlns=\"http:\/\/www.w3.org\/2000\/svg\" viewBox=\"0 0 512 512\" class=\"svg-inline--fa fa-chart-bar fa-w-16 fa-2x\"><path fill=\"currentColor\" d=\"M396.8 352h22.4c6.4 0 12.8-6.4 12.8-12.8V108.8c0-6.4-6.4-12.8-12.8-12.8h-22.4c-6.4 0-12.8 6.4-12.8 12.8v230.4c0 6.4 6.4 12.8 12.8 12.8zm-192 0h22.4c6.4 0 12.8-6.4 12.8-12.8V140.8c0-6.4-6.4-12.8-12.8-12.8h-22.4c-6.4 0-12.8 6.4-12.8 12.8v198.4c0 6.4 6.4 12.8 12.8 12.8zm96 0h22.4c6.4 0 12.8-6.4 12.8-12.8V204.8c0-6.4-6.4-12.8-12.8-12.8h-22.4c-6.4 0-12.8 6.4-12.8 12.8v134.4c0 6.4 6.4 12.8 12.8 12.8zM496 400H48V80c0-8.84-7.16-16-16-16H16C7.16 64 0 71.16 0 80v336c0 17.67 14.33 32 32 32h464c8.84 0 16-7.16 16-16v-16c0-8.84-7.16-16-16-16zm-387.2-48h22.4c6.4 0 12.8-6.4 12.8-12.8v-70.4c0-6.4-6.4-12.8-12.8-12.8h-22.4c-6.4 0-12.8 6.4-12.8 12.8v70.4c0 6.4 6.4 12.8 12.8 12.8z\" class=\"\"><\/path><\/svg><\/i> <img decoding=\"async\" width=\"16\" height=\"16\" alt=\"Loading\" src=\"https:\/\/www.periodicolapislazuli.com\/noticias\/wp-content\/plugins\/page-views-count\/ajax-loader-2x.gif\" border=0 \/><\/p>\n<div class=\"pvc_clear\"><\/div>\n","protected":false},"author":3,"featured_media":12134,"comment_status":"closed","ping_status":"open","sticky":false,"template":"","format":"standard","meta":{"om_disable_all_campaigns":false,"pagelayer_contact_templates":[],"_pagelayer_content":"","_monsterinsights_skip_tracking":false,"_monsterinsights_sitenote_active":false,"_monsterinsights_sitenote_note":"","_monsterinsights_sitenote_category":0,"footnotes":""},"categories":[3],"tags":[4038,2372,353,101,4039,2834,3744,4037,471],"class_list":["post-12133","post","type-post","status-publish","format-standard","has-post-thumbnail","hentry","category-actualidad","tag-ciudad-de-mexico","tag-diversidad-cultural","tag-identidad","tag-mexico","tag-monterrey","tag-musical","tag-patrimonio-inmaterial","tag-sonidero","tag-unesco"],"a3_pvc":{"activated":true,"total_views":53,"today_views":0},"jetpack_featured_media_url":"https:\/\/www.periodicolapislazuli.com\/noticias\/wp-content\/uploads\/2025\/10\/66e96329d24cd.png","_links":{"self":[{"href":"https:\/\/www.periodicolapislazuli.com\/noticias\/wp-json\/wp\/v2\/posts\/12133","targetHints":{"allow":["GET"]}}],"collection":[{"href":"https:\/\/www.periodicolapislazuli.com\/noticias\/wp-json\/wp\/v2\/posts"}],"about":[{"href":"https:\/\/www.periodicolapislazuli.com\/noticias\/wp-json\/wp\/v2\/types\/post"}],"author":[{"embeddable":true,"href":"https:\/\/www.periodicolapislazuli.com\/noticias\/wp-json\/wp\/v2\/users\/3"}],"replies":[{"embeddable":true,"href":"https:\/\/www.periodicolapislazuli.com\/noticias\/wp-json\/wp\/v2\/comments?post=12133"}],"version-history":[{"count":7,"href":"https:\/\/www.periodicolapislazuli.com\/noticias\/wp-json\/wp\/v2\/posts\/12133\/revisions"}],"predecessor-version":[{"id":12205,"href":"https:\/\/www.periodicolapislazuli.com\/noticias\/wp-json\/wp\/v2\/posts\/12133\/revisions\/12205"}],"wp:featuredmedia":[{"embeddable":true,"href":"https:\/\/www.periodicolapislazuli.com\/noticias\/wp-json\/wp\/v2\/media\/12134"}],"wp:attachment":[{"href":"https:\/\/www.periodicolapislazuli.com\/noticias\/wp-json\/wp\/v2\/media?parent=12133"}],"wp:term":[{"taxonomy":"category","embeddable":true,"href":"https:\/\/www.periodicolapislazuli.com\/noticias\/wp-json\/wp\/v2\/categories?post=12133"},{"taxonomy":"post_tag","embeddable":true,"href":"https:\/\/www.periodicolapislazuli.com\/noticias\/wp-json\/wp\/v2\/tags?post=12133"}],"curies":[{"name":"wp","href":"https:\/\/api.w.org\/{rel}","templated":true}]}}