{"id":12119,"date":"2025-10-23T12:56:44","date_gmt":"2025-10-23T12:56:44","guid":{"rendered":"https:\/\/www.periodicolapislazuli.com\/noticias\/?p=12119"},"modified":"2025-12-07T23:55:52","modified_gmt":"2025-12-07T23:55:52","slug":"getsemani-se-queda-sin-pobladores-una-comunidad-en-riesgo-de-desaparecer","status":"publish","type":"post","link":"https:\/\/www.periodicolapislazuli.com\/noticias\/getsemani-se-queda-sin-pobladores-una-comunidad-en-riesgo-de-desaparecer\/","title":{"rendered":"Getseman\u00ed se queda sin pobladores: una comunidad en riesgo de desaparecer"},"content":{"rendered":"<div class='booster-block booster-read-block'>\n                <div class=\"twp-read-time\">\n                \t<i class=\"booster-icon twp-clock\"><\/i> <span>Read Time:<\/span>5 Minute, 7 Second                <\/div>\n\n            <\/div><div class=\"top-anchor\" style=\"text-align: justify;\"><\/div>\n<div id=\"toolbar\" class=\"toolbar-container\" style=\"text-align: justify;\">\n<div class=\"domain-border\">Getseman\u00ed, uno de los barrios m\u00e1s emblem\u00e1ticos de Cartagena y reconocido internacionalmente por su historia de resistencia y cultura popular, atraviesa un proceso acelerado de despoblamiento y transformaci\u00f3n urbana que amenaza con despojarlo de sus din\u00e1micas comunitarias y reducirlo a una vitrina tur\u00edstica que minimiza su identidad hist\u00f3rica.<\/p>\n<div>\n<p>As\u00ed lo evidencia el Censo de Poblaci\u00f3n y Vivienda de Getseman\u00ed 2025, una investigaci\u00f3n desarrollada por el Instituto de Pol\u00edticas P\u00fablicas Regional y de Gobierno (IPREG) de la Universidad de Cartagena, que constituye el primer diagn\u00f3stico integral del barrio en m\u00e1s de una d\u00e9cada. Los resultados muestran una realidad preocupante: actualmente residen solo 448 personas en 171 hogares, frente a las 5.378 registradas en 2005.<\/p>\n<\/div>\n<div>\n<p>Este ejercicio, liderado por la Unicartagena, cont\u00f3 con la participaci\u00f3n activa de la comunidad y de la Junta de Acci\u00f3n Comunal de Getseman\u00ed, lo que permiti\u00f3 no solo recopilar datos demogr\u00e1ficos, sociales y econ\u00f3micos, sino tambi\u00e9n integrar la voz de los habitantes en el diagn\u00f3stico. El estudio se convierte as\u00ed en un insumo estrat\u00e9gico para la formulaci\u00f3n de pol\u00edticas p\u00fablicas que equilibren el desarrollo tur\u00edstico con la permanencia de los pobladores tradicionales.<\/p>\n<\/div>\n<div>\n<p>Getseman\u00ed enfrenta hoy una problem\u00e1tica presente en diversos centros hist\u00f3ricos a nivel global: la gentrificaci\u00f3n, que expulsa a sus pobladores tradicionales debido al alza en los costos de vida y la presi\u00f3n inmobiliaria; y la turistificaci\u00f3n, que reconfigura el barrio como un escenario dise\u00f1ado principalmente para visitantes, donde proliferan hoteles, restaurantes y comercios. Estas dos din\u00e1micas, que avanzan r\u00e1pidamente, no solo transforman la econom\u00eda local, sino que tambi\u00e9n rompen los v\u00ednculos comunitarios que le dieron identidad al barrio.<\/p>\n<\/div>\n<div>\n<p>En este contexto, los resultados del estudio permiten poner cifras concretas a realidades que se percib\u00edan mediante observaciones aisladas y ofrecer insumos para debatir c\u00f3mo equilibrar el desarrollo tur\u00edstico y la permanencia comunitaria.<\/p>\n<\/div>\n<div>\n<p><b>Un barrio envejecido y con menos ni\u00f1os<\/b><\/p>\n<\/div>\n<div>\n<p>El censo revela que Getseman\u00ed no solo est\u00e1 perdiendo poblaci\u00f3n, sino que tambi\u00e9n atraviesa un proceso acelerado de envejecimiento demogr\u00e1fico. Actualmente, el 33,6% de los residentes son adultos mayores, mientras que los ni\u00f1os y ni\u00f1as de primera infancia apenas representan el 1,4% de la poblaci\u00f3n total.<\/p>\n<\/div>\n<div>\n<p>Seg\u00fan Rosaura Arrieta Fl\u00f3rez, coordinadora de la investigaci\u00f3n, este patr\u00f3n refleja una ruptura generacional: \u201cEl barrio se est\u00e1 quedando sin ni\u00f1os, sin j\u00f3venes y sin familias nuevas que aseguren su continuidad cultural. Es una se\u00f1al clara de que la vida comunitaria se est\u00e1 desdibujando, dando paso a un territorio pensado m\u00e1s para el turismo que para la residencia\u201d.<\/p>\n<\/div>\n<div>\n<p><b>La di\u00e1spora getsemanicense: un barrio que persiste en la memoria<\/b><\/p>\n<\/div>\n<div>\n<p>El censo incluy\u00f3 tambi\u00e9n como componente innovador el estudio de la di\u00e1spora getsemanicense, es decir, las personas que nacieron o crecieron en el barrio, pero que tuvieron que abandonarlo debido al aumento del costo de vida, la presi\u00f3n inmobiliaria y las transformaciones urbanas.<\/p>\n<\/div>\n<div>\n<p>En total, se encuestaron 294 personas de la di\u00e1spora, de las cuales el 93% a\u00fan vive en Cartagena, y un alto porcentaje se concentra en barrios cercanos que les faciliten la movilidad entre su nuevo lugar de residencia y Getseman\u00ed, lo que evidencia que la expulsi\u00f3n del barrio no implica un desarraigo total. Por el contrario, la mayor\u00eda mantiene fuertes v\u00ednculos afectivos y comunitarios con Getseman\u00ed, as\u00ed como el desarrollo de sus actividades econ\u00f3micas. \u201cLo que vemos es que Getseman\u00ed no desaparece del todo: se fragmenta. La gente sigue sinti\u00e9ndose parte del barrio aunque ya no lo habite f\u00edsicamente. Esa identidad colectiva es uno de los mayores patrimonios que tiene la ciudad\u201d, se\u00f1al\u00f3 Arrieta.<\/p>\n<\/div>\n<div>\n<p>El reconocimiento de la di\u00e1spora constituye, para la Universidad de Cartagena, una aportaci\u00f3n in\u00e9dita al estudio de las din\u00e1micas urbanas, pues permite comprender c\u00f3mo la comunidad se reorganiza m\u00e1s all\u00e1 de los l\u00edmites territoriales del barrio.<\/p>\n<p>&nbsp;<\/p>\n<\/div>\n<div>\n<p><b>Condiciones de vida y retos de habitabilidad<\/b><\/p>\n<\/div>\n<div>\n<p>Otro hallazgo central del estudio tiene que ver con la calidad de vida de quienes a\u00fan residen en Getseman\u00ed. El censo identific\u00f3 que el 29,8% de los hogares presenta carencias en acceso a servicios b\u00e1sicos (agua potable, alcantarillado, energ\u00eda el\u00e9ctrica o internet). Adem\u00e1s, el 33,3% de los hogares vive en condiciones de cohabitaci\u00f3n, lo que genera hacinamiento y disminuye la calidad habitacional.<br \/>\nUn dato especialmente preocupante es que el 32% de los residentes que piensa mudarse lo hace por el alto costo de vida, lo que refuerza la idea de que el barrio resulta cada vez m\u00e1s expulsivo para sus pobladores hist\u00f3ricos. Estos datos, sistematizados por la Universidad de Cartagena, constituyen un llamado de atenci\u00f3n para que la pol\u00edtica urbana incorpore la dimensi\u00f3n social y no limite el desarrollo de Getseman\u00ed a la explotaci\u00f3n tur\u00edstica y comercial.<\/p>\n<\/div>\n<table>\n<tbody>\n<tr>\n<td><a href=\"https:\/\/blogger.googleusercontent.com\/img\/b\/R29vZ2xl\/AVvXsEgs0-7TAc9m4fg_-Yxuif4v82QtIl1NoMVuT2mIYdfhEuhe7qVtpa2JwjTbZTBVR-_fU6O1cK83PIgJgFF_m4h8WD4ib0G7TLZ6e4OsEYZqs0Rzhsg8DMJUa5Tcq-0xXBKlFys3HtnNzl19z1BPn65cDq8VUr6313tp_xi2xuR5Y-Po70GHU_kXZMwkaSJZ\/s4608\/censo-getsemani-2025.jpg\" target=\"_blank\" rel=\"noopener\"><img decoding=\"async\" src=\"https:\/\/blogger.googleusercontent.com\/img\/b\/R29vZ2xl\/AVvXsEgs0-7TAc9m4fg_-Yxuif4v82QtIl1NoMVuT2mIYdfhEuhe7qVtpa2JwjTbZTBVR-_fU6O1cK83PIgJgFF_m4h8WD4ib0G7TLZ6e4OsEYZqs0Rzhsg8DMJUa5Tcq-0xXBKlFys3HtnNzl19z1BPn65cDq8VUr6313tp_xi2xuR5Y-Po70GHU_kXZMwkaSJZ\/s16000-rw\/censo-getsemani-2025.jpg\" data-original-height=\"3072\" data-original-width=\"4608\" \/><\/a><\/td>\n<\/tr>\n<tr>\n<td>Foto: Universidad de Cartagena<\/td>\n<\/tr>\n<\/tbody>\n<\/table>\n<div>\n<p><b>Una oportunidad estrat\u00e9gica<\/b><\/p>\n<\/div>\n<div>\n<p>El balance del IPREG es claro: Getseman\u00ed enfrenta un progresivo vaciamiento poblacional, acompa\u00f1ado de procesos de gentrificaci\u00f3n y turistificaci\u00f3n que debilitan los v\u00ednculos de vecindad, la vida comunitaria y la transmisi\u00f3n cultural.<\/p>\n<\/div>\n<div>\n<p>Sin embargo, la investigaci\u00f3n tambi\u00e9n resalta una oportunidad estrat\u00e9gica para Cartagena: aprovechar la informaci\u00f3n del censo como base para construir pol\u00edticas p\u00fablicas participativas que equilibren turismo, vivienda, servicios y cultura.<\/p>\n<\/div>\n<div>\n<p>\u201cGetseman\u00ed no puede convertirse en un barrio museo sin habitantes. El gran reto est\u00e1 en articular el turismo, la vivienda y la vida comunitaria para que el barrio siga siendo un lugar vivo, diverso y sostenible\u201d, enfatiz\u00f3 la investigadora Rosaura Arrieta.<\/p>\n<\/div>\n<div>\n<p><b>El compromiso de la Universidad de Cartagena<\/b><\/p>\n<\/div>\n<div>\n<p>La realizaci\u00f3n de este estudio reafirma el papel de la Universidad de Cartagena como un actor clave en la producci\u00f3n de conocimiento para el desarrollo local y regional. A trav\u00e9s de sus institutos de investigaci\u00f3n, la instituci\u00f3n contribuye a generar insumos rigurosos que orientan la toma de decisiones en torno a los desaf\u00edos sociales, econ\u00f3micos y culturales de la ciudad.<\/p>\n<\/div>\n<div>\n<p>En este caso, el trabajo del Instituto de Pol\u00edticas P\u00fablicas Regional y de Gobierno (IPREG) demuestra c\u00f3mo la investigaci\u00f3n acad\u00e9mica puede convertirse en una herramienta estrat\u00e9gica para la formulaci\u00f3n de pol\u00edticas p\u00fablicas inclusivas y la protecci\u00f3n del patrimonio vivo.<\/p>\n<\/div>\n<div>\n<p>Con este estudio, el equipo del Instituto de Pol\u00edticas P\u00fablicas Regional y de Gobierno no solo entrega un diagn\u00f3stico preciso, sino que tambi\u00e9n plantean un horizonte de acci\u00f3n para que Getseman\u00ed siga siendo un territorio de vida y cultura, y no \u00fanicamente un escenario tur\u00edstico.<\/p>\n<\/div>\n<\/div>\n<\/div>\n<div class=\"container\" dir=\"ltr\" lang=\"es\">\n<div style=\"text-align: justify;\"><\/div>\n<div aria-owns=\"toolbar\">\n<p style=\"text-align: justify;\">Fuente: <a class=\"domain reader-domain\" href=\"https:\/\/www.universounicartagena.co\/2025\/08\/getsemani-se-queda-sin-pobladores-una-comunidad-en-riesgo-de-desaparecer.html\" target=\"_blank\" rel=\"noopener\">universounicartagena.co<\/a><\/p>\n<div class=\"domain-border\" style=\"text-align: justify;\"><\/div>\n<\/div>\n<\/div>\n<div class=\"pvc_clear\"><\/div>\n<p id=\"pvc_stats_12119\" class=\"pvc_stats all  \" data-element-id=\"12119\" style=\"\"><i class=\"pvc-stats-icon large\" aria-hidden=\"true\"><svg aria-hidden=\"true\" focusable=\"false\" data-prefix=\"far\" data-icon=\"chart-bar\" role=\"img\" xmlns=\"http:\/\/www.w3.org\/2000\/svg\" viewBox=\"0 0 512 512\" class=\"svg-inline--fa fa-chart-bar fa-w-16 fa-2x\"><path fill=\"currentColor\" d=\"M396.8 352h22.4c6.4 0 12.8-6.4 12.8-12.8V108.8c0-6.4-6.4-12.8-12.8-12.8h-22.4c-6.4 0-12.8 6.4-12.8 12.8v230.4c0 6.4 6.4 12.8 12.8 12.8zm-192 0h22.4c6.4 0 12.8-6.4 12.8-12.8V140.8c0-6.4-6.4-12.8-12.8-12.8h-22.4c-6.4 0-12.8 6.4-12.8 12.8v198.4c0 6.4 6.4 12.8 12.8 12.8zm96 0h22.4c6.4 0 12.8-6.4 12.8-12.8V204.8c0-6.4-6.4-12.8-12.8-12.8h-22.4c-6.4 0-12.8 6.4-12.8 12.8v134.4c0 6.4 6.4 12.8 12.8 12.8zM496 400H48V80c0-8.84-7.16-16-16-16H16C7.16 64 0 71.16 0 80v336c0 17.67 14.33 32 32 32h464c8.84 0 16-7.16 16-16v-16c0-8.84-7.16-16-16-16zm-387.2-48h22.4c6.4 0 12.8-6.4 12.8-12.8v-70.4c0-6.4-6.4-12.8-12.8-12.8h-22.4c-6.4 0-12.8 6.4-12.8 12.8v70.4c0 6.4 6.4 12.8 12.8 12.8z\" class=\"\"><\/path><\/svg><\/i> <img decoding=\"async\" width=\"16\" height=\"16\" alt=\"Loading\" src=\"https:\/\/www.periodicolapislazuli.com\/noticias\/wp-content\/plugins\/page-views-count\/ajax-loader-2x.gif\" border=0 \/><\/p>\n<div class=\"pvc_clear\"><\/div>\n        <div class=\"booster-block booster-reactions-block\">\n            <div class=\"twp-reactions-icons\">\n                \n                <div class=\"twp-reacts-wrap\">\n                    <a react-data=\"be-react-1\" post-id=\"12119\" class=\"be-face-icons un-reacted\" href=\"javascript:void(0)\">\n                        <img decoding=\"async\" src=\"https:\/\/www.periodicolapislazuli.com\/noticias\/wp-content\/plugins\/booster-extension\/\/assets\/icon\/happy.svg\" alt=\"Happy\">\n                    <\/a>\n                    <div class=\"twp-reaction-title\">\n                        Happy                    <\/div>\n                    <div class=\"twp-count-percent\">\n                                                    <span style=\"display: none;\" class=\"twp-react-count\">0<\/span>\n                        \n                                                <span class=\"twp-react-percent\"><span>0<\/span> %<\/span>\n                                            <\/div>\n                <\/div>\n\n                <div class=\"twp-reacts-wrap\">\n                    <a react-data=\"be-react-2\" post-id=\"12119\" class=\"be-face-icons un-reacted\" href=\"javascript:void(0)\">\n                        <img decoding=\"async\" src=\"https:\/\/www.periodicolapislazuli.com\/noticias\/wp-content\/plugins\/booster-extension\/\/assets\/icon\/sad.svg\" alt=\"Sad\">\n                    <\/a>\n                    <div class=\"twp-reaction-title\">\n                        Sad                    <\/div>\n                    <div class=\"twp-count-percent\">\n                                                    <span style=\"display: none;\" class=\"twp-react-count\">0<\/span>\n                                                                        <span class=\"twp-react-percent\"><span>0<\/span> %<\/span>\n                                            <\/div>\n                <\/div>\n\n                <div class=\"twp-reacts-wrap\">\n                    <a react-data=\"be-react-3\" post-id=\"12119\" class=\"be-face-icons un-reacted\" href=\"javascript:void(0)\">\n                        <img decoding=\"async\" src=\"https:\/\/www.periodicolapislazuli.com\/noticias\/wp-content\/plugins\/booster-extension\/\/assets\/icon\/excited.svg\" alt=\"Excited\">\n                    <\/a>\n                    <div class=\"twp-reaction-title\">\n                        Excited                    <\/div>\n                    <div class=\"twp-count-percent\">\n                                                    <span style=\"display: none;\" class=\"twp-react-count\">0<\/span>\n                                                                        <span class=\"twp-react-percent\"><span>0<\/span> %<\/span>\n                                            <\/div>\n                <\/div>\n\n                <div class=\"twp-reacts-wrap\">\n                    <a react-data=\"be-react-6\" post-id=\"12119\" class=\"be-face-icons un-reacted\" href=\"javascript:void(0)\">\n                        <img decoding=\"async\" src=\"https:\/\/www.periodicolapislazuli.com\/noticias\/wp-content\/plugins\/booster-extension\/\/assets\/icon\/sleepy.svg\" alt=\"Sleepy\">\n                    <\/a>\n                    <div class=\"twp-reaction-title\">\n                        Sleepy                    <\/div>\n                    <div class=\"twp-count-percent\">\n                                                    <span style=\"display: none;\" class=\"twp-react-count\">0<\/span>\n                        \n                                                <span class=\"twp-react-percent\"><span>0<\/span> %<\/span>\n                                            <\/div>\n                <\/div>\n\n                <div class=\"twp-reacts-wrap\">\n                    <a react-data=\"be-react-4\" post-id=\"12119\" class=\"be-face-icons un-reacted\" href=\"javascript:void(0)\">\n                        <img decoding=\"async\" src=\"https:\/\/www.periodicolapislazuli.com\/noticias\/wp-content\/plugins\/booster-extension\/\/assets\/icon\/angry.svg\" alt=\"Angry\">\n                    <\/a>\n                    <div class=\"twp-reaction-title\">Angry<\/div>\n                    <div class=\"twp-count-percent\">\n                                                    <span style=\"display: none;\" class=\"twp-react-count\">0<\/span>\n                                                                        <span class=\"twp-react-percent\"><span>0<\/span> %<\/span>\n                        \n                    <\/div>\n                <\/div>\n\n                <div class=\"twp-reacts-wrap\">\n                    <a react-data=\"be-react-5\" post-id=\"12119\" class=\"be-face-icons un-reacted\" href=\"javascript:void(0)\">\n                        <img decoding=\"async\" src=\"https:\/\/www.periodicolapislazuli.com\/noticias\/wp-content\/plugins\/booster-extension\/\/assets\/icon\/surprise.svg\" alt=\"Surprise\">\n                    <\/a>\n                    <div class=\"twp-reaction-title\">Surprise<\/div>\n                    <div class=\"twp-count-percent\">\n                                                    <span style=\"display: none;\" class=\"twp-react-count\">0<\/span>\n                                                                        <span class=\"twp-react-percent\"><span>0<\/span> %<\/span>\n                                            <\/div>\n                <\/div>\n\n            <\/div>\n        <\/div>\n\n    ","protected":false},"excerpt":{"rendered":"<p>Getseman\u00ed, uno de los barrios m\u00e1s emblem\u00e1ticos de Cartagena y reconocido internacionalmente por su historia de resistencia y<\/p>\n<div class=\"pvc_clear\"><\/div>\n<p id=\"pvc_stats_12119\" class=\"pvc_stats all  \" data-element-id=\"12119\" style=\"\"><i class=\"pvc-stats-icon large\" aria-hidden=\"true\"><svg aria-hidden=\"true\" focusable=\"false\" data-prefix=\"far\" data-icon=\"chart-bar\" role=\"img\" xmlns=\"http:\/\/www.w3.org\/2000\/svg\" viewBox=\"0 0 512 512\" class=\"svg-inline--fa fa-chart-bar fa-w-16 fa-2x\"><path fill=\"currentColor\" d=\"M396.8 352h22.4c6.4 0 12.8-6.4 12.8-12.8V108.8c0-6.4-6.4-12.8-12.8-12.8h-22.4c-6.4 0-12.8 6.4-12.8 12.8v230.4c0 6.4 6.4 12.8 12.8 12.8zm-192 0h22.4c6.4 0 12.8-6.4 12.8-12.8V140.8c0-6.4-6.4-12.8-12.8-12.8h-22.4c-6.4 0-12.8 6.4-12.8 12.8v198.4c0 6.4 6.4 12.8 12.8 12.8zm96 0h22.4c6.4 0 12.8-6.4 12.8-12.8V204.8c0-6.4-6.4-12.8-12.8-12.8h-22.4c-6.4 0-12.8 6.4-12.8 12.8v134.4c0 6.4 6.4 12.8 12.8 12.8zM496 400H48V80c0-8.84-7.16-16-16-16H16C7.16 64 0 71.16 0 80v336c0 17.67 14.33 32 32 32h464c8.84 0 16-7.16 16-16v-16c0-8.84-7.16-16-16-16zm-387.2-48h22.4c6.4 0 12.8-6.4 12.8-12.8v-70.4c0-6.4-6.4-12.8-12.8-12.8h-22.4c-6.4 0-12.8 6.4-12.8 12.8v70.4c0 6.4 6.4 12.8 12.8 12.8z\" class=\"\"><\/path><\/svg><\/i> <img decoding=\"async\" width=\"16\" height=\"16\" alt=\"Loading\" src=\"https:\/\/www.periodicolapislazuli.com\/noticias\/wp-content\/plugins\/page-views-count\/ajax-loader-2x.gif\" border=0 \/><\/p>\n<div class=\"pvc_clear\"><\/div>\n","protected":false},"author":3,"featured_media":12120,"comment_status":"closed","ping_status":"open","sticky":false,"template":"","format":"standard","meta":{"om_disable_all_campaigns":false,"pagelayer_contact_templates":[],"_pagelayer_content":"","_monsterinsights_skip_tracking":false,"_monsterinsights_sitenote_active":false,"_monsterinsights_sitenote_note":"","_monsterinsights_sitenote_category":0,"footnotes":""},"categories":[3],"tags":[581,295,1793,4032,309,1201],"class_list":["post-12119","post","type-post","status-publish","format-standard","has-post-thumbnail","hentry","category-actualidad","tag-cartagena","tag-comunitario","tag-cultura-popular","tag-getsemani","tag-historia","tag-resistencia"],"a3_pvc":{"activated":true,"total_views":52,"today_views":0},"jetpack_featured_media_url":"https:\/\/www.periodicolapislazuli.com\/noticias\/wp-content\/uploads\/2025\/10\/getsemani-unicartagena-2025-scaled.jpg","_links":{"self":[{"href":"https:\/\/www.periodicolapislazuli.com\/noticias\/wp-json\/wp\/v2\/posts\/12119","targetHints":{"allow":["GET"]}}],"collection":[{"href":"https:\/\/www.periodicolapislazuli.com\/noticias\/wp-json\/wp\/v2\/posts"}],"about":[{"href":"https:\/\/www.periodicolapislazuli.com\/noticias\/wp-json\/wp\/v2\/types\/post"}],"author":[{"embeddable":true,"href":"https:\/\/www.periodicolapislazuli.com\/noticias\/wp-json\/wp\/v2\/users\/3"}],"replies":[{"embeddable":true,"href":"https:\/\/www.periodicolapislazuli.com\/noticias\/wp-json\/wp\/v2\/comments?post=12119"}],"version-history":[{"count":3,"href":"https:\/\/www.periodicolapislazuli.com\/noticias\/wp-json\/wp\/v2\/posts\/12119\/revisions"}],"predecessor-version":[{"id":12209,"href":"https:\/\/www.periodicolapislazuli.com\/noticias\/wp-json\/wp\/v2\/posts\/12119\/revisions\/12209"}],"wp:featuredmedia":[{"embeddable":true,"href":"https:\/\/www.periodicolapislazuli.com\/noticias\/wp-json\/wp\/v2\/media\/12120"}],"wp:attachment":[{"href":"https:\/\/www.periodicolapislazuli.com\/noticias\/wp-json\/wp\/v2\/media?parent=12119"}],"wp:term":[{"taxonomy":"category","embeddable":true,"href":"https:\/\/www.periodicolapislazuli.com\/noticias\/wp-json\/wp\/v2\/categories?post=12119"},{"taxonomy":"post_tag","embeddable":true,"href":"https:\/\/www.periodicolapislazuli.com\/noticias\/wp-json\/wp\/v2\/tags?post=12119"}],"curies":[{"name":"wp","href":"https:\/\/api.w.org\/{rel}","templated":true}]}}