{"id":12115,"date":"2025-10-23T12:51:55","date_gmt":"2025-10-23T12:51:55","guid":{"rendered":"https:\/\/www.periodicolapislazuli.com\/noticias\/?p=12115"},"modified":"2025-12-07T23:51:18","modified_gmt":"2025-12-07T23:51:18","slug":"el-gobierno-lanza-el-programa-arte-para-la-paz-un-paso-fundamental-en-la-educacion-artistica-para-la-reconciliacion","status":"publish","type":"post","link":"https:\/\/www.periodicolapislazuli.com\/noticias\/el-gobierno-lanza-el-programa-arte-para-la-paz-un-paso-fundamental-en-la-educacion-artistica-para-la-reconciliacion\/","title":{"rendered":"El Gobierno Lanza el Programa \u00abArte para la Paz\u00bb: Un Paso Fundamental en la Educaci\u00f3n Art\u00edstica para la Reconciliaci\u00f3n"},"content":{"rendered":"<div class='booster-block booster-read-block'>\n                <div class=\"twp-read-time\">\n                \t<i class=\"booster-icon twp-clock\"><\/i> <span>Read Time:<\/span>4 Minute, 46 Second                <\/div>\n\n            <\/div><p style=\"text-align: justify;\">En un momento crucial para la historia reciente de Colombia, el gobierno del presidente <strong>Gustavo Petro<\/strong> ha lanzado el <strong>programa \u00abArte para la Paz\u00bb<\/strong>, una iniciativa educativa de gran envergadura que se presenta como el mayor esfuerzo para incorporar las artes en los procesos de educaci\u00f3n y reconciliaci\u00f3n del pa\u00eds. Este proyecto tiene como objetivo transformar las din\u00e1micas sociales a trav\u00e9s de la cultura, brindando a millones de j\u00f3venes la oportunidad de involucrarse en actividades art\u00edsticas que fomenten la paz, la creatividad y el entendimiento mutuo.<\/p>\n<p style=\"text-align: justify;\">El <strong>programa \u00abArte para la Paz\u00bb<\/strong> surge en el contexto de la pol\u00edtica de <strong>paz total<\/strong> impulsada por el gobierno Petro, cuyo enfoque no solo busca la desmovilizaci\u00f3n de los grupos armados, sino tambi\u00e9n la reconstrucci\u00f3n social de un pa\u00eds que ha sufrido durante d\u00e9cadas las secuelas de la violencia. El arte, como herramienta transformadora, se presenta aqu\u00ed como una v\u00eda para sanar las heridas, fomentar el entendimiento y crear una nueva cultura de convivencia en un territorio marcado por la polarizaci\u00f3n y el conflicto armado.<\/p>\n<h3 style=\"text-align: justify;\"><strong>Un enfoque integral para la educaci\u00f3n<\/strong><\/h3>\n<p style=\"text-align: justify;\">El lanzamiento de este programa representa una de las apuestas m\u00e1s ambiciosas en el \u00e1mbito de la educaci\u00f3n art\u00edstica en la historia del pa\u00eds. Con una inversi\u00f3n inicial de m\u00e1s de <strong>600.000 millones de pesos<\/strong>, el gobierno busca llegar a <strong>todo el territorio nacional<\/strong>, llevando programas de formaci\u00f3n art\u00edstica a miles de j\u00f3venes en zonas urbanas y rurales, especialmente aquellas que han sido hist\u00f3ricamente afectadas por la violencia y la pobreza.<\/p>\n<p style=\"text-align: justify;\">\u201cArte para la Paz\u201d se concibe como un <strong>programa integral<\/strong> que no solo proporcionar\u00e1 formaci\u00f3n en diferentes disciplinas art\u00edsticas como m\u00fasica, danza, teatro, literatura y artes visuales, sino que tambi\u00e9n se integrar\u00e1 a las pol\u00edticas p\u00fablicas de <strong>educaci\u00f3n y convivencia<\/strong>. Este enfoque tiene como objetivo que los j\u00f3venes no solo se apropien de las herramientas del arte, sino que tambi\u00e9n aprendan a <strong>convivir en paz<\/strong> y a <strong>resolver conflictos<\/strong> mediante la expresi\u00f3n art\u00edstica, el di\u00e1logo y la colaboraci\u00f3n.<\/p>\n<h3 style=\"text-align: justify;\"><strong>El arte como veh\u00edculo de reconciliaci\u00f3n<\/strong><\/h3>\n<p style=\"text-align: justify;\">El arte ha demostrado ser una poderosa herramienta de <strong>reconciliaci\u00f3n social<\/strong> en todo el mundo. En pa\u00edses que han vivido conflictos largos y profundos, como Sud\u00e1frica o Ruanda, las iniciativas art\u00edsticas han servido como una manera de restaurar la dignidad, dar voz a los que han sido silenciados por el conflicto y ofrecer espacios de encuentro entre diferentes comunidades. En Colombia, el arte ha jugado un papel fundamental en las <strong>memorias de las v\u00edctimas<\/strong>, la <strong>comunicaci\u00f3n intercultural<\/strong> y el <strong>fortalecimiento de la identidad nacional<\/strong>.<\/p>\n<p style=\"text-align: justify;\">El programa \u201cArte para la Paz\u201d no solo tiene un prop\u00f3sito educativo, sino tambi\u00e9n un prop\u00f3sito profundamente social: contribuir a la <strong>construcci\u00f3n de una cultura de paz<\/strong> en un pa\u00eds dividido por d\u00e9cadas de violencia. La propuesta es que, a trav\u00e9s del arte, los j\u00f3venes puedan encontrar una v\u00eda para superar la violencia estructural, las desigualdades y las divisiones sociales. De esta forma, se propone un ejercicio de <strong>sanaci\u00f3n colectiva<\/strong> en el que la expresi\u00f3n art\u00edstica, adem\u00e1s de ser un canal para la creatividad, sea tambi\u00e9n una herramienta de <strong>cuidado emocional y psicol\u00f3gico<\/strong>.<\/p>\n<p style=\"text-align: justify;\">Uno de los aspectos m\u00e1s destacados de este proyecto es su enfoque en las regiones m\u00e1s vulnerables del pa\u00eds. En muchas de estas \u00e1reas, el acceso a la educaci\u00f3n art\u00edstica ha sido limitado o pr\u00e1cticamente inexistente, lo que ha dejado a generaciones de j\u00f3venes sin herramientas para expresar sus emociones o reflexionar sobre su contexto social. \u00abArte para la Paz\u00bb busca romper esta brecha, llevando la formaci\u00f3n art\u00edstica no solo a las grandes ciudades, sino a los rincones m\u00e1s remotos de Colombia.<\/p>\n<p style=\"text-align: justify;\">El programa estar\u00e1 particularmente enfocado en los <strong>territorios postconflicto<\/strong>, en donde la presencia de grupos armados y las secuelas de la guerra han dejado una profunda marca en las comunidades. Se espera que los j\u00f3venes, al ser formados en el arte, puedan usar estas herramientas para expresar sus vivencias, dialogar con otros y contribuir a la reconstrucci\u00f3n de su tejido social. Esta es una forma de ofrecerles <strong>alternativas de vida<\/strong> lejos de las violencias que han sido parte de su cotidianidad.<\/p>\n<h3 style=\"text-align: justify;\"><strong>El rol de los maestros y las instituciones culturales<\/strong><\/h3>\n<p style=\"text-align: justify;\">Un elemento clave de este programa ser\u00e1 la <strong>formaci\u00f3n de maestros y educadores<\/strong> en las disciplinas art\u00edsticas, quienes ser\u00e1n los encargados de guiar a los j\u00f3venes en el proceso de aprendizaje. El gobierno tambi\u00e9n se compromete a fortalecer las <strong>instituciones culturales<\/strong> y las escuelas, para que tengan las infraestructuras adecuadas y los recursos necesarios para desarrollar sus capacidades art\u00edsticas.<\/p>\n<p style=\"text-align: justify;\">De la mano de artistas locales, el programa buscar\u00e1 crear un <strong>espacio para la creaci\u00f3n de nuevas propuestas art\u00edsticas<\/strong>, que reflejen la identidad de las diferentes regiones del pa\u00eds. Al dar visibilidad a la diversidad cultural de Colombia, el proyecto promover\u00e1 una <strong>riqueza art\u00edstica<\/strong> que no solo se limite a los medios tradicionales, sino que tambi\u00e9n fomente la experimentaci\u00f3n y la innovaci\u00f3n en el campo de las artes.<\/p>\n<p style=\"text-align: justify;\">Con este programa, el gobierno no solo busca dar una respuesta a las <strong>heridas sociales y pol\u00edticas del pasado<\/strong>, sino que tambi\u00e9n proyecta un futuro donde los j\u00f3venes colombianos puedan tener acceso a una educaci\u00f3n integral, que los forme como ciudadanos capaces de <strong>pensar cr\u00edticamente<\/strong> y <strong>actuar con responsabilidad social<\/strong>. \u201cArte para la Paz\u201d es una invitaci\u00f3n a transformar el pa\u00eds desde la ra\u00edz, promoviendo la <strong>reconciliaci\u00f3n<\/strong> y la <strong>construcci\u00f3n de paz<\/strong> mediante el poder del arte.<\/p>\n<p style=\"text-align: justify;\">Al final, la pregunta que queda abierta es: \u00bfes el arte la v\u00eda para construir una sociedad m\u00e1s pac\u00edfica y justa, o estamos simplemente ante un esfuerzo para maquillar las profundas heridas de Colombia con una capa de color? Lo cierto es que, por lo menos, es un paso en la direcci\u00f3n correcta para sanar un pa\u00eds que ha sido marcado por d\u00e9cadas de conflicto y violencia.<\/p>\n<div class=\"pvc_clear\"><\/div>\n<p id=\"pvc_stats_12115\" class=\"pvc_stats all  \" data-element-id=\"12115\" style=\"\"><i class=\"pvc-stats-icon large\" aria-hidden=\"true\"><svg aria-hidden=\"true\" focusable=\"false\" data-prefix=\"far\" data-icon=\"chart-bar\" role=\"img\" xmlns=\"http:\/\/www.w3.org\/2000\/svg\" viewBox=\"0 0 512 512\" class=\"svg-inline--fa fa-chart-bar fa-w-16 fa-2x\"><path fill=\"currentColor\" d=\"M396.8 352h22.4c6.4 0 12.8-6.4 12.8-12.8V108.8c0-6.4-6.4-12.8-12.8-12.8h-22.4c-6.4 0-12.8 6.4-12.8 12.8v230.4c0 6.4 6.4 12.8 12.8 12.8zm-192 0h22.4c6.4 0 12.8-6.4 12.8-12.8V140.8c0-6.4-6.4-12.8-12.8-12.8h-22.4c-6.4 0-12.8 6.4-12.8 12.8v198.4c0 6.4 6.4 12.8 12.8 12.8zm96 0h22.4c6.4 0 12.8-6.4 12.8-12.8V204.8c0-6.4-6.4-12.8-12.8-12.8h-22.4c-6.4 0-12.8 6.4-12.8 12.8v134.4c0 6.4 6.4 12.8 12.8 12.8zM496 400H48V80c0-8.84-7.16-16-16-16H16C7.16 64 0 71.16 0 80v336c0 17.67 14.33 32 32 32h464c8.84 0 16-7.16 16-16v-16c0-8.84-7.16-16-16-16zm-387.2-48h22.4c6.4 0 12.8-6.4 12.8-12.8v-70.4c0-6.4-6.4-12.8-12.8-12.8h-22.4c-6.4 0-12.8 6.4-12.8 12.8v70.4c0 6.4 6.4 12.8 12.8 12.8z\" class=\"\"><\/path><\/svg><\/i> <img decoding=\"async\" width=\"16\" height=\"16\" alt=\"Loading\" src=\"https:\/\/www.periodicolapislazuli.com\/noticias\/wp-content\/plugins\/page-views-count\/ajax-loader-2x.gif\" border=0 \/><\/p>\n<div class=\"pvc_clear\"><\/div>\n        <div class=\"booster-block booster-reactions-block\">\n            <div class=\"twp-reactions-icons\">\n                \n                <div class=\"twp-reacts-wrap\">\n                    <a react-data=\"be-react-1\" post-id=\"12115\" class=\"be-face-icons un-reacted\" href=\"javascript:void(0)\">\n                        <img decoding=\"async\" src=\"https:\/\/www.periodicolapislazuli.com\/noticias\/wp-content\/plugins\/booster-extension\/\/assets\/icon\/happy.svg\" alt=\"Happy\">\n                    <\/a>\n                    <div class=\"twp-reaction-title\">\n                        Happy                    <\/div>\n                    <div class=\"twp-count-percent\">\n                                                    <span style=\"display: none;\" class=\"twp-react-count\">0<\/span>\n                        \n                                                <span class=\"twp-react-percent\"><span>0<\/span> %<\/span>\n                                            <\/div>\n                <\/div>\n\n                <div class=\"twp-reacts-wrap\">\n                    <a react-data=\"be-react-2\" post-id=\"12115\" class=\"be-face-icons un-reacted\" href=\"javascript:void(0)\">\n                        <img decoding=\"async\" src=\"https:\/\/www.periodicolapislazuli.com\/noticias\/wp-content\/plugins\/booster-extension\/\/assets\/icon\/sad.svg\" alt=\"Sad\">\n                    <\/a>\n                    <div class=\"twp-reaction-title\">\n                        Sad                    <\/div>\n                    <div class=\"twp-count-percent\">\n                                                    <span style=\"display: none;\" class=\"twp-react-count\">0<\/span>\n                                                                        <span class=\"twp-react-percent\"><span>0<\/span> %<\/span>\n                                            <\/div>\n                <\/div>\n\n                <div class=\"twp-reacts-wrap\">\n                    <a react-data=\"be-react-3\" post-id=\"12115\" class=\"be-face-icons un-reacted\" href=\"javascript:void(0)\">\n                        <img decoding=\"async\" src=\"https:\/\/www.periodicolapislazuli.com\/noticias\/wp-content\/plugins\/booster-extension\/\/assets\/icon\/excited.svg\" alt=\"Excited\">\n                    <\/a>\n                    <div class=\"twp-reaction-title\">\n                        Excited                    <\/div>\n                    <div class=\"twp-count-percent\">\n                                                    <span style=\"display: none;\" class=\"twp-react-count\">0<\/span>\n                                                                        <span class=\"twp-react-percent\"><span>0<\/span> %<\/span>\n                                            <\/div>\n                <\/div>\n\n                <div class=\"twp-reacts-wrap\">\n                    <a react-data=\"be-react-6\" post-id=\"12115\" class=\"be-face-icons un-reacted\" href=\"javascript:void(0)\">\n                        <img decoding=\"async\" src=\"https:\/\/www.periodicolapislazuli.com\/noticias\/wp-content\/plugins\/booster-extension\/\/assets\/icon\/sleepy.svg\" alt=\"Sleepy\">\n                    <\/a>\n                    <div class=\"twp-reaction-title\">\n                        Sleepy                    <\/div>\n                    <div class=\"twp-count-percent\">\n                                                    <span style=\"display: none;\" class=\"twp-react-count\">0<\/span>\n                        \n                                                <span class=\"twp-react-percent\"><span>0<\/span> %<\/span>\n                                            <\/div>\n                <\/div>\n\n                <div class=\"twp-reacts-wrap\">\n                    <a react-data=\"be-react-4\" post-id=\"12115\" class=\"be-face-icons un-reacted\" href=\"javascript:void(0)\">\n                        <img decoding=\"async\" src=\"https:\/\/www.periodicolapislazuli.com\/noticias\/wp-content\/plugins\/booster-extension\/\/assets\/icon\/angry.svg\" alt=\"Angry\">\n                    <\/a>\n                    <div class=\"twp-reaction-title\">Angry<\/div>\n                    <div class=\"twp-count-percent\">\n                                                    <span style=\"display: none;\" class=\"twp-react-count\">0<\/span>\n                                                                        <span class=\"twp-react-percent\"><span>0<\/span> %<\/span>\n                        \n                    <\/div>\n                <\/div>\n\n                <div class=\"twp-reacts-wrap\">\n                    <a react-data=\"be-react-5\" post-id=\"12115\" class=\"be-face-icons un-reacted\" href=\"javascript:void(0)\">\n                        <img decoding=\"async\" src=\"https:\/\/www.periodicolapislazuli.com\/noticias\/wp-content\/plugins\/booster-extension\/\/assets\/icon\/surprise.svg\" alt=\"Surprise\">\n                    <\/a>\n                    <div class=\"twp-reaction-title\">Surprise<\/div>\n                    <div class=\"twp-count-percent\">\n                                                    <span style=\"display: none;\" class=\"twp-react-count\">0<\/span>\n                                                                        <span class=\"twp-react-percent\"><span>0<\/span> %<\/span>\n                                            <\/div>\n                <\/div>\n\n            <\/div>\n        <\/div>\n\n    ","protected":false},"excerpt":{"rendered":"<p>En un momento crucial para la historia reciente de Colombia, el gobierno del presidente Gustavo Petro ha lanzado<\/p>\n<div class=\"pvc_clear\"><\/div>\n<p id=\"pvc_stats_12115\" class=\"pvc_stats all  \" data-element-id=\"12115\" style=\"\"><i class=\"pvc-stats-icon large\" aria-hidden=\"true\"><svg aria-hidden=\"true\" focusable=\"false\" data-prefix=\"far\" data-icon=\"chart-bar\" role=\"img\" xmlns=\"http:\/\/www.w3.org\/2000\/svg\" viewBox=\"0 0 512 512\" class=\"svg-inline--fa fa-chart-bar fa-w-16 fa-2x\"><path fill=\"currentColor\" d=\"M396.8 352h22.4c6.4 0 12.8-6.4 12.8-12.8V108.8c0-6.4-6.4-12.8-12.8-12.8h-22.4c-6.4 0-12.8 6.4-12.8 12.8v230.4c0 6.4 6.4 12.8 12.8 12.8zm-192 0h22.4c6.4 0 12.8-6.4 12.8-12.8V140.8c0-6.4-6.4-12.8-12.8-12.8h-22.4c-6.4 0-12.8 6.4-12.8 12.8v198.4c0 6.4 6.4 12.8 12.8 12.8zm96 0h22.4c6.4 0 12.8-6.4 12.8-12.8V204.8c0-6.4-6.4-12.8-12.8-12.8h-22.4c-6.4 0-12.8 6.4-12.8 12.8v134.4c0 6.4 6.4 12.8 12.8 12.8zM496 400H48V80c0-8.84-7.16-16-16-16H16C7.16 64 0 71.16 0 80v336c0 17.67 14.33 32 32 32h464c8.84 0 16-7.16 16-16v-16c0-8.84-7.16-16-16-16zm-387.2-48h22.4c6.4 0 12.8-6.4 12.8-12.8v-70.4c0-6.4-6.4-12.8-12.8-12.8h-22.4c-6.4 0-12.8 6.4-12.8 12.8v70.4c0 6.4 6.4 12.8 12.8 12.8z\" class=\"\"><\/path><\/svg><\/i> <img decoding=\"async\" width=\"16\" height=\"16\" alt=\"Loading\" src=\"https:\/\/www.periodicolapislazuli.com\/noticias\/wp-content\/plugins\/page-views-count\/ajax-loader-2x.gif\" border=0 \/><\/p>\n<div class=\"pvc_clear\"><\/div>\n","protected":false},"author":3,"featured_media":12116,"comment_status":"closed","ping_status":"open","sticky":false,"template":"","format":"standard","meta":{"om_disable_all_campaigns":false,"pagelayer_contact_templates":[],"_pagelayer_content":"","_monsterinsights_skip_tracking":false,"_monsterinsights_sitenote_active":false,"_monsterinsights_sitenote_note":"","_monsterinsights_sitenote_category":0,"footnotes":""},"categories":[3],"tags":[146,60,201,323,554],"class_list":["post-12115","post","type-post","status-publish","format-standard","has-post-thumbnail","hentry","category-actualidad","tag-arte","tag-colombia","tag-educacion","tag-paz","tag-reconciliacion"],"a3_pvc":{"activated":true,"total_views":29,"today_views":0},"jetpack_featured_media_url":"https:\/\/www.periodicolapislazuli.com\/noticias\/wp-content\/uploads\/2025\/10\/arte-para-la-paz.jpg","_links":{"self":[{"href":"https:\/\/www.periodicolapislazuli.com\/noticias\/wp-json\/wp\/v2\/posts\/12115","targetHints":{"allow":["GET"]}}],"collection":[{"href":"https:\/\/www.periodicolapislazuli.com\/noticias\/wp-json\/wp\/v2\/posts"}],"about":[{"href":"https:\/\/www.periodicolapislazuli.com\/noticias\/wp-json\/wp\/v2\/types\/post"}],"author":[{"embeddable":true,"href":"https:\/\/www.periodicolapislazuli.com\/noticias\/wp-json\/wp\/v2\/users\/3"}],"replies":[{"embeddable":true,"href":"https:\/\/www.periodicolapislazuli.com\/noticias\/wp-json\/wp\/v2\/comments?post=12115"}],"version-history":[{"count":3,"href":"https:\/\/www.periodicolapislazuli.com\/noticias\/wp-json\/wp\/v2\/posts\/12115\/revisions"}],"predecessor-version":[{"id":12204,"href":"https:\/\/www.periodicolapislazuli.com\/noticias\/wp-json\/wp\/v2\/posts\/12115\/revisions\/12204"}],"wp:featuredmedia":[{"embeddable":true,"href":"https:\/\/www.periodicolapislazuli.com\/noticias\/wp-json\/wp\/v2\/media\/12116"}],"wp:attachment":[{"href":"https:\/\/www.periodicolapislazuli.com\/noticias\/wp-json\/wp\/v2\/media?parent=12115"}],"wp:term":[{"taxonomy":"category","embeddable":true,"href":"https:\/\/www.periodicolapislazuli.com\/noticias\/wp-json\/wp\/v2\/categories?post=12115"},{"taxonomy":"post_tag","embeddable":true,"href":"https:\/\/www.periodicolapislazuli.com\/noticias\/wp-json\/wp\/v2\/tags?post=12115"}],"curies":[{"name":"wp","href":"https:\/\/api.w.org\/{rel}","templated":true}]}}