{"id":1210,"date":"2017-11-03T06:10:45","date_gmt":"2017-11-03T06:10:45","guid":{"rendered":"http:\/\/www.periodicolapislazuli.com\/noticias\/?p=1210"},"modified":"2017-11-19T06:20:35","modified_gmt":"2017-11-19T06:20:35","slug":"la-literatura-colombiana-invitada-honor-francia","status":"publish","type":"post","link":"https:\/\/www.periodicolapislazuli.com\/noticias\/la-literatura-colombiana-invitada-honor-francia\/","title":{"rendered":"La literatura colombiana es invitada de honor en Francia"},"content":{"rendered":"<div class='booster-block booster-read-block'>\n                <div class=\"twp-read-time\">\n                \t<i class=\"booster-icon twp-clock\"><\/i> <span>Read Time:<\/span>11 Minute, 12 Second                <\/div>\n\n            <\/div><div align=\"justify\"><img decoding=\"async\" class=\"aligncenter\" src=\"http:\/\/www.caroycuervo.gov.co\/recursos\/rot-nota-francia.jpg\" width=\"94%\" \/><span style=\"color: #800000;\"><strong>Fuente: caroycuervo.gov.co<\/strong><\/span><\/p>\n<hr \/>\n<p>En el marco del A\u00f1o Colombia-Francia 2017 y en particular, de la Temporada de Colombia en el pa\u00eds galo, se desarrolla una relevante agenda que ha incluido la presencia de cinco grandes autores colombianos en la Maison de la Po\u00e9sie de Par\u00eds durante octubre y que proyecta a Colombia como pa\u00eds invitado en el &#8217;10e Salon du livre de Cayenne&#8217; del 22 al 25 de noviembre, as\u00ed como la realizaci\u00f3n de\u00a072 encuentros en las Bibliotecas P\u00fablicas de Par\u00eds, durante noviembre y diciembre y la publicaci\u00f3n de obras de autores colombianos traducidas al franc\u00e9s.<\/p>\n<p><img decoding=\"async\" class=\"aligncenter\" src=\"http:\/\/www.mincultura.gov.co\/prensa\/noticias\/SiteAssets\/Paginas\/La-literatura-colombiana-es-invitada-de-honor-en-Francia\/_D4S3170_web.jpg\" alt=\"_D4S3170_web.jpg\" \/><\/p>\n<p><span class=\"ms-rteFontSize-1\">\u00a0El escritor colombiano H\u00e9ctor Abad junto a la escritora francesa Maylis de Kerangal en la\u00a0Maison de la Po\u00e9sie de Par\u00eds.\u00a0\u00a9Ann\u00e9eFranceColombie\/T.Chapotot_2017\u00a0<\/span><\/p>\n<p>El lanzamiento de las traducciones al franc\u00e9s de obras de escritores colombianos es una realidad gracias al trabajo liderado por el Ministerio de Cultura de Colombia, la Biblioteca Nacional de Colombia y la Comisar\u00eda colombiana del A\u00f1o Colombia-Francia 2017, y en especial a su asesor en Literatura,\u00a0Roberto Salazar Morales, quien estuvo a cargo del\u00a0programa editorial, las traducciones y la programaci\u00f3n.<\/p>\n<p>\u00abEl Ministerio de Cultura de Colombia aport\u00f3 importantes recursos para la traducci\u00f3n de obras in\u00e9ditas en franc\u00e9s y para subvencionar varias antolog\u00edas de cuento, poes\u00eda y c\u00f3mic con lo mejor de la producci\u00f3n literaria nacional. Este a\u00f1o, gracias a nuestro programa literario, llevamos a m\u00e1s de cincuenta plumas colombianas a Francia. Tambi\u00e9n hemos rescatado textos de autores colombianos cuya obra hab\u00eda tenido un impacto en franc\u00e9s y que merec\u00edan un homenaje.\u00a0 En total, se entreg\u00f3 el equivalente a diez est\u00edmulos de traducci\u00f3n, basados en un estudio detallado de la literatura de Francia y de su mercado editorial y en un seguimiento de las propuestas editoriales. En este sentido, se trata de un logro sin precedentes.<\/p>\n<p><img decoding=\"async\" class=\"aligncenter\" src=\"http:\/\/www.mincultura.gov.co\/prensa\/noticias\/SiteAssets\/Paginas\/La-literatura-colombiana-es-invitada-de-honor-en-Francia\/4937_web.png\" alt=\"4937_web.png\" \/><\/p>\n<p>Adem\u00e1s de los g\u00e9neros cl\u00e1sicos, es importante subrayar que es la primera vez que el c\u00f3mic recibe un apoyo tan grande pero tan merecido en nuestro pa\u00eds: adem\u00e1s de la publicaci\u00f3n en franc\u00e9s de una antolog\u00eda de c\u00f3mic totalmente subvencionada por Mincultura, nuestros editores infantiles, juveniles y de c\u00f3mic independientes han sido invitados a participar en el Sal\u00f3n del Libro de Montreuil, el segundo m\u00e1s grande de Europa\u00bb, precis\u00f3\u00a0Roberto Salazar Morales,\u00a0asesor en Literatura de Comisar\u00eda colombiana del A\u00f1o Colombia-Francia 2017.<\/p>\n<p>Y agreg\u00f3 que<strong>\u00a0<\/strong>\u00abColombia es una verdadera potencia latinoamericana en el campo del c\u00f3mic, en t\u00e9rminos de la calidad de su producci\u00f3n, y lo es gracias al trabajo de artistas, editores y festivales independientes. Con nuestro apoyo, ahora le damos un reconocimiento oficial a esta labor. Este es un primer paso, importante, para visibilizar el c\u00f3mic nacional en otros escenarios mundiales, como Montreuil o el Sal\u00f3n de c\u00f3mic de la ciudad de Angulema (Francia), el m\u00e1s prestigioso de toda Europa y uno de los m\u00e1s importantes del mundo\u00bb.<\/p>\n<p>Tambi\u00e9n gracias a esta iniciativa el p\u00fablico franc\u00e9s tendr\u00e1 la oportunidad de descubrir o de redescubrir la obra de otros novelistas consagrados y continuar explorando el variado mundo de las letras de Colombia.<\/p>\n<p>As\u00ed mismo, el 15 de noviembre, un gran evento reunir\u00e1 en la Biblioth\u00e8que de l&#8217;Arsenal de Par\u00eds a doce autores colombianos: William Ospina, Juan C\u00e1rdenas, Sinar Alvarado, Pablo Montoya, Octavio Escobar Giraldo, Luis Noriega, Jorge Franco, Jos\u00e9 Zuleta Ortiz, Juan \u00c1lvarez y Jorge Aristiz\u00e1bal G\u00e1faro.<\/p>\n<p>Este evento tambi\u00e9n contar\u00e1 con la participaci\u00f3n de la Directora de la Biblioteca Nacional, Consuelo Gait\u00e1n, que a su vez, en el marco de la programaci\u00f3n de la Temporada colombiana, tendr\u00e1 la oportunidad de compartir la experiencia y los satisfactorios resultados alcanzados con el proyecto Bibliotecas P\u00fablicas M\u00f3viles &#8216;Leer es mi cuento&#8217;, una iniciativa dise\u00f1ada y coordinada por el Ministerio de Cultura de Colombia y la Biblioteca Nacional de Colombia, en asocio con la ONG francesa &#8216;Bibliotecas Sin Fronteras&#8217;, quienes han implementado este modelo en pa\u00edses como Grecia, Alemania, Francia, Marruecos, Etiop\u00eda y Ghana. Colombia es pionero en aplicar este modelo en Latinoam\u00e9rica.<\/p>\n<p><img decoding=\"async\" class=\"aligncenter\" src=\"http:\/\/www.mincultura.gov.co\/prensa\/noticias\/SiteAssets\/Paginas\/La-literatura-colombiana-es-invitada-de-honor-en-Francia\/Biblioteca%20Publica%20Movil%20vereda%20Charras%20San%20Jos%c3%a9%20del%20Guaviare_web.jpg\" alt=\"Biblioteca Publica Movil vereda Charras San Jos\u00e9 del Guaviare_web.jpg\" \/><\/p>\n<p><span class=\"ms-rteFontSize-1\">Biblioteca P\u00fablica M\u00f3vil, vereda Charras, municipio de San Jos\u00e9 del Guaviare (Guaviare), Colombia.<\/span><\/p>\n<p>Las 20 Bibliotecas fueron instaladas, desde el pasado mes de marzo, en las zonas veredales y Puntos transitorios de normalizaci\u00f3n. Ocupan un espacio entre 50 y 100 m2 para atender hasta 50 personas y ofrecer todos los servicios de una biblioteca p\u00fablica en los m\u00f3dulos de lectura, inform\u00e1tico, audiovisual y administrativo. Cada Biblioteca P\u00fablica M\u00f3vil cuenta con 460 t\u00edtulos f\u00edsicos y m\u00e1s de 200 t\u00edtulos en lectores de textos digitales y tabletas, los cuales abarcan tem\u00e1ticas de literatura infantil, juvenil y de adultos, y textos informativos en distintas \u00e1reas del conocimiento como el proceso de paz, el desarrollo rural, los cultivos alternativos, el emprendimiento, artes y los oficios, entre otras tem\u00e1ticas.<\/p>\n<p>El portafolio de servicios bibliotecarios de extensi\u00f3n para las comunidades rurales y excombatientes del conflicto armado, incluye servicios para distintos grupos poblacionales como pr\u00e9stamo de material bibliogr\u00e1fico, promoci\u00f3n de lectura y escritura, apropiaci\u00f3n tecnol\u00f3gica y acceso a las TIC, formaci\u00f3n y capacitaci\u00f3n, cineforos, recuperaci\u00f3n de memoria, alfabetizaci\u00f3n informacional, en un proyecto que cuenta con los 20 mejores bibliotecarios p\u00fablicos del pa\u00eds.<\/p>\n<p>\u00abCon estas Bibliotecas queremos demostrar el aporte fundamental que representa la cultura en el proceso de paz. Esta ha sido una oportunidad \u00fanica para generar espacios de interacci\u00f3n, encuentro, reconciliaci\u00f3n y fortalecimiento de la cohesi\u00f3n social\u00bb, afirm\u00f3 Consuelo Gait\u00e1n, Directora de la Biblioteca Nacional de Colombia.<\/p>\n<p>La pol\u00edtica para el fomento a la lectura impulsada por Colombia, es uno de los modelos referentes en el mundo por su alcance en territorios que han sido afectados por el conflicto armado. Esta pol\u00edtica incluye dos pilares fundamentales: la construcci\u00f3n y dotaci\u00f3n, con libros y conectividad, de bibliotecas p\u00fablicas, y adquisici\u00f3n y distribuci\u00f3n de libros para la primera infancia en todas las p\u00fablicas y hogares de escasos recursos.<\/p>\n<p>&nbsp;<\/p>\n<p><span class=\"ms-rteFontSize-3\"><strong>M\u00e1s sobre\u00a0<\/strong><strong>el lanzamiento de las traducciones al franc\u00e9s de obras de escritores colombianos<\/strong><\/span><\/p>\n<p><strong>Publicaciones traducidas<\/strong><\/p>\n<p>Sinar Alvarado,\u00a0<em>Portrait d&#8217;un cannibale,\u00a0<\/em>Marchialy.<\/p>\n<p>Piedad Bonnett,\u00a0<em>Ce qui n&#8217;a pas de nom<\/em>, M\u00e9taili\u00e9.<\/p>\n<p>Roberto Burgos Cantor,\u00a0<em>La Ceiba\u00a0: l&#8217;arbre de la m\u00e9moire<\/em>, Zinnia.<\/p>\n<p>Santiago Gamboa,<em>\u00a0Retourner dans l&#8217;obscure vall\u00e9e<\/em>, M\u00e9taili\u00e9.<\/p>\n<p>Gabriel Garc\u00eda M\u00e1rquez,\u00a0<em>L&#8217;Atelier d&#8217;\u00e9criture<\/em>, Seghers.<\/p>\n<p>Octavio Escobar Giraldo,\u00a0<em>Avant et apr\u00e8s Dieu<\/em>, Actes Sud.<\/p>\n<p>Pablo Montoya,\u00a0<em>L&#8217;Homme en ruines<\/em>, M\u00e9moire vivante.<\/p>\n<p>Emma Reyes,\u00a0<em>M\u00e9moires par correspondance<\/em>, Fayard.<\/p>\n<p>Juan Gabriel V\u00e1squez,\u00a0<em>Le Corps des ruines<\/em>. Seuil.<\/p>\n<p><img decoding=\"async\" class=\"aligncenter\" src=\"http:\/\/www.mincultura.gov.co\/prensa\/noticias\/SiteAssets\/Paginas\/La-literatura-colombiana-es-invitada-de-honor-en-Francia\/9782232128318_web.jpg\" alt=\"9782232128318_web.jpg\" \/><\/p>\n<p>&nbsp;<\/p>\n<p><strong class=\"ms-rteFontSize-3\">Antolog\u00edas publicadas en el marco del A\u00f1o Colombia-Francia 2017<\/strong><\/p>\n<p><strong>Poes\u00eda<\/strong><\/p>\n<p>F. Charry Lara (dir.),\u00a0<em>Anthologie de la po\u00e9sie colombienne du XXe si\u00e8cle<\/em>, L&#8217;Oreille du Loup.<\/p>\n<p>Myriam Montoya (dir.),\u00a0<em>Anthologie de la po\u00e9sie colombienne du XXIe si\u00e8cle,<\/em>\u00a0L&#8217;Oreille du Loup.<\/p>\n<p>Revista<em>\u00a0Europe<\/em>, septiembre-octubre 2017. Selecci\u00f3n de algunos poetas colombianos en la edici\u00f3n dedicada a Kurt Schwitters y Tristan Tzara.<\/p>\n<p><strong>C\u00f3mic<\/strong><\/p>\n<p>Ma\u00ebl Rannou, Roberto Salazar (dir.),\u00a0<em>Anthologie de bande dessin\u00e9e colombienne<\/em>, L&#8217;Egouttoir.<\/p>\n<p><strong>Cuento<\/strong><\/p>\n<p>Andr\u00e9s Candela (dir.),\u00a0<em>Nouvelles de Colombie<\/em>, Magellan et Cie.<\/p>\n<p>Ernesto M\u00e4chler\/Biblioth\u00e8que nationale de Colombie (dir.),\u00a0<em>La litt\u00e9rature colombienne contemporaine,\u00a0Revue Si\u00e8cle 21,\u00a0<\/em>Suppl\u00e9ment au num. 28.<\/p>\n<p>Roberto Salazar (dir.),\u00a0<em>Nouvelles de Colombie<\/em>, Br\u00e8ves 110.<\/p>\n<p><strong class=\"ms-rteFontSize-3\">Recomercializados para el A\u00f1o Colombia-Francia<\/strong><\/p>\n<p>H\u00e9ctor Abad Faciolince,\u00a0<em>La Secr\u00e8te,\u00a0<\/em>Gallimard, 2016<br \/>\nAlberto Salcedo Ramos,\u00a0<em>L&#8217;Or et l&#8217;obscurit\u00e9<\/em>, Marchialy, 2016.<br \/>\nJorge<em>\u00a0<\/em>Franco,\u00a0<em>Le Monde ext\u00e9rieur<\/em>, M\u00e9taili\u00e9, 2016.<br \/>\nEvelio Rosero,\u00a0<em>Le Carnaval des innocents<\/em>, M\u00e9taili\u00e9, 2016.<\/p>\n<p><strong class=\"ms-rteFontSize-3\">Ediciones de bolsillo 2017<\/strong><\/p>\n<p>Santiago Gamboa,\u00a0<em>Perdre est une question de m\u00e9thode<\/em>, M\u00e9taili\u00e9.<br \/>\nSantiago Gamboa,\u00a0<em>N\u00e9cropolis 1209<\/em>, M\u00e9taili\u00e9.<\/p>\n<p>&nbsp;<\/p>\n<p><strong class=\"ms-rteFontSize-3\">Nota sobre los autores seleccionados<\/strong><\/p>\n<p><strong>Antolog\u00eda de c\u00f3mic<\/strong><\/p>\n<p>Henry D\u00edaz, Juan &amp; Diego, Luis Echavarr\u00eda, Camilo Aguirre, Camilo Vieco, Jim Pluk, La Watson, Sindy Elefante, Luto, Adolfo Samper, Inu Waters, Powerpaola, m.a. noregna, Juan Pablo Mar\u00edn (el Se\u00f1or)<\/p>\n<p><strong>Breves<\/strong><\/p>\n<p>Luis Fayad, Pablo Montoya, Margarita Garc\u00eda Robayo, Luis Noriega, Ricardo Silva Romero, Juan Esteban Consta\u00edn, Carolina San\u00edn, Jorge Ar\u00edstizabal G\u00e1faro, Jos\u00e9 Zuleta Ortiz, Diana Ospina, Antonio Ungar, Eduardo Garc\u00eda, Juan \u00c1lvarez.<\/p>\n<p><strong>Revista\u00a0<\/strong><strong><em>Europe<\/em><\/strong><\/p>\n<p>Giovanni Quessep, Jotamario Arbel\u00e1ez, Jos\u00e9 Luis D\u00edaz-Granados, Amparo Osorio, Fredy Chikangana -Le chant de l&#8217;\u00e9tranger. Po\u00e8me d&#8217;hiver. La nouvelle maison. R\u00e9surrection. \u00c9crevisse.<\/p>\n<p><strong>Si\u00e8cle 21<\/strong><\/p>\n<p>H\u00e9ctor Abad Faciolince, Rafael Baena, Piedad Bonnett, Fanny Buitrago, Roberto Burgos Cantor, Fredy Chikangana, \u00d3scar Collazos, Jorge Franco, Juan Leonel Giraldo, Pedro Blas Julio Romero, Pablo Montoya, Julio Olaciregui, Arnoldo Palacios, Juan Manuel Roca, Evelio Rosero, Vicenta Mar\u00eda Siosi Pino, Alfredo Van\u00edn Romero, Horacio Benavides, Santiago Mutis, Nelson Romero, Hugo Jamioy, Henry Alexander G\u00f3mez, Santiago Espinosa, Mar\u00eda G\u00f3mez Lara, Ernesto M\u00e4chler, Julio Paredes, Pedro Badr\u00e1n, Luis Miguel Rivas, Antonio Garc\u00eda, Juan \u00c1lvarez, Juan C\u00e1rdenas, Juliana Restrepo.<\/p>\n<p>&nbsp;<\/p>\n<p><span class=\"ms-rteFontSize-3\"><strong>Libros acad\u00e9micos publicados en espa\u00f1ol durante el A\u00f1o Colombia-Francia 2017<\/strong><\/span><\/p>\n<p><strong>&#8216;Coloquio de literatura comparada en el espacio franco-colombiano&#8217;, Programa Editorial Univalle.<\/strong><\/p>\n<p><em>La investigaci\u00f3n en literatura general y comparada en Francia. Balance y perspectivas<\/em>, Compilaci\u00f3n de Anne Tomiche y Karl Zeiger, Colecci\u00f3n Literatura Comparada Programa Editorial de la Universidad del Valle\/ Editorial de la Universidad Santiago de Cali, 2017.<\/p>\n<p><em>Literatura y filosof\u00eda. La gaya ciencia de la literatura<\/em>. Dumouli\u00e9, Camille. Traducci\u00f3n de Juan Sebasti\u00e1n Rojas. Colecci\u00f3n Literatura Comparada Programa Editorial de la Universidad del Valle\/ Editorial de la Universidad Santiago de Cali. 2017.<\/p>\n<p><em>El odio contra la literatura<\/em>. Marx, William. Traducci\u00f3n Juan Moreno Blanco. Programa Editorial Universidad del Valle, Cali. 2017. Original: L&#8217;haine de la litt\u00e9rature (2015). \u00c9ditions de Minuit, Paris.<\/p>\n<p>Estas tres publicaciones son el fruto de un gran simposio franco-colombiano, organizado en Cali en julio y en Par\u00eds en noviembre. Se trata de obras de gran importancia en el panorama acad\u00e9mico y su traducci\u00f3n es una contribuci\u00f3n importante al desarrollo de los estudios literarios en el pa\u00eds. La colaboraci\u00f3n entre las universidades francesas y las instituciones acad\u00e9micas del Valle del Cauca es una primera etapa hacia la construcci\u00f3n de una asociaci\u00f3n colombiana de literatura comparada.<\/p>\n<p>Ser\u00e1n presentadas por sus autores y traductores del 16 al 18 de noviembre en la Universit\u00e9 Paris Sorbonne, la\u00a0Ecole Normale Sup\u00e9rieure y la Universidad Paris-Nanterre. Esta iniciativa es un evento cruzado del A\u00f1o Colombia-Francia 2017 organizado por C\u00e9cile Chapon, Juan Sebasti\u00e1n Rojas y Roberto Salazar Morales. Para mayor ilustraci\u00f3n consulte en el siguiente enlace las rese\u00f1as:<a href=\"http:\/\/www.mincultura.gov.co\/prensa\/noticias\/SiteAssets\/Paginas\/La-literatura-colombiana-es-invitada-de-honor-en-Francia\/RESE%c3%91AS.pdf\" target=\"_blank\" rel=\"noopener\"><img decoding=\"async\" class=\"ms-asset-icon ms-rtePosition-4\" src=\"http:\/\/www.mincultura.gov.co\/_layouts\/15\/images\/icpdf.png\" alt=\"\" \/>RESE\u00d1AS.pdf<\/a><\/p>\n<p><span class=\"ms-rteFontSize-3\"><strong>Grandes autores colombianos estuvieron presentes en la<\/strong><strong>\u00a0<\/strong><strong>Maison de la Po\u00e9sie de Par\u00eds<\/strong><\/span><\/p>\n<p><span class=\"ms-rteFontSize-3\"><strong><img decoding=\"async\" class=\"aligncenter\" src=\"http:\/\/www.mincultura.gov.co\/prensa\/noticias\/SiteAssets\/Paginas\/La-literatura-colombiana-es-invitada-de-honor-en-Francia\/IMG_20171028_183144_web.jpg\" alt=\"IMG_20171028_183144_web.jpg\" \/><br \/>\n<\/strong><\/span><\/p>\n<p><span class=\"ms-rteFontSize-3\"><span class=\"ms-rteFontSize-1\">Alberto Salcedo Ramos junto a Mathieu Palain (Revue XXI) en la Maison de la Po\u00e9sie de Par\u00eds.\u00a0Encuentro moderado por la periodista Marie-Madeleine Rigopoulos.<\/span><br \/>\n<\/span><\/p>\n<p>La\u00a0emblem\u00e1tica\u00a0Maison de la Po\u00e9sie de Par\u00eds con una relevante agenda de encuentros, debates, lecturas y performances dedicados a la voz de los poetas y de los escritores, fue el epicentro a lo largo del mes de octubre, del di\u00e1logo de cinco grandes autores contempor\u00e1neos colombianos junto a autores franceses.<\/p>\n<p>Estuvieron presentes: Juan Gabriel V\u00e1squez y Patrick Deville, H\u00e9ctor Abad y Maylis de\u00a0 Kerangal, Piedad Bonnett y Marie-Madeleine Rigopoulos, Santiago Gamboa y Agn\u00e8s Desarthe, Alberto Salcedo Ramos\u00a0y\u00a0Mathieu Palain (Revue XXI).<\/p>\n<p><strong class=\"ms-rteFontSize-3\">Colombia en la Red de Bibliotecas P\u00fablicas de Par\u00eds<\/strong><\/p>\n<p><strong class=\"ms-rteFontSize-3\"><img decoding=\"async\" class=\"aligncenter\" src=\"http:\/\/www.mincultura.gov.co\/prensa\/noticias\/SiteAssets\/Paginas\/La-literatura-colombiana-es-invitada-de-honor-en-Francia\/Canop%c3%a9e%201%20%281%29_web.jpg\" alt=\"Canop\u00e9e 1 (1)_web.jpg\" \/><br \/>\n<\/strong><\/p>\n<p><span class=\"ms-rteFontSize-3\"><span class=\"ms-rteFontSize-1\">Biblioteca de la Canop\u00e9e la fontaine, Par\u00eds.<\/span><br \/>\n<\/span><\/p>\n<p>Del 7 de noviembre al 21 de diciembre, se realizar\u00e1n 72 encuentros en la Bibliotecas P\u00fablicas de Par\u00eds donde Colombia, sus autores y su literatura ser\u00e1n protagonistas. La agenda proyecta encuentros con escritores, conferencias, eventos literarios, conciertos, exposiciones, talleres y cine.\u00a0 De esta manera, 30 bibliotecas en Par\u00eds ofrecer\u00e1n a sus p\u00fablicos, un programa que refleja la diversidad cultural y la complejidad de los problemas para un pa\u00eds que emerge de medio siglo de conflicto y est\u00e1 comprometido con la reconciliaci\u00f3n.<\/p>\n<p><img decoding=\"async\" class=\"aligncenter\" src=\"http:\/\/www.mincultura.gov.co\/prensa\/noticias\/SiteAssets\/Paginas\/La-literatura-colombiana-es-invitada-de-honor-en-Francia\/Biblioth%c3%a8que%20Duras%202_web.jpg\" alt=\"Biblioth\u00e8que Duras 2_web.jpg\" \/><\/p>\n<p>Biblioteca Marguerite Duras, Par\u00eds.<\/p>\n<p><strong class=\"ms-rteFontSize-3\">Colombia pa\u00eds invitado en el &#8217;10e Salon du livre de Cayenne&#8217;<\/strong><\/p>\n<p>Del 22 al 25 de noviembre en la Guyana Francesa, esta feria del libro tendr\u00e1 a Colombia como pa\u00eds invitado. La programaci\u00f3n re\u00fane conferencias, lecturas, lanzamientos de publicaciones, caf\u00e9s literarios y proyecci\u00f3n de pel\u00edculas.<\/p>\n<p>A su vez, en el marco de este evento, el 24 de noviembre, la coordinadora de la Red Nacional de Bibliotecas P\u00fablicas, Sandra Suesc\u00fan, presentar\u00e1 la experiencia de la Biblioteca Nacional de Colombia con su Red de Bibliotecas P\u00fablicas.<\/p>\n<p><strong class=\"ms-rteFontSize-3\">M\u00e1s sobre el A\u00f1o Colombia-Francia 2017 &#8211; Temporada de Colombia en Francia<\/strong><\/p>\n<p><strong class=\"ms-rteFontSize-3\"><img fetchpriority=\"high\" decoding=\"async\" class=\"alignleft\" src=\"http:\/\/www.mincultura.gov.co\/prensa\/noticias\/SiteAssets\/Paginas\/La-literatura-colombiana-es-invitada-de-honor-en-Francia\/Foto%20Campa%c3%b1a%20afiches%20Par%c3%ads%204_web.jpg\" alt=\"Foto Campa\u00f1a afiches Par\u00eds 4_web.jpg\" width=\"237\" height=\"316\" \/><br \/>\n<\/strong><\/p>\n<p>Colombia estar\u00e1 presente en 19 ciudades de Francia y con m\u00e1s de 250 eventos que hacen parte de la Temporada de Colombia en Francia, entre los que se cuentan exposiciones, conciertos, espect\u00e1culos populares, teatro, danza, gastronom\u00eda, patrimonio cultural, proyecci\u00f3n de pel\u00edculas, encuentros literarios, turismo, seminarios acad\u00e9micos, foros econ\u00f3micos, macro ruedas de negocios, desfiles de moda y eventos de innovaci\u00f3n y co-creaci\u00f3n.<\/p>\n<p><strong class=\"ms-rteFontSize-3\">Organizadores A\u00f1o Colombia-Francia 2017<\/strong><\/p>\n<p>La participaci\u00f3n de Colombia la lidera el Ministerio de Cultura -desde la presidencia t\u00e9cnica de la Comisi\u00f3n Intersectorial encargada de la realizaci\u00f3n del A\u00f1o Colombia-Francia 2017-, y el Comisario General, delegado por el Gobierno colombiano, Fabi\u00e1n Sanabria. A la Comisi\u00f3n Intersectorial tambi\u00e9n la integran el Ministerio de Relaciones Exteriores, el Ministerio de Comercio, Industria y Turismo; el Ministerio de Educaci\u00f3n Nacional y el Departamento Administrativo de la Presidencia de la Rep\u00fablica, en coordinaci\u00f3n con la Embajada de Colombia en Francia. As\u00ed mismo, cuenta con el respaldo de aliados estatales como Procolombia, y de patrocinadores p\u00fablicos y privados de los sectores institucional, empresarial y de medios.<\/p>\n<p>En el caso franc\u00e9s, el equipo de trabajo lo lidera la Comisaria General, Anne Louyot y el Instituto Franc\u00e9s,\u00a0 la agencia del Ministerio de Relaciones Exteriores para la diplomacia cultural, que desde hace m\u00e1s de treinta a\u00f1os lleva a cabo la iniciativa de las Temporadas Culturales (Saisons culturelles), que en esta edici\u00f3n, cuenta con el apoyo del Ministerio de Asuntos Exteriores y Desarrollo Internacional; el Ministerio de Educaci\u00f3n, Ense\u00f1anza Superior e Investigaci\u00f3n Cient\u00edfica; el Ministerio de la Ciudad, de Juventud y Deportes; El Ministerio de Agricultura, del Agroalimentario y de lo Forestal, La Embajada de Francia en Colombia y la Red de Alianzas Francesas de Colombia.<\/p>\n<hr \/>\n<p>Fuente: caroycuervo.gov.co<\/p>\n<\/div>\n<div class=\"pvc_clear\"><\/div>\n<p id=\"pvc_stats_1210\" class=\"pvc_stats all  \" data-element-id=\"1210\" style=\"\"><i class=\"pvc-stats-icon large\" aria-hidden=\"true\"><svg aria-hidden=\"true\" focusable=\"false\" data-prefix=\"far\" data-icon=\"chart-bar\" role=\"img\" xmlns=\"http:\/\/www.w3.org\/2000\/svg\" viewBox=\"0 0 512 512\" class=\"svg-inline--fa fa-chart-bar fa-w-16 fa-2x\"><path fill=\"currentColor\" d=\"M396.8 352h22.4c6.4 0 12.8-6.4 12.8-12.8V108.8c0-6.4-6.4-12.8-12.8-12.8h-22.4c-6.4 0-12.8 6.4-12.8 12.8v230.4c0 6.4 6.4 12.8 12.8 12.8zm-192 0h22.4c6.4 0 12.8-6.4 12.8-12.8V140.8c0-6.4-6.4-12.8-12.8-12.8h-22.4c-6.4 0-12.8 6.4-12.8 12.8v198.4c0 6.4 6.4 12.8 12.8 12.8zm96 0h22.4c6.4 0 12.8-6.4 12.8-12.8V204.8c0-6.4-6.4-12.8-12.8-12.8h-22.4c-6.4 0-12.8 6.4-12.8 12.8v134.4c0 6.4 6.4 12.8 12.8 12.8zM496 400H48V80c0-8.84-7.16-16-16-16H16C7.16 64 0 71.16 0 80v336c0 17.67 14.33 32 32 32h464c8.84 0 16-7.16 16-16v-16c0-8.84-7.16-16-16-16zm-387.2-48h22.4c6.4 0 12.8-6.4 12.8-12.8v-70.4c0-6.4-6.4-12.8-12.8-12.8h-22.4c-6.4 0-12.8 6.4-12.8 12.8v70.4c0 6.4 6.4 12.8 12.8 12.8z\" class=\"\"><\/path><\/svg><\/i> <img decoding=\"async\" width=\"16\" height=\"16\" alt=\"Loading\" src=\"https:\/\/www.periodicolapislazuli.com\/noticias\/wp-content\/plugins\/page-views-count\/ajax-loader-2x.gif\" border=0 \/><\/p>\n<div class=\"pvc_clear\"><\/div>\n        <div class=\"booster-block booster-reactions-block\">\n            <div class=\"twp-reactions-icons\">\n                \n                <div class=\"twp-reacts-wrap\">\n                    <a react-data=\"be-react-1\" post-id=\"1210\" class=\"be-face-icons un-reacted\" href=\"javascript:void(0)\">\n                        <img decoding=\"async\" src=\"https:\/\/www.periodicolapislazuli.com\/noticias\/wp-content\/plugins\/booster-extension\/\/assets\/icon\/happy.svg\" alt=\"Happy\">\n                    <\/a>\n                    <div class=\"twp-reaction-title\">\n                        Happy                    <\/div>\n                    <div class=\"twp-count-percent\">\n                                                    <span style=\"display: none;\" class=\"twp-react-count\">0<\/span>\n                        \n                                                <span class=\"twp-react-percent\"><span>0<\/span> %<\/span>\n                                            <\/div>\n                <\/div>\n\n                <div class=\"twp-reacts-wrap\">\n                    <a react-data=\"be-react-2\" post-id=\"1210\" class=\"be-face-icons un-reacted\" href=\"javascript:void(0)\">\n                        <img decoding=\"async\" src=\"https:\/\/www.periodicolapislazuli.com\/noticias\/wp-content\/plugins\/booster-extension\/\/assets\/icon\/sad.svg\" alt=\"Sad\">\n                    <\/a>\n                    <div class=\"twp-reaction-title\">\n                        Sad                    <\/div>\n                    <div class=\"twp-count-percent\">\n                                                    <span style=\"display: none;\" class=\"twp-react-count\">0<\/span>\n                                                                        <span class=\"twp-react-percent\"><span>0<\/span> %<\/span>\n                                            <\/div>\n                <\/div>\n\n                <div class=\"twp-reacts-wrap\">\n                    <a react-data=\"be-react-3\" post-id=\"1210\" class=\"be-face-icons un-reacted\" href=\"javascript:void(0)\">\n                        <img decoding=\"async\" src=\"https:\/\/www.periodicolapislazuli.com\/noticias\/wp-content\/plugins\/booster-extension\/\/assets\/icon\/excited.svg\" alt=\"Excited\">\n                    <\/a>\n                    <div class=\"twp-reaction-title\">\n                        Excited                    <\/div>\n                    <div class=\"twp-count-percent\">\n                                                    <span style=\"display: none;\" class=\"twp-react-count\">0<\/span>\n                                                                        <span class=\"twp-react-percent\"><span>0<\/span> %<\/span>\n                                            <\/div>\n                <\/div>\n\n                <div class=\"twp-reacts-wrap\">\n                    <a react-data=\"be-react-6\" post-id=\"1210\" class=\"be-face-icons un-reacted\" href=\"javascript:void(0)\">\n                        <img decoding=\"async\" src=\"https:\/\/www.periodicolapislazuli.com\/noticias\/wp-content\/plugins\/booster-extension\/\/assets\/icon\/sleepy.svg\" alt=\"Sleepy\">\n                    <\/a>\n                    <div class=\"twp-reaction-title\">\n                        Sleepy                    <\/div>\n                    <div class=\"twp-count-percent\">\n                                                    <span style=\"display: none;\" class=\"twp-react-count\">0<\/span>\n                        \n                                                <span class=\"twp-react-percent\"><span>0<\/span> %<\/span>\n                                            <\/div>\n                <\/div>\n\n                <div class=\"twp-reacts-wrap\">\n                    <a react-data=\"be-react-4\" post-id=\"1210\" class=\"be-face-icons un-reacted\" href=\"javascript:void(0)\">\n                        <img decoding=\"async\" src=\"https:\/\/www.periodicolapislazuli.com\/noticias\/wp-content\/plugins\/booster-extension\/\/assets\/icon\/angry.svg\" alt=\"Angry\">\n                    <\/a>\n                    <div class=\"twp-reaction-title\">Angry<\/div>\n                    <div class=\"twp-count-percent\">\n                                                    <span style=\"display: none;\" class=\"twp-react-count\">0<\/span>\n                                                                        <span class=\"twp-react-percent\"><span>0<\/span> %<\/span>\n                        \n                    <\/div>\n                <\/div>\n\n                <div class=\"twp-reacts-wrap\">\n                    <a react-data=\"be-react-5\" post-id=\"1210\" class=\"be-face-icons un-reacted\" href=\"javascript:void(0)\">\n                        <img decoding=\"async\" src=\"https:\/\/www.periodicolapislazuli.com\/noticias\/wp-content\/plugins\/booster-extension\/\/assets\/icon\/surprise.svg\" alt=\"Surprise\">\n                    <\/a>\n                    <div class=\"twp-reaction-title\">Surprise<\/div>\n                    <div class=\"twp-count-percent\">\n                                                    <span style=\"display: none;\" class=\"twp-react-count\">0<\/span>\n                                                                        <span class=\"twp-react-percent\"><span>0<\/span> %<\/span>\n                                            <\/div>\n                <\/div>\n\n            <\/div>\n        <\/div>\n\n    ","protected":false},"excerpt":{"rendered":"<p>Fuente: caroycuervo.gov.co En el marco del A\u00f1o Colombia-Francia 2017 y en particular, de la Temporada de Colombia en<\/p>\n<div class=\"pvc_clear\"><\/div>\n<p id=\"pvc_stats_1210\" class=\"pvc_stats all  \" data-element-id=\"1210\" style=\"\"><i class=\"pvc-stats-icon large\" aria-hidden=\"true\"><svg aria-hidden=\"true\" focusable=\"false\" data-prefix=\"far\" data-icon=\"chart-bar\" role=\"img\" xmlns=\"http:\/\/www.w3.org\/2000\/svg\" viewBox=\"0 0 512 512\" class=\"svg-inline--fa fa-chart-bar fa-w-16 fa-2x\"><path fill=\"currentColor\" d=\"M396.8 352h22.4c6.4 0 12.8-6.4 12.8-12.8V108.8c0-6.4-6.4-12.8-12.8-12.8h-22.4c-6.4 0-12.8 6.4-12.8 12.8v230.4c0 6.4 6.4 12.8 12.8 12.8zm-192 0h22.4c6.4 0 12.8-6.4 12.8-12.8V140.8c0-6.4-6.4-12.8-12.8-12.8h-22.4c-6.4 0-12.8 6.4-12.8 12.8v198.4c0 6.4 6.4 12.8 12.8 12.8zm96 0h22.4c6.4 0 12.8-6.4 12.8-12.8V204.8c0-6.4-6.4-12.8-12.8-12.8h-22.4c-6.4 0-12.8 6.4-12.8 12.8v134.4c0 6.4 6.4 12.8 12.8 12.8zM496 400H48V80c0-8.84-7.16-16-16-16H16C7.16 64 0 71.16 0 80v336c0 17.67 14.33 32 32 32h464c8.84 0 16-7.16 16-16v-16c0-8.84-7.16-16-16-16zm-387.2-48h22.4c6.4 0 12.8-6.4 12.8-12.8v-70.4c0-6.4-6.4-12.8-12.8-12.8h-22.4c-6.4 0-12.8 6.4-12.8 12.8v70.4c0 6.4 6.4 12.8 12.8 12.8z\" class=\"\"><\/path><\/svg><\/i> <img decoding=\"async\" width=\"16\" height=\"16\" alt=\"Loading\" src=\"https:\/\/www.periodicolapislazuli.com\/noticias\/wp-content\/plugins\/page-views-count\/ajax-loader-2x.gif\" border=0 \/><\/p>\n<div class=\"pvc_clear\"><\/div>\n","protected":false},"author":1,"featured_media":1211,"comment_status":"closed","ping_status":"open","sticky":false,"template":"","format":"standard","meta":{"om_disable_all_campaigns":false,"pagelayer_contact_templates":[],"_pagelayer_content":"","_monsterinsights_skip_tracking":false,"_monsterinsights_sitenote_active":false,"_monsterinsights_sitenote_note":"","_monsterinsights_sitenote_category":0,"footnotes":""},"categories":[3,26],"tags":[616,615,60,53,617,166,618,619,620],"class_list":["post-1210","post","type-post","status-publish","format-standard","has-post-thumbnail","hentry","category-actualidad","category-literatura","tag-ano-colombia-francia-2017","tag-antologias","tag-colombia","tag-escritores","tag-francia","tag-mincultura","tag-paris","tag-publicaciones","tag-traduccion"],"a3_pvc":{"activated":true,"total_views":643,"today_views":1},"jetpack_featured_media_url":"https:\/\/www.periodicolapislazuli.com\/noticias\/wp-content\/uploads\/2017\/11\/rot-nota-francia.jpg","_links":{"self":[{"href":"https:\/\/www.periodicolapislazuli.com\/noticias\/wp-json\/wp\/v2\/posts\/1210","targetHints":{"allow":["GET"]}}],"collection":[{"href":"https:\/\/www.periodicolapislazuli.com\/noticias\/wp-json\/wp\/v2\/posts"}],"about":[{"href":"https:\/\/www.periodicolapislazuli.com\/noticias\/wp-json\/wp\/v2\/types\/post"}],"author":[{"embeddable":true,"href":"https:\/\/www.periodicolapislazuli.com\/noticias\/wp-json\/wp\/v2\/users\/1"}],"replies":[{"embeddable":true,"href":"https:\/\/www.periodicolapislazuli.com\/noticias\/wp-json\/wp\/v2\/comments?post=1210"}],"version-history":[{"count":1,"href":"https:\/\/www.periodicolapislazuli.com\/noticias\/wp-json\/wp\/v2\/posts\/1210\/revisions"}],"predecessor-version":[{"id":1212,"href":"https:\/\/www.periodicolapislazuli.com\/noticias\/wp-json\/wp\/v2\/posts\/1210\/revisions\/1212"}],"wp:featuredmedia":[{"embeddable":true,"href":"https:\/\/www.periodicolapislazuli.com\/noticias\/wp-json\/wp\/v2\/media\/1211"}],"wp:attachment":[{"href":"https:\/\/www.periodicolapislazuli.com\/noticias\/wp-json\/wp\/v2\/media?parent=1210"}],"wp:term":[{"taxonomy":"category","embeddable":true,"href":"https:\/\/www.periodicolapislazuli.com\/noticias\/wp-json\/wp\/v2\/categories?post=1210"},{"taxonomy":"post_tag","embeddable":true,"href":"https:\/\/www.periodicolapislazuli.com\/noticias\/wp-json\/wp\/v2\/tags?post=1210"}],"curies":[{"name":"wp","href":"https:\/\/api.w.org\/{rel}","templated":true}]}}