{"id":12069,"date":"2025-09-08T08:25:58","date_gmt":"2025-09-08T08:25:58","guid":{"rendered":"https:\/\/www.periodicolapislazuli.com\/noticias\/?p=12069"},"modified":"2025-12-08T00:25:24","modified_gmt":"2025-12-08T00:25:24","slug":"dia-internacional-de-la-alfabetizacion-8-de-septiembre-de-2025","status":"publish","type":"post","link":"https:\/\/www.periodicolapislazuli.com\/noticias\/dia-internacional-de-la-alfabetizacion-8-de-septiembre-de-2025\/","title":{"rendered":"D\u00eda Internacional de la Alfabetizaci\u00f3n, 8 de septiembre de 2025"},"content":{"rendered":"<div class='booster-block booster-read-block'>\n                <div class=\"twp-read-time\">\n                \t<i class=\"booster-icon twp-clock\"><\/i> <span>Read Time:<\/span>7 Minute, 15 Second                <\/div>\n\n            <\/div><p style=\"text-align: justify;\">El lema del D\u00eda Internacional de la Alfabetizaci\u00f3n (International Literacy Day, ILD) de este a\u00f1o es \u00abPromover la alfabetizaci\u00f3n en el mundo digital\u00bb. La p\u00e1gina web de la UNESCO (en ingl\u00e9s) ofrece informaci\u00f3n sobre eventos, conferencias y actividades relacionadas con el D\u00eda Internacional de la Alfabetizaci\u00f3n.<\/p>\n<h2 class=\"header reader-header reader-show-element\" style=\"text-align: justify;\">\u00bfCu\u00e1l es la situaci\u00f3n de la alfabetizaci\u00f3n en el mundo?<\/h2>\n<div class=\"content\" style=\"text-align: justify;\">\n<div class=\"moz-reader-content reader-show-element\">\n<div id=\"readability-page-1\" class=\"page\">\n<div>\n<div id=\"\u00bfcu\u00e1l-es-la-situaci\u00f3n-de-la-alfabetizaci\u00f3n-en-el-mundo\">\n<p>&nbsp;<\/p>\n<p>Se han hecho grandes progresos en materia de alfabetizaci\u00f3n: los datos m\u00e1s recientes (Instituto de Estad\u00edstica de la UNESCO) muestran que m\u00e1s del 86% de la poblaci\u00f3n mundial sabe leer y escribir, con respecto a un 68% en 1979. A pesar de ello, en todo el mundo hay, al menos, 739 millones de adultos (UIS, 2025) que no saben leer ni escribir, dos tercios de ellos son mujeres, as\u00ed como 250 millones de ni\u00f1os que no adquieren las competencias b\u00e1sicas en lectoescritura.<\/p>\n<\/div>\n<div id=\"\u00bfc\u00f3mo-define-la-unesco-la-alfabetizaci\u00f3n\">\n<p>&nbsp;<\/p>\n<h2>\u00bfC\u00f3mo define la UNESCO la alfabetizaci\u00f3n?<\/h2>\n<p>&nbsp;<\/p>\n<p>La adquisici\u00f3n de la alfabetizaci\u00f3n no es un acto aislado. M\u00e1s all\u00e1 de su concepto convencional \u2013 conjunto de habilidades de lectura, escritura y c\u00e1lculo \u2013, la alfabetizaci\u00f3n se entiende hoy en d\u00eda como un medio de identificaci\u00f3n, comprensi\u00f3n, interpretaci\u00f3n, creaci\u00f3n y comunicaci\u00f3n en un mundo cada vez m\u00e1s digital, mediado por textos, rico en informaci\u00f3n y que de cambios r\u00e1pidos. La alfabetizaci\u00f3n es un proceso continuo de aprendizaje y conocimiento de la lectura, la escritura y el uso de los n\u00fameros a lo largo de la vida, y forma parte de un conjunto m\u00e1s amplio de competencias, que incluyen las competencias digitales, la alfabetizaci\u00f3n medi\u00e1tica, la educaci\u00f3n para el desarrollo sostenible y la ciudadan\u00eda mundial, as\u00ed como las competencias espec\u00edficas para el trabajo. Las competencias en lectoescritura, por s\u00ed mismas, se est\u00e1n ampliando y evolucionando a medida que las personas se involucran cada vez m\u00e1s en la informaci\u00f3n y el aprendizaje mediante las tecnolog\u00edas digitales.<\/p>\n<\/div>\n<div id=\"\u00bfcu\u00e1les-son-los-efectos-de-la-alfabetizaci\u00f3n\">\n<p>&nbsp;<\/p>\n<h2>\u00bfCu\u00e1les son los efectos de la alfabetizaci\u00f3n?<\/h2>\n<p>&nbsp;<\/p>\n<p>La alfabetizaci\u00f3n empodera y libera a las personas. M\u00e1s all\u00e1 de su importancia como parte del derecho a la educaci\u00f3n, la alfabetizaci\u00f3n mejora la vida al ampliar las capacidades, lo que a su vez reduce la pobreza, aumenta la participaci\u00f3n en el mercado laboral y tiene efectos positivos en la salud y el desarrollo sostenible. Las mujeres empoderadas por la alfabetizaci\u00f3n provocan un efecto domin\u00f3 positivo en todos los aspectos del desarrollo. Tienen mayores opciones de vida para s\u00ed mismas y una repercusi\u00f3n inmediata en la salud y la educaci\u00f3n de sus familias y, en particular, en la educaci\u00f3n de las ni\u00f1as.<\/p>\n<\/div>\n<div id=\"\u00bfc\u00f3mo-trabaja-la-unesco-para-promover-la-alfabetizaci\u00f3n\">\n<p>&nbsp;<\/p>\n<h2>\u00bfC\u00f3mo trabaja la UNESCO para promover la alfabetizaci\u00f3n?<\/h2>\n<p>&nbsp;<\/p>\n<p>La UNESCO trabaja a trav\u00e9s de su red mundial, sus <a href=\"https:\/\/www.unesco.org\/es\/fieldoffice?hub=401\" data-once=\"unesco_hub_link\" target=\"_blank\" rel=\"noopener\">oficinas regionales y sus institutos<\/a>, as\u00ed como con sus <a href=\"https:\/\/www.unesco.org\/es\/countries?hub=401\" data-once=\"unesco_hub_link\" target=\"_blank\" rel=\"noopener\">Estados Miembros<\/a> y sus <a href=\"https:\/\/www.unesco.org\/es\/education\/action?hub=401\" data-once=\"unesco_hub_link\" target=\"_blank\" rel=\"noopener\">asociados<\/a>, para promover la alfabetizaci\u00f3n en el marco del aprendizaje a lo largo de toda la vida, y abordar la aplicaci\u00f3n de la meta 4.6 del <a href=\"https:\/\/unesdoc.unesco.org\/ark:\/48223\/pf0000259784_spa\" target=\"_blank\" rel=\"noopener\">ODS 4<\/a> y el <a href=\"https:\/\/unesdoc.unesco.org\/ark:\/48223\/pf0000245656_spa\" target=\"_blank\" rel=\"noopener\">Marco de acci\u00f3n Educaci\u00f3n 2030<\/a>. Su <a href=\"https:\/\/unesdoc.unesco.org\/ark:\/48223\/pf0000371411_spa\" target=\"_blank\" rel=\"noopener\">Estrategia para la alfabetizaci\u00f3n de j\u00f3venes y adultos (2020-2025)<\/a> presta especial atenci\u00f3n a los pa\u00edses miembros de la <a href=\"https:\/\/www.uil.unesco.org\/es\/alfabetizacion\/alianza-mundial\" target=\"_blank\" rel=\"noopener\">Alianza Mundial para la Alfabetizaci\u00f3n<\/a>, que se dirige a 20 pa\u00edses con una tasa de alfabetizaci\u00f3n de adultos inferior al 50% y a los pa\u00edses del E9, de los cuales 17 est\u00e1n en \u00c1frica. La atenci\u00f3n se centra en la promoci\u00f3n de la alfabetizaci\u00f3n en contextos formales y no formales con cuatro \u00e1mbitos prioritarios: el reforzamiento de las estrategias nacionales y la elaboraci\u00f3n de pol\u00edticas sobre la alfabetizaci\u00f3n; la atenci\u00f3n a las necesidades de los grupos desfavorecidos, en particular las mujeres y las ni\u00f1as; la utilizaci\u00f3n de las tecnolog\u00edas digitales para ampliar y mejorar los resultados del aprendizaje; y el seguimiento de los progresos y la evaluaci\u00f3n de las capacidades en lectoescritura. La UNESCO tambi\u00e9n promueve el aprendizaje y la educaci\u00f3n de adultos mediante su <a href=\"https:\/\/www.uil.unesco.org\/es\" target=\"_blank\" rel=\"noopener\">Instituto para el Aprendizaje a lo Largo de Toda la Vida<\/a>, fundamentalmente en lo relativo a la aplicaci\u00f3n de la Recomendaci\u00f3n sobre el Aprendizaje y la Educaci\u00f3n de Adultos de 2015 y su seguimiento mediante el Informe Mundial sobre el Aprendizaje y la Educaci\u00f3n de Adultos.<\/p>\n<\/div>\n<div id=\"\u00bfqu\u00e9-es-la-alfabetizaci\u00f3n-digital-y-por-qu\u00e9-es-importante\">\n<p>&nbsp;<\/p>\n<h2>\u00bfQu\u00e9 es la alfabetizaci\u00f3n digital y por qu\u00e9 es importante?<\/h2>\n<p>&nbsp;<\/p>\n<p>La UNESCO define la <a href=\"https:\/\/uis.unesco.org\/sites\/default\/files\/documents\/ip51-global-framework-reference-digital-literacy-skills-2018-en.pdf\" target=\"_blank\" rel=\"noopener\">alfabetizaci\u00f3n digital<\/a> como la capacidad de acceder, gestionar, comprender, integrar, comunicar, evaluar y crear informaciones mediante la utilizaci\u00f3n segura y pertinente de las tecnolog\u00edas digitales para el empleo, un trabajo decente y la iniciativa empresarial. Esto incluye competencias como la alfabetizaci\u00f3n inform\u00e1tica, la alfabetizaci\u00f3n en las TIC, la alfabetizaci\u00f3n informativa y la educaci\u00f3n medi\u00e1tica, que tienen como objetivo empoderar a las personas y, en particular, a los j\u00f3venes, para que adopten una actitud cr\u00edtica en cuanto a la utilizaci\u00f3n de las tecnolog\u00edas de la informaci\u00f3n y las tecnolog\u00edas digitales, y para que puedan desarrollar su resiliencia frente a la desinformaci\u00f3n, el discurso de odio y el extremismo violento.<\/p>\n<\/div>\n<div id=\"\u00bfc\u00f3mo-contribuye-la-unesco-a-promover-la-alfabetizaci\u00f3n-de-las-ni\u00f1as-y-las-mujeres\"><\/div>\n<div id=\"\u00bfc\u00f3mo-se-ha-visto-afectada-la-alfabetizaci\u00f3n-de-j\u00f3venes-y-adultos-en-tiempos-de-covid-19\">\n<p>&nbsp;<\/p>\n<\/div>\n<div id=\"\u00bfcu\u00e1l-es-el-objetivo-de-los-premios-de-alfabetizaci\u00f3n-y-del-d\u00eda-de-la-alfabetizaci\u00f3n\">\n<p>&nbsp;<\/p>\n<h2>\u00bfCu\u00e1l es el objetivo de los Premios de Alfabetizaci\u00f3n y del D\u00eda de la Alfabetizaci\u00f3n?<\/h2>\n<p>&nbsp;<\/p>\n<div>\n<p>Cada a\u00f1o, desde 1967, la UNESCO celebra el D\u00eda Internacional de la Alfabetizaci\u00f3n y recompensa los programas destacados e innovadores que promueven la alfabetizaci\u00f3n mediante los Premios Internacionales de Alfabetizaci\u00f3n. Cada 8 de septiembre, la UNESCO se re\u00fane con motivo de esta celebraci\u00f3n anual con sus Oficinas regionales fuera de la Sede, los institutos, las ONG, los docentes, los alumnos y los asociados para recordar al mundo la importancia de la alfabetizaci\u00f3n en favor de la dignidad y de los derechos humanos. El evento hace hincapi\u00e9 en el poder de la alfabetizaci\u00f3n y sensibiliza en favor de la agenda mundial en atr\u00e1s de una sociedad m\u00e1s alfabetizada y sostenible.<\/p>\n<p>Los Premios Internacionales de Alfabetizaci\u00f3n recompensan la excelencia y la innovaci\u00f3n en el \u00e1mbito de la alfabetizaci\u00f3n y, hasta la fecha, han sido premiado m\u00e1s de 506 proyectos y programas realizados por los gobiernos, las organizaciones no gubernamentales y los particulares de todo el mundo. Tras un llamamiento anual a presentar candidaturas, un jurado internacional de expertos nombrado por la Directora General de la UNESCO recomienda los posibles programas que pueden ser recompensados. Los candidatos son presentados por los Estados Miembros o por organizaciones no gubernamentales internacionales que colaboran oficialmente con la UNESCO.<\/p>\n<p>&nbsp;<\/p>\n<\/div>\n<p data-start=\"105\" data-end=\"146\"><strong data-start=\"105\" data-end=\"146\">Alfabetizar m\u00e1s all\u00e1 de las fronteras<\/strong><\/p>\n<p data-start=\"148\" data-end=\"914\">La alfabetizaci\u00f3n es mucho m\u00e1s que la capacidad de decodificar palabras. En un mundo cada vez m\u00e1s interconectado, leer y escribir son herramientas que abren puertas a la educaci\u00f3n, la participaci\u00f3n ciudadana y la integraci\u00f3n social. Sin embargo, para millones de personas que forman parte de las di\u00e1sporas y comunidades migrantes, estas puertas contin\u00faan cerradas. Muchas veces se trata de hombres y mujeres que, por diversas circunstancias, no tuvieron la oportunidad de adquirir competencias b\u00e1sicas de lectura y escritura o que lo hicieron en sistemas de escritura no latinos. Al llegar a un nuevo pa\u00eds, enfrentan la doble dificultad de aprender un idioma extranjero y, al mismo tiempo, adquirir la alfabetizaci\u00f3n necesaria para desenvolverse en la vida diaria.<\/p>\n<p data-start=\"916\" data-end=\"1637\">En Alemania, la importancia de la alfabetizaci\u00f3n en la educaci\u00f3n de adultos se refleja en proyectos y medidas que buscan atender estas necesidades. Las p\u00e1ginas especializadas recogen iniciativas que van desde programas comunitarios hasta cursos oficiales dise\u00f1ados para ofrecer un acompa\u00f1amiento pedag\u00f3gico a quienes m\u00e1s lo requieren. La Oficina Federal de Migraci\u00f3n y Refugiados (BAMF, por sus siglas en alem\u00e1n) ha desarrollado dos ofertas a medida para estas personas: el curso de alfabetizaci\u00f3n, orientado a quienes no saben leer ni escribir correctamente en ning\u00fan idioma, y el curso para personas que deben aprender a leer y escribir por segunda vez, porque provienen de sistemas de escritura diferentes al latino.<\/p>\n<p data-start=\"1639\" data-end=\"2192\">El sistema se ha ampliado recientemente con un nuevo curso de integraci\u00f3n para personas con bajo nivel de alfabetizaci\u00f3n. Este curso no solo ense\u00f1a a reconocer letras y formar frases, sino que busca un enfoque integral en el que los participantes adquieran competencias digitales que refuercen su participaci\u00f3n social, laboral y cultural. En un mundo en el que gran parte de la comunicaci\u00f3n, los servicios p\u00fablicos y el acceso a la informaci\u00f3n dependen de plataformas digitales, aprender a manejar estas herramientas es tan vital como aprender a leer.<\/p>\n<p data-start=\"2194\" data-end=\"2634\">Benjamin Beckmann, jefe de grupo responsable en la BAMF, lo resume de manera clara: \u00abCon nuestro curso para personas con bajo nivel de alfabetizaci\u00f3n nos dirigimos a personas que tienen dificultades para leer y comprender frases o textos coherentes\u00bb. Esta declaraci\u00f3n subraya la dimensi\u00f3n humana de la alfabetizaci\u00f3n: no se trata \u00fanicamente de un requisito acad\u00e9mico, sino de un derecho fundamental que asegura la dignidad y la autonom\u00eda.<\/p>\n<p data-start=\"2636\" data-end=\"2915\">Alfabetizar m\u00e1s all\u00e1 de las fronteras implica reconocer que el aprendizaje no termina en los l\u00edmites de la lengua o de la escritura, sino que se proyecta en la inclusi\u00f3n, la justicia social y la posibilidad de construir un futuro com\u00fan donde todos puedan participar plenamente.<\/p>\n<\/div>\n<\/div>\n<\/div>\n<\/div>\n<\/div>\n<p style=\"text-align: justify;\">\n<div class=\"pvc_clear\"><\/div>\n<p id=\"pvc_stats_12069\" class=\"pvc_stats all  \" data-element-id=\"12069\" style=\"\"><i class=\"pvc-stats-icon large\" aria-hidden=\"true\"><svg aria-hidden=\"true\" focusable=\"false\" data-prefix=\"far\" data-icon=\"chart-bar\" role=\"img\" xmlns=\"http:\/\/www.w3.org\/2000\/svg\" viewBox=\"0 0 512 512\" class=\"svg-inline--fa fa-chart-bar fa-w-16 fa-2x\"><path fill=\"currentColor\" d=\"M396.8 352h22.4c6.4 0 12.8-6.4 12.8-12.8V108.8c0-6.4-6.4-12.8-12.8-12.8h-22.4c-6.4 0-12.8 6.4-12.8 12.8v230.4c0 6.4 6.4 12.8 12.8 12.8zm-192 0h22.4c6.4 0 12.8-6.4 12.8-12.8V140.8c0-6.4-6.4-12.8-12.8-12.8h-22.4c-6.4 0-12.8 6.4-12.8 12.8v198.4c0 6.4 6.4 12.8 12.8 12.8zm96 0h22.4c6.4 0 12.8-6.4 12.8-12.8V204.8c0-6.4-6.4-12.8-12.8-12.8h-22.4c-6.4 0-12.8 6.4-12.8 12.8v134.4c0 6.4 6.4 12.8 12.8 12.8zM496 400H48V80c0-8.84-7.16-16-16-16H16C7.16 64 0 71.16 0 80v336c0 17.67 14.33 32 32 32h464c8.84 0 16-7.16 16-16v-16c0-8.84-7.16-16-16-16zm-387.2-48h22.4c6.4 0 12.8-6.4 12.8-12.8v-70.4c0-6.4-6.4-12.8-12.8-12.8h-22.4c-6.4 0-12.8 6.4-12.8 12.8v70.4c0 6.4 6.4 12.8 12.8 12.8z\" class=\"\"><\/path><\/svg><\/i> <img decoding=\"async\" width=\"16\" height=\"16\" alt=\"Loading\" src=\"https:\/\/www.periodicolapislazuli.com\/noticias\/wp-content\/plugins\/page-views-count\/ajax-loader-2x.gif\" border=0 \/><\/p>\n<div class=\"pvc_clear\"><\/div>\n        <div class=\"booster-block booster-reactions-block\">\n            <div class=\"twp-reactions-icons\">\n                \n                <div class=\"twp-reacts-wrap\">\n                    <a react-data=\"be-react-1\" post-id=\"12069\" class=\"be-face-icons un-reacted\" href=\"javascript:void(0)\">\n                        <img decoding=\"async\" src=\"https:\/\/www.periodicolapislazuli.com\/noticias\/wp-content\/plugins\/booster-extension\/\/assets\/icon\/happy.svg\" alt=\"Happy\">\n                    <\/a>\n                    <div class=\"twp-reaction-title\">\n                        Happy                    <\/div>\n                    <div class=\"twp-count-percent\">\n                                                    <span style=\"display: none;\" class=\"twp-react-count\">0<\/span>\n                        \n                                                <span class=\"twp-react-percent\"><span>0<\/span> %<\/span>\n                                            <\/div>\n                <\/div>\n\n                <div class=\"twp-reacts-wrap\">\n                    <a react-data=\"be-react-2\" post-id=\"12069\" class=\"be-face-icons un-reacted\" href=\"javascript:void(0)\">\n                        <img decoding=\"async\" src=\"https:\/\/www.periodicolapislazuli.com\/noticias\/wp-content\/plugins\/booster-extension\/\/assets\/icon\/sad.svg\" alt=\"Sad\">\n                    <\/a>\n                    <div class=\"twp-reaction-title\">\n                        Sad                    <\/div>\n                    <div class=\"twp-count-percent\">\n                                                    <span style=\"display: none;\" class=\"twp-react-count\">0<\/span>\n                                                                        <span class=\"twp-react-percent\"><span>0<\/span> %<\/span>\n                                            <\/div>\n                <\/div>\n\n                <div class=\"twp-reacts-wrap\">\n                    <a react-data=\"be-react-3\" post-id=\"12069\" class=\"be-face-icons un-reacted\" href=\"javascript:void(0)\">\n                        <img decoding=\"async\" src=\"https:\/\/www.periodicolapislazuli.com\/noticias\/wp-content\/plugins\/booster-extension\/\/assets\/icon\/excited.svg\" alt=\"Excited\">\n                    <\/a>\n                    <div class=\"twp-reaction-title\">\n                        Excited                    <\/div>\n                    <div class=\"twp-count-percent\">\n                                                    <span style=\"display: none;\" class=\"twp-react-count\">0<\/span>\n                                                                        <span class=\"twp-react-percent\"><span>0<\/span> %<\/span>\n                                            <\/div>\n                <\/div>\n\n                <div class=\"twp-reacts-wrap\">\n                    <a react-data=\"be-react-6\" post-id=\"12069\" class=\"be-face-icons un-reacted\" href=\"javascript:void(0)\">\n                        <img decoding=\"async\" src=\"https:\/\/www.periodicolapislazuli.com\/noticias\/wp-content\/plugins\/booster-extension\/\/assets\/icon\/sleepy.svg\" alt=\"Sleepy\">\n                    <\/a>\n                    <div class=\"twp-reaction-title\">\n                        Sleepy                    <\/div>\n                    <div class=\"twp-count-percent\">\n                                                    <span style=\"display: none;\" class=\"twp-react-count\">0<\/span>\n                        \n                                                <span class=\"twp-react-percent\"><span>0<\/span> %<\/span>\n                                            <\/div>\n                <\/div>\n\n                <div class=\"twp-reacts-wrap\">\n                    <a react-data=\"be-react-4\" post-id=\"12069\" class=\"be-face-icons un-reacted\" href=\"javascript:void(0)\">\n                        <img decoding=\"async\" src=\"https:\/\/www.periodicolapislazuli.com\/noticias\/wp-content\/plugins\/booster-extension\/\/assets\/icon\/angry.svg\" alt=\"Angry\">\n                    <\/a>\n                    <div class=\"twp-reaction-title\">Angry<\/div>\n                    <div class=\"twp-count-percent\">\n                                                    <span style=\"display: none;\" class=\"twp-react-count\">0<\/span>\n                                                                        <span class=\"twp-react-percent\"><span>0<\/span> %<\/span>\n                        \n                    <\/div>\n                <\/div>\n\n                <div class=\"twp-reacts-wrap\">\n                    <a react-data=\"be-react-5\" post-id=\"12069\" class=\"be-face-icons un-reacted\" href=\"javascript:void(0)\">\n                        <img decoding=\"async\" src=\"https:\/\/www.periodicolapislazuli.com\/noticias\/wp-content\/plugins\/booster-extension\/\/assets\/icon\/surprise.svg\" alt=\"Surprise\">\n                    <\/a>\n                    <div class=\"twp-reaction-title\">Surprise<\/div>\n                    <div class=\"twp-count-percent\">\n                                                    <span style=\"display: none;\" class=\"twp-react-count\">0<\/span>\n                                                                        <span class=\"twp-react-percent\"><span>0<\/span> %<\/span>\n                                            <\/div>\n                <\/div>\n\n            <\/div>\n        <\/div>\n\n    ","protected":false},"excerpt":{"rendered":"<p>El lema del D\u00eda Internacional de la Alfabetizaci\u00f3n (International Literacy Day, ILD) de este a\u00f1o es \u00abPromover la<\/p>\n<div class=\"pvc_clear\"><\/div>\n<p id=\"pvc_stats_12069\" class=\"pvc_stats all  \" data-element-id=\"12069\" style=\"\"><i class=\"pvc-stats-icon large\" aria-hidden=\"true\"><svg aria-hidden=\"true\" focusable=\"false\" data-prefix=\"far\" data-icon=\"chart-bar\" role=\"img\" xmlns=\"http:\/\/www.w3.org\/2000\/svg\" viewBox=\"0 0 512 512\" class=\"svg-inline--fa fa-chart-bar fa-w-16 fa-2x\"><path fill=\"currentColor\" d=\"M396.8 352h22.4c6.4 0 12.8-6.4 12.8-12.8V108.8c0-6.4-6.4-12.8-12.8-12.8h-22.4c-6.4 0-12.8 6.4-12.8 12.8v230.4c0 6.4 6.4 12.8 12.8 12.8zm-192 0h22.4c6.4 0 12.8-6.4 12.8-12.8V140.8c0-6.4-6.4-12.8-12.8-12.8h-22.4c-6.4 0-12.8 6.4-12.8 12.8v198.4c0 6.4 6.4 12.8 12.8 12.8zm96 0h22.4c6.4 0 12.8-6.4 12.8-12.8V204.8c0-6.4-6.4-12.8-12.8-12.8h-22.4c-6.4 0-12.8 6.4-12.8 12.8v134.4c0 6.4 6.4 12.8 12.8 12.8zM496 400H48V80c0-8.84-7.16-16-16-16H16C7.16 64 0 71.16 0 80v336c0 17.67 14.33 32 32 32h464c8.84 0 16-7.16 16-16v-16c0-8.84-7.16-16-16-16zm-387.2-48h22.4c6.4 0 12.8-6.4 12.8-12.8v-70.4c0-6.4-6.4-12.8-12.8-12.8h-22.4c-6.4 0-12.8 6.4-12.8 12.8v70.4c0 6.4 6.4 12.8 12.8 12.8z\" class=\"\"><\/path><\/svg><\/i> <img decoding=\"async\" width=\"16\" height=\"16\" alt=\"Loading\" src=\"https:\/\/www.periodicolapislazuli.com\/noticias\/wp-content\/plugins\/page-views-count\/ajax-loader-2x.gif\" border=0 \/><\/p>\n<div class=\"pvc_clear\"><\/div>\n","protected":false},"author":3,"featured_media":12070,"comment_status":"closed","ping_status":"open","sticky":false,"template":"","format":"standard","meta":{"om_disable_all_campaigns":false,"pagelayer_contact_templates":[],"_pagelayer_content":"","_monsterinsights_skip_tracking":false,"_monsterinsights_sitenote_active":false,"_monsterinsights_sitenote_note":"","_monsterinsights_sitenote_category":0,"footnotes":""},"categories":[3],"tags":[],"class_list":["post-12069","post","type-post","status-publish","format-standard","has-post-thumbnail","hentry","category-actualidad"],"a3_pvc":{"activated":true,"total_views":22,"today_views":0},"jetpack_featured_media_url":"https:\/\/www.periodicolapislazuli.com\/noticias\/wp-content\/uploads\/2025\/09\/alfabetizacion.jpg","_links":{"self":[{"href":"https:\/\/www.periodicolapislazuli.com\/noticias\/wp-json\/wp\/v2\/posts\/12069","targetHints":{"allow":["GET"]}}],"collection":[{"href":"https:\/\/www.periodicolapislazuli.com\/noticias\/wp-json\/wp\/v2\/posts"}],"about":[{"href":"https:\/\/www.periodicolapislazuli.com\/noticias\/wp-json\/wp\/v2\/types\/post"}],"author":[{"embeddable":true,"href":"https:\/\/www.periodicolapislazuli.com\/noticias\/wp-json\/wp\/v2\/users\/3"}],"replies":[{"embeddable":true,"href":"https:\/\/www.periodicolapislazuli.com\/noticias\/wp-json\/wp\/v2\/comments?post=12069"}],"version-history":[{"count":4,"href":"https:\/\/www.periodicolapislazuli.com\/noticias\/wp-json\/wp\/v2\/posts\/12069\/revisions"}],"predecessor-version":[{"id":12245,"href":"https:\/\/www.periodicolapislazuli.com\/noticias\/wp-json\/wp\/v2\/posts\/12069\/revisions\/12245"}],"wp:featuredmedia":[{"embeddable":true,"href":"https:\/\/www.periodicolapislazuli.com\/noticias\/wp-json\/wp\/v2\/media\/12070"}],"wp:attachment":[{"href":"https:\/\/www.periodicolapislazuli.com\/noticias\/wp-json\/wp\/v2\/media?parent=12069"}],"wp:term":[{"taxonomy":"category","embeddable":true,"href":"https:\/\/www.periodicolapislazuli.com\/noticias\/wp-json\/wp\/v2\/categories?post=12069"},{"taxonomy":"post_tag","embeddable":true,"href":"https:\/\/www.periodicolapislazuli.com\/noticias\/wp-json\/wp\/v2\/tags?post=12069"}],"curies":[{"name":"wp","href":"https:\/\/api.w.org\/{rel}","templated":true}]}}