{"id":11921,"date":"2025-02-01T22:58:27","date_gmt":"2025-02-01T22:58:27","guid":{"rendered":"https:\/\/www.periodicolapislazuli.com\/noticias\/?p=11921"},"modified":"2025-06-01T23:01:33","modified_gmt":"2025-06-01T23:01:33","slug":"noticias-autores-colombianos-en-dominio-publico-a-partir-del-1-de-enero-de-2025","status":"publish","type":"post","link":"https:\/\/www.periodicolapislazuli.com\/noticias\/noticias-autores-colombianos-en-dominio-publico-a-partir-del-1-de-enero-de-2025\/","title":{"rendered":"Noticias Autores colombianos en dominio publico a partir del 1 de enero de 2025"},"content":{"rendered":"<div class='booster-block booster-read-block'>\n                <div class=\"twp-read-time\">\n                \t<i class=\"booster-icon twp-clock\"><\/i> <span>Read Time:<\/span>3 Minute, 41 Second                <\/div>\n\n            <\/div><p><img fetchpriority=\"high\" decoding=\"async\" class=\"aligncenter wp-image-11922 size-full\" src=\"http:\/\/www.periodicolapislazuli.com\/noticias\/wp-content\/uploads\/2025\/06\/dia-del-dominio1920x1080.jpg\" alt=\"\" width=\"1920\" height=\"1080\" srcset=\"https:\/\/www.periodicolapislazuli.com\/noticias\/wp-content\/uploads\/2025\/06\/dia-del-dominio1920x1080.jpg 1920w, https:\/\/www.periodicolapislazuli.com\/noticias\/wp-content\/uploads\/2025\/06\/dia-del-dominio1920x1080-780x439.jpg 780w, https:\/\/www.periodicolapislazuli.com\/noticias\/wp-content\/uploads\/2025\/06\/dia-del-dominio1920x1080-1200x675.jpg 1200w, https:\/\/www.periodicolapislazuli.com\/noticias\/wp-content\/uploads\/2025\/06\/dia-del-dominio1920x1080-768x432.jpg 768w, https:\/\/www.periodicolapislazuli.com\/noticias\/wp-content\/uploads\/2025\/06\/dia-del-dominio1920x1080-1536x864.jpg 1536w\" sizes=\"(max-width: 1920px) 100vw, 1920px\" \/><\/p>\n<p><span lang=\"ES-ES\" data-contrast=\"none\">\u200b\u200b\u200b\u200b\u200b\u200b\u200b\u200b\u200b\u200bEl primero de enero de cada a\u00f1o se celebra el D\u00eda Mundial del Dominio P\u00fablico, seg\u00fan el Convenio de Berna para la Protecci\u00f3n de las Obras Literarias y Art\u00edsticas, firmado en Suiza en 1886 y revisado en 1979.<\/span><span data-ccp-props=\"{}\">\u00a0<\/span><\/p>\n<p><span lang=\"ES-ES\" data-contrast=\"none\">En Colombia, los derechos patrimoniales de los autores caducan 80 a\u00f1os despu\u00e9s de su muerte. Desde ese momento, cualquier persona puede reproducir, copiar, modificar, comunicar p\u00fablicamente, distribuir incluso con fines comerciales su obra, sin pedir permiso o remuneraci\u00f3n alguna, siempre y cuando reconozca al autor en todo momento.<\/span><span data-ccp-props=\"{&quot;134233117&quot;:false,&quot;134233118&quot;:false,&quot;335557856&quot;:16777215,&quot;335559738&quot;:0,&quot;335559739&quot;:0}\">\u00a0<\/span><\/p>\n<p><span lang=\"ES-ES\" data-contrast=\"none\">La importancia de que las obras pasen a disposici\u00f3n de todos radica en la necesidad de que el patrimonio intelectual de la humanidad est\u00e9 a la mano para fortalecer procesos creativos, acad\u00e9micos e intelectuales que pueden favorecer el desarrollo de la cultura en la sociedad.<\/span><span data-ccp-props=\"{&quot;134233117&quot;:false,&quot;134233118&quot;:false,&quot;335557856&quot;:16777215,&quot;335559738&quot;:0,&quot;335559739&quot;:0}\">\u00a0<\/span><\/p>\n<p><span lang=\"ES-ES\" data-contrast=\"none\">A continuaci\u00f3n, compartimos el listado de los autores y algunas de las obras que entran en la lista de dominio p\u00fablico en 2025:<br \/>\n<\/span><\/p>\n<p><center><\/p>\n<table class=\"ms-rteTable-5\" cellspacing=\"0\">\n<tbody>\n<tr class=\"ms-rteTableEvenRow-5\">\n<td class=\"ms-rteTableEvenCol-5\">\n<div><\/div>\n<p><span class=\"ms-rteStyle-Accent1\"><strong>\u200b\u200bAutor\u200b\u200b\u200b\u200b<\/strong><br \/>\n<\/span><\/td>\n<td class=\"ms-rteTableOddCol-5\"><span class=\"ms-rteStyle-Accent1\"><strong>\u200b\u200b<\/strong><span lang=\"ES-ES\" data-contrast=\"none\"><strong>Datos biogr\u00e1ficos<\/strong><\/span><br \/>\n<\/span><\/td>\n<td class=\"ms-rteTableEvenCol-5\"><span class=\"ms-rteStyle-Accent1\">\u200b<\/span><span class=\"ms-rteStyle-Accent1\" lang=\"ES-ES\" data-contrast=\"none\"><strong>Obras<\/strong><\/span><span class=\"ms-rteStyle-Accent1\" data-ccp-props=\"{&quot;134233117&quot;:false,&quot;134233118&quot;:false,&quot;335551550&quot;:2,&quot;335551620&quot;:2,&quot;335559738&quot;:0,&quot;335559739&quot;:0}\">\u00a0<\/span><\/td>\n<\/tr>\n<tr class=\"ms-rteTableOddRow-5\">\n<td class=\"ms-rteTableEvenCol-5\">\u200b<span lang=\"ES-ES\" data-contrast=\"none\">Alb\u00e1n Ramos, Te\u00f3filo, 1898-1944<\/span><span data-ccp-props=\"{&quot;134233117&quot;:false,&quot;134233118&quot;:false,&quot;335559738&quot;:0,&quot;335559739&quot;:0}\">\u00a0<\/span><\/td>\n<td class=\"ms-rteTableOddCol-5\">\u200b<span lang=\"ES-ES\" data-contrast=\"none\">Poeta y escritor nari\u00f1ense.<\/span><span data-ccp-props=\"{&quot;134233117&quot;:false,&quot;134233118&quot;:false,&quot;335559738&quot;:0,&quot;335559739&quot;:0}\">\u00a0<\/span><\/td>\n<td class=\"ms-rteTableEvenCol-5\">\u200b<span lang=\"ES-ES\" data-contrast=\"none\">Obras en la BNC:<\/span><\/p>\n<p><span lang=\"ES-ES\" data-contrast=\"none\">*Benjam\u00edn Belalcazar B. : pasodoble \/ Di\u00f3genes Oca\u00f1a ; letra de Te\u00f3filo Alb\u00e1n R. (1939)<\/span><\/p>\n<p><span lang=\"ES-ES\" data-contrast=\"none\"> *Poes\u00edas \/ Te\u00f3filo Alb\u00e1n Ramos (1949)<\/span><span data-ccp-props=\"{&quot;134233117&quot;:false,&quot;134233118&quot;:false,&quot;335559738&quot;:0,&quot;335559739&quot;:0}\">\u00a0<\/span>\u200b<\/td>\n<\/tr>\n<tr class=\"ms-rteTableEvenRow-5\">\n<td class=\"ms-rteTableEvenCol-5\">\u200b<span lang=\"ES-ES\" data-contrast=\"none\">Belalc\u00e1zar B., Benjam\u00edn, 1876-1944<\/span><span data-ccp-props=\"{&quot;134233117&quot;:false,&quot;134233118&quot;:false,&quot;335559738&quot;:0,&quot;335559739&quot;:0}\">\u00a0<\/span><\/td>\n<td class=\"ms-rteTableOddCol-5\">\u200b\u200b<span lang=\"ES-ES\" data-contrast=\"none\">Cl\u00e9rigo, pedagogo y escritor colombiano.<\/span><span data-ccp-props=\"{&quot;134233117&quot;:false,&quot;134233118&quot;:false,&quot;335559738&quot;:0,&quot;335559739&quot;:0}\">\u00a0<\/span>\u200b<\/td>\n<td class=\"ms-rteTableEvenCol-5\">\u200b\u200b<span lang=\"ES-ES\" data-contrast=\"none\">Obra en la BNC:<\/span><br \/>\n<span lang=\"ES-ES\" data-contrast=\"none\">*Nari\u00f1o : drama hist\u00f3rico en dos actos y en prosa \/ por Benjam\u00edn Belalcazar B. (1911)<\/span><span data-ccp-props=\"{&quot;134233117&quot;:false,&quot;134233118&quot;:false,&quot;335559738&quot;:0,&quot;335559739&quot;:0}\">\u00a0<\/span><\/td>\n<\/tr>\n<tr class=\"ms-rteTableOddRow-5\">\n<td class=\"ms-rteTableEvenCol-5\">\u200b<span lang=\"ES-ES\" data-contrast=\"none\">Caro, V\u00edctor Eduardo, 1877-1944<\/span><span data-ccp-props=\"{&quot;134233117&quot;:false,&quot;134233118&quot;:false,&quot;335559738&quot;:0,&quot;335559739&quot;:0}\">\u00a0<\/span><\/td>\n<td class=\"ms-rteTableOddCol-5\">\u200b<span lang=\"ES-ES\" data-contrast=\"none\">Escritor, poeta e ingeniero colombiano.<\/span><span data-ccp-props=\"{&quot;134233117&quot;:false,&quot;134233118&quot;:false,&quot;335559738&quot;:0,&quot;335559739&quot;:0}\">\u00a0<\/span><\/td>\n<td class=\"ms-rteTableEvenCol-5\">\u200b<span lang=\"ES-ES\" data-contrast=\"none\">Obras en la BNC:<\/span><br \/>\n<span lang=\"ES-ES\" data-contrast=\"none\">*A la sombra del alero : sonetos \/ V\u00edctor E. Caro (1918?)<\/span><br \/>\n<span lang=\"ES-ES\" data-contrast=\"none\"> *Discurso de recepci\u00f3n en la Academia Colombiana \/ V\u00edctor E. Caro. (Publicado en: Santaf\u00e9 y Bogot\u00e1. vol. 1, no. 6. Jun. 1923)<\/span><br \/>\n<span lang=\"ES-ES\" data-contrast=\"none\"> *El Amor de las Estrellas \/ V\u00edctor E. Caro. (Publicado en: Santaf\u00e9 y Bogot\u00e1. vol. 2, no. 20, ago. 1924)<\/span><br \/>\n<span lang=\"ES-ES\" data-contrast=\"none\"> *Einstein y Garavito \/ V\u00edctor E. Caro.\u00a0 (Publicado en: Santaf\u00e9 y Bogot\u00e1. vol. 3, no. 35, nov. 1925)<\/span><br \/>\n<span lang=\"ES-ES\" data-contrast=\"none\"> *Curiosidades aritm\u00e9ticas \/ V.E.C.\u00a0\u00a0 (Publicado en: Santaf\u00e9 y Bogot\u00e1. vol. 6, no. 70, oct. 1928)<\/span><br \/>\n<span lang=\"ES-ES\" data-contrast=\"none\"> *\u00bbRin Rin\u00bb en ingl\u00e9s \/ V\u00edctor E. Caro.\u00a0 (Publicado en: Santaf\u00e9 y Bogot\u00e1. vol. 5, no. 55, jul. 1927)<\/span><span data-ccp-props=\"{&quot;134233117&quot;:false,&quot;134233118&quot;:false,&quot;335559738&quot;:0,&quot;335559739&quot;:0}\">\u00a0<\/span>\u200b<\/td>\n<\/tr>\n<tr class=\"ms-rteTableEvenRow-5\">\n<td class=\"ms-rteTableEvenCol-5\">\u200b<span lang=\"ES-ES\" data-contrast=\"none\">Greiff Obreg\u00f3n, Luis de, 1869-1944<\/span><span data-ccp-props=\"{&quot;134233117&quot;:false,&quot;134233118&quot;:false,&quot;335559738&quot;:0,&quot;335559739&quot;:0}\">\u00a0<\/span><\/td>\n<td class=\"ms-rteTableOddCol-5\"><span data-ccp-props=\"{&quot;134233117&quot;:false,&quot;134233118&quot;:false,&quot;335559738&quot;:0,&quot;335559739&quot;:0}\"><span lang=\"ES-ES\" data-contrast=\"none\">Pol\u00edtico y escritor colombiano.<\/span>\u00a0<\/span>\u200b<\/td>\n<td class=\"ms-rteTableEvenCol-5\">\u200b<span lang=\"ES-ES\" data-contrast=\"none\">Obras en la BNC:<\/span><br \/>\n<span lang=\"ES-ES\" data-contrast=\"none\">* Semblanzas y comentarios \/ Luis de Greiff Obreg\u00f3n (1942)<\/span><span data-ccp-props=\"{&quot;134233117&quot;:false,&quot;134233118&quot;:false,&quot;335559738&quot;:0,&quot;335559739&quot;:0}\">\u00a0<\/span>\u200b<\/td>\n<\/tr>\n<tr class=\"ms-rteTableOddRow-5\">\n<td class=\"ms-rteTableEvenCol-5\">\u200b<span lang=\"ES-ES\" data-contrast=\"none\">Henao, Jes\u00fas Mar\u00eda, 1869-1944<\/span><span data-ccp-props=\"{&quot;134233117&quot;:false,&quot;134233118&quot;:false,&quot;335559738&quot;:0,&quot;335559739&quot;:0}\">\u00a0<\/span>\u200b<\/td>\n<td class=\"ms-rteTableOddCol-5\">\u200b<span lang=\"ES-ES\" data-contrast=\"none\">Historiador antioque\u00f1o.<\/span><span data-ccp-props=\"{&quot;134233117&quot;:false,&quot;134233118&quot;:false,&quot;335559738&quot;:0,&quot;335559739&quot;:0}\">\u00a0<\/span>\u200b<\/td>\n<td class=\"ms-rteTableEvenCol-5\">\u200b<span lang=\"ES-ES\" data-contrast=\"none\">Obras en la BNC:<\/span><br \/>\n<span lang=\"ES-ES\" data-contrast=\"none\">*Los \u00faltimos d\u00edas del general Santander \/ por Jes\u00fas Mar\u00eda Henao (1915)<\/span>\u00a0\u200b\u200b<\/td>\n<\/tr>\n<tr class=\"ms-rteTableEvenRow-5\">\n<td class=\"ms-rteTableEvenCol-5\">\u200b\u200b<span lang=\"ES-ES\" data-contrast=\"none\">Quijano Mantilla, Joaqu\u00edn, 1875-1944<\/span><span data-ccp-props=\"{&quot;134233117&quot;:false,&quot;134233118&quot;:false,&quot;335559738&quot;:0,&quot;335559739&quot;:0}\">\u00a0<\/span>\u200b<\/td>\n<td class=\"ms-rteTableOddCol-5\">\u200b\u200b<span lang=\"ES-ES\" data-contrast=\"none\">Literato y escritor colombiano.<\/span><span data-ccp-props=\"{&quot;134233117&quot;:false,&quot;134233118&quot;:false,&quot;335559738&quot;:0,&quot;335559739&quot;:0}\">\u00a0<\/span>\u200b<\/td>\n<td class=\"ms-rteTableEvenCol-5\">\u200b<span lang=\"ES-ES\" data-contrast=\"none\">Obras en la BNC:<\/span><br \/>\n<span lang=\"ES-ES\" data-contrast=\"none\">*Cuentos y enredos \/ Joaqu\u00edn Quijano Mantilla (1922)<\/span><br \/>\n<span lang=\"ES-ES\" data-contrast=\"none\"> *El tirano del hogar \/ Joaqu\u00edn Quijano Mantilla. 1 p (Publicado en: Lecturas Dominicales. Bogot\u00e1. vol. 7, No. 174 Nov. 7 1926)<\/span><br \/>\n<span lang=\"ES-ES\" data-contrast=\"none\"> *Berl\u00edn al paso de un hombre mudo \/ Quijano Mantilla (Publicado en: Lecturas dominicales. Bogot\u00e1. vol. 9, no. 224 nov. 13 1927)<\/span><br \/>\n<span lang=\"ES-ES\" data-contrast=\"none\"> *Memorias de un vagabundo : Berl\u00edn visto por un hombre mudo \/ Joaqu\u00edn Quijano Mantilla (1929)<\/span><br \/>\n<span lang=\"ES-ES\" data-contrast=\"none\"> *Lo que mis ojos vieron \/ Joaqu\u00edn Quijano Mantilla (1933)<\/span><span data-ccp-props=\"{&quot;134233117&quot;:false,&quot;134233118&quot;:false,&quot;335559738&quot;:0,&quot;335559739&quot;:0}\">\u00a0<\/span><\/td>\n<\/tr>\n<tr class=\"ms-rteTableOddRow-5\">\n<td class=\"ms-rteTableEvenCol-5\">\u200b<span lang=\"ES-ES\" data-contrast=\"none\">Restrepo, Juan Mar\u00eda, 1896-1944<\/span><span data-ccp-props=\"{&quot;134233117&quot;:false,&quot;134233118&quot;:false,&quot;335559738&quot;:0,&quot;335559739&quot;:0}\">\u00a0<\/span>\u200b<\/td>\n<td class=\"ms-rteTableOddCol-5\">\u200b\u200b<span lang=\"ES-ES\" data-contrast=\"none\">Cl\u00e9rigo colombiano.<\/span><span data-ccp-props=\"{&quot;134233117&quot;:false,&quot;134233118&quot;:false,&quot;335559738&quot;:0,&quot;335559739&quot;:0}\">\u00a0<\/span>\u200b<\/td>\n<td class=\"ms-rteTableEvenCol-5\">\u200b<span lang=\"ES-ES\" data-contrast=\"none\">Obras en la BNC:<\/span><br \/>\n<span lang=\"ES-ES\" data-contrast=\"none\">*La Santa Misa \/|cJuan Mar\u00eda Restrepo (1993)<\/span><span data-ccp-props=\"{&quot;134233117&quot;:false,&quot;134233118&quot;:false,&quot;335551550&quot;:1,&quot;335551620&quot;:1,&quot;335559738&quot;:0,&quot;335559739&quot;:0}\">\u00a0<\/span>\u200b<\/td>\n<\/tr>\n<tr class=\"ms-rteTableEvenRow-5\">\n<td class=\"ms-rteTableEvenCol-5\">\u200b<span lang=\"ES-ES\" data-contrast=\"none\">Rivas, Ricardo, 1886-1944<\/span><span data-ccp-props=\"{&quot;134233117&quot;:false,&quot;134233118&quot;:false,&quot;335559738&quot;:0,&quot;335559739&quot;:0}\">\u00a0<\/span><\/td>\n<td class=\"ms-rteTableOddCol-5\">\u200b<span lang=\"ES-ES\" data-contrast=\"none\">Escritor colombiano.<\/span><span data-ccp-props=\"{&quot;134233117&quot;:false,&quot;134233118&quot;:false,&quot;335559738&quot;:0,&quot;335559739&quot;:0}\">\u00a0<\/span>\u200b<\/td>\n<td class=\"ms-rteTableEvenCol-5\">\u200b<span lang=\"ES-ES\" data-contrast=\"none\">Obras en la BNC:<\/span><br \/>\n<span lang=\"ES-ES\" data-contrast=\"none\">*Fuente pura \/ Ricardo Rivas ([1915])<\/span><br \/>\n<span lang=\"ES-ES\" data-contrast=\"none\"> *La carta \/ Ricardo Rivas (Publicado en: El Gr\u00e1fico. Bogot\u00e1. vol. 26 no. 257-258. oct. 2 1915)<\/span><br \/>\n<span lang=\"ES-ES\" data-contrast=\"none\"> *Fuente pura : comedia dram\u00e1tica en tres actos \/ Ricardo Rivas (Publicado en: Lecturas Populares. Bogot\u00e1. No. 70, abr. 17 1915)<\/span><br \/>\n<span lang=\"ES-ES\" data-contrast=\"none\"> *La felicidad que pasa \/ Ricardo Rivas (Publicado en: El Gr\u00e1fico. Bogot\u00e1. vol. 17 No.180. abr. 18 1914)<\/span><span data-ccp-props=\"{&quot;134233117&quot;:false,&quot;134233118&quot;:false,&quot;335559738&quot;:0,&quot;335559739&quot;:0}\">\u00a0<\/span><\/td>\n<\/tr>\n<tr class=\"ms-rteTableOddRow-5\">\n<td class=\"ms-rteTableEvenCol-5\">\u200b<span lang=\"ES-ES\" data-contrast=\"none\">Soto Uribe, El\u00edas Mauricio, 1858-1944<\/span><span data-ccp-props=\"{&quot;134233117&quot;:false,&quot;134233118&quot;:false,&quot;335559738&quot;:0,&quot;335559739&quot;:0}\">\u00a0<\/span><\/td>\n<td class=\"ms-rteTableOddCol-5\">\u200b<span lang=\"ES-ES\" data-contrast=\"none\">M\u00fasico y compositor colombiano.<\/span><span data-ccp-props=\"{&quot;134233117&quot;:false,&quot;134233118&quot;:false,&quot;335559738&quot;:0,&quot;335559739&quot;:0}\">\u00a0<\/span><\/td>\n<td class=\"ms-rteTableEvenCol-5\">\u200b<span lang=\"ES-ES\" data-contrast=\"none\">Obras en la BNC: <\/span><br \/>\n<span lang=\"ES-ES\" data-contrast=\"none\">*Brisas del Pamplonita [m\u00fasica] : bambuco \/ Elias Mauricio Soto [192-?]<\/span><br \/>\n<span lang=\"ES-ES\" data-contrast=\"none\"> *Dominical [m\u00fasica] : pasillo \/ Elias Mauricio Soto [194-?]<\/span><br \/>\n<span lang=\"ES-ES\" data-contrast=\"none\"> *Pasillo \/ E. M. Soto (194-?)<\/span><br \/>\n<span lang=\"ES-ES\" data-contrast=\"none\"> *Fiesterito [m\u00fasica] : bambuco \/ El\u00edas M. Soto (1944)<\/span><span data-ccp-props=\"{&quot;134233117&quot;:false,&quot;134233118&quot;:false,&quot;335559738&quot;:0,&quot;335559739&quot;:0}\">\u00a0<\/span>\u200b<\/td>\n<\/tr>\n<tr class=\"ms-rteTableEvenRow-5\">\n<td class=\"ms-rteTableEvenCol-5\" rowspan=\"1\">\u200b<span lang=\"ES-ES\" data-contrast=\"none\">V\u00e9lez Carmona, Juan Cl\u00edmaco, 1898-1944<\/span><span data-ccp-props=\"{&quot;134233117&quot;:false,&quot;134233118&quot;:false,&quot;335559738&quot;:0,&quot;335559739&quot;:0}\">\u00a0<\/span><\/td>\n<td class=\"ms-rteTableOddCol-5\" rowspan=\"1\">\u200b<span lang=\"ES-ES\" data-contrast=\"none\">Poeta, cuentista, escritor, compositor y dramaturgo colombiano.<\/span><span data-ccp-props=\"{&quot;134233117&quot;:false,&quot;134233118&quot;:false,&quot;335559738&quot;:0,&quot;335559739&quot;:0}\">\u00a0<\/span><\/td>\n<td class=\"ms-rteTableEvenCol-5\" rowspan=\"1\">\u200b<span lang=\"ES-ES\" data-contrast=\"none\">Obras en la BNC<\/span><span lang=\"ES-ES\" data-contrast=\"none\">: <\/span><br \/>\n<span lang=\"ES-ES\" data-contrast=\"none\">*El cuento nacional : Pedro de Jes\u00fas \/ V\u00e9lez Carmona, Juan Cl\u00edmaco (Publicado en: El Gr\u00e1fico. Bogot\u00e1. vol.26 no.1273 abr.1936)<\/span><br \/>\n*El cuento : P\u00f3lvora \/ por Juan Cl\u00edmaco V\u00e9lez Carmona (Publicado: El Gr\u00e1fico. Bogot\u00e1. vol.25, no.1260. dic.1935)\u200b\u200b<\/td>\n<\/tr>\n<\/tbody>\n<\/table>\n<p><span lang=\"ES-ES\" data-contrast=\"none\">\u200b<br \/>\n<\/span><\/p>\n<div>\n<p style=\"text-align: left;\"><span class=\"ms-rteStyle-Accent1\"><span lang=\"ES-ES\" data-contrast=\"auto\"><strong>Conozca aqu\u00ed la lista de los a\u00f1os anteriores:<\/strong><\/span><span data-ccp-props=\"{}\">\u00a0<\/span><\/span><\/p>\n<\/div>\n<div style=\"text-align: left;\">\n<p><span lang=\"ES-ES\" data-contrast=\"auto\"><strong>2020<\/strong><\/span><span data-ccp-props=\"{}\">\u00a0<\/span><\/p>\n<\/div>\n<div style=\"text-align: left;\">\n<p><a href=\"https:\/\/www.bibliotecanacional.gov.co\/es-co\/actividades\/noticias\/en-la-bnc\/autores-en-dominio-publico-2020\" target=\"_blank\" rel=\"noreferrer noopener\"><span lang=\"ES-ES\" data-contrast=\"none\"><span data-ccp-charstyle=\"Hyperlink\">https:\/\/bibliotecanacional.gov.co\/es-co\/actividades\/noticias\/en-la-bnc\/autores-en-dominio-publico-2020<\/span><\/span><\/a><span data-ccp-props=\"{}\">\u00a0<\/span><\/p>\n<\/div>\n<div style=\"text-align: left;\">\n<p><span lang=\"EN-US\" data-contrast=\"auto\"><strong>2021<\/strong><\/span><span data-ccp-props=\"{}\">\u00a0<\/span><\/p>\n<\/div>\n<div style=\"text-align: left;\">\n<p><a href=\"https:\/\/www.bibliotecanacional.gov.co\/es-co\/actividades\/noticias\/en-la-bnc\/dia-dominio-publico-2021\" target=\"_blank\" rel=\"noreferrer noopener\"><span lang=\"ES-ES\" data-contrast=\"none\"><span data-ccp-charstyle=\"Hyperlink\">https:\/\/bibliotecanacional.gov.co\/es-co\/actividades\/noticias\/en-la-bnc\/dia-dominio-publico-2021<\/span><\/span><\/a><span data-ccp-props=\"{}\">\u00a0<\/span><\/p>\n<\/div>\n<div style=\"text-align: left;\">\n<p><span lang=\"EN-US\" data-contrast=\"auto\"><strong>2022<\/strong><\/span><span data-ccp-props=\"{}\">\u00a0<\/span><\/p>\n<\/div>\n<div style=\"text-align: left;\">\n<p><a href=\"https:\/\/www.bibliotecanacional.gov.co\/es-co\/actividades\/noticias\/en-la-bnc\/obras-dominio-publico-2022\" target=\"_blank\" rel=\"noreferrer noopener\"><span lang=\"ES-ES\" data-contrast=\"none\"><span data-ccp-charstyle=\"Hyperlink\">https:\/\/bibliotecanacional.gov.co\/es-co\/actividades\/noticias\/en-la-bnc\/obras-dominio-publico-2022<\/span><\/span><\/a><span data-ccp-props=\"{}\">\u00a0<\/span><\/p>\n<\/div>\n<div style=\"text-align: left;\">\n<p><span lang=\"ES-ES\" data-contrast=\"auto\"><strong>2023<\/strong><\/span><span data-ccp-props=\"{}\">\u00a0<\/span><\/p>\n<\/div>\n<div style=\"text-align: left;\">\n<p><a href=\"https:\/\/www.bibliotecanacional.gov.co\/es-co\/actividades\/noticias\/en-la-bnc\/obras-dominio-publico-2023\" target=\"_blank\" rel=\"noreferrer noopener\"><span lang=\"ES-ES\" data-contrast=\"none\"><span data-ccp-charstyle=\"Hyperlink\">https:\/\/bibliotecanacional.gov.co\/es-co\/actividades\/noticias\/en-la-bnc\/obras-dominio-publico-2023<\/span><\/span><\/a><span data-ccp-props=\"{}\">\u00a0<\/span><\/p>\n<\/div>\n<div style=\"text-align: left;\">\n<p><span lang=\"ES-ES\" data-contrast=\"auto\"><strong>2024<\/strong><\/span><span data-ccp-props=\"{}\">\u00a0<\/span><\/p>\n<\/div>\n<div>\n<p style=\"text-align: left;\"><a href=\"https:\/\/www.bibliotecanacional.gov.co\/es-co\/actividades\/noticias\/en-la-bnc\/obras-dominio-publico-2024\" target=\"_blank\" rel=\"noreferrer noopener\"><span lang=\"ES-ES\" data-contrast=\"none\"><span data-ccp-charstyle=\"Hyperlink\">https:\/\/www.bibliotecanacional.gov.co\/es-co\/actividades\/noticias\/en-la-bnc\/obras-dominio-publico-2024<\/span><\/span><\/a><\/p>\n<\/div>\n<p><\/center><\/p>\n<div class=\"pvc_clear\"><\/div>\n<p id=\"pvc_stats_11921\" class=\"pvc_stats all  \" data-element-id=\"11921\" style=\"\"><i class=\"pvc-stats-icon large\" aria-hidden=\"true\"><svg aria-hidden=\"true\" focusable=\"false\" data-prefix=\"far\" data-icon=\"chart-bar\" role=\"img\" xmlns=\"http:\/\/www.w3.org\/2000\/svg\" viewBox=\"0 0 512 512\" class=\"svg-inline--fa fa-chart-bar fa-w-16 fa-2x\"><path fill=\"currentColor\" d=\"M396.8 352h22.4c6.4 0 12.8-6.4 12.8-12.8V108.8c0-6.4-6.4-12.8-12.8-12.8h-22.4c-6.4 0-12.8 6.4-12.8 12.8v230.4c0 6.4 6.4 12.8 12.8 12.8zm-192 0h22.4c6.4 0 12.8-6.4 12.8-12.8V140.8c0-6.4-6.4-12.8-12.8-12.8h-22.4c-6.4 0-12.8 6.4-12.8 12.8v198.4c0 6.4 6.4 12.8 12.8 12.8zm96 0h22.4c6.4 0 12.8-6.4 12.8-12.8V204.8c0-6.4-6.4-12.8-12.8-12.8h-22.4c-6.4 0-12.8 6.4-12.8 12.8v134.4c0 6.4 6.4 12.8 12.8 12.8zM496 400H48V80c0-8.84-7.16-16-16-16H16C7.16 64 0 71.16 0 80v336c0 17.67 14.33 32 32 32h464c8.84 0 16-7.16 16-16v-16c0-8.84-7.16-16-16-16zm-387.2-48h22.4c6.4 0 12.8-6.4 12.8-12.8v-70.4c0-6.4-6.4-12.8-12.8-12.8h-22.4c-6.4 0-12.8 6.4-12.8 12.8v70.4c0 6.4 6.4 12.8 12.8 12.8z\" class=\"\"><\/path><\/svg><\/i> <img decoding=\"async\" width=\"16\" height=\"16\" alt=\"Loading\" src=\"https:\/\/www.periodicolapislazuli.com\/noticias\/wp-content\/plugins\/page-views-count\/ajax-loader-2x.gif\" border=0 \/><\/p>\n<div class=\"pvc_clear\"><\/div>\n        <div class=\"booster-block booster-reactions-block\">\n            <div class=\"twp-reactions-icons\">\n                \n                <div class=\"twp-reacts-wrap\">\n                    <a react-data=\"be-react-1\" post-id=\"11921\" class=\"be-face-icons un-reacted\" href=\"javascript:void(0)\">\n                        <img decoding=\"async\" src=\"https:\/\/www.periodicolapislazuli.com\/noticias\/wp-content\/plugins\/booster-extension\/\/assets\/icon\/happy.svg\" alt=\"Happy\">\n                    <\/a>\n                    <div class=\"twp-reaction-title\">\n                        Happy                    <\/div>\n                    <div class=\"twp-count-percent\">\n                                                    <span style=\"display: none;\" class=\"twp-react-count\">0<\/span>\n                        \n                                                <span class=\"twp-react-percent\"><span>0<\/span> %<\/span>\n                                            <\/div>\n                <\/div>\n\n                <div class=\"twp-reacts-wrap\">\n                    <a react-data=\"be-react-2\" post-id=\"11921\" class=\"be-face-icons un-reacted\" href=\"javascript:void(0)\">\n                        <img decoding=\"async\" src=\"https:\/\/www.periodicolapislazuli.com\/noticias\/wp-content\/plugins\/booster-extension\/\/assets\/icon\/sad.svg\" alt=\"Sad\">\n                    <\/a>\n                    <div class=\"twp-reaction-title\">\n                        Sad                    <\/div>\n                    <div class=\"twp-count-percent\">\n                                                    <span style=\"display: none;\" class=\"twp-react-count\">0<\/span>\n                                                                        <span class=\"twp-react-percent\"><span>0<\/span> %<\/span>\n                                            <\/div>\n                <\/div>\n\n                <div class=\"twp-reacts-wrap\">\n                    <a react-data=\"be-react-3\" post-id=\"11921\" class=\"be-face-icons un-reacted\" href=\"javascript:void(0)\">\n                        <img decoding=\"async\" src=\"https:\/\/www.periodicolapislazuli.com\/noticias\/wp-content\/plugins\/booster-extension\/\/assets\/icon\/excited.svg\" alt=\"Excited\">\n                    <\/a>\n                    <div class=\"twp-reaction-title\">\n                        Excited                    <\/div>\n                    <div class=\"twp-count-percent\">\n                                                    <span style=\"display: none;\" class=\"twp-react-count\">0<\/span>\n                                                                        <span class=\"twp-react-percent\"><span>0<\/span> %<\/span>\n                                            <\/div>\n                <\/div>\n\n                <div class=\"twp-reacts-wrap\">\n                    <a react-data=\"be-react-6\" post-id=\"11921\" class=\"be-face-icons un-reacted\" href=\"javascript:void(0)\">\n                        <img decoding=\"async\" src=\"https:\/\/www.periodicolapislazuli.com\/noticias\/wp-content\/plugins\/booster-extension\/\/assets\/icon\/sleepy.svg\" alt=\"Sleepy\">\n                    <\/a>\n                    <div class=\"twp-reaction-title\">\n                        Sleepy                    <\/div>\n                    <div class=\"twp-count-percent\">\n                                                    <span style=\"display: none;\" class=\"twp-react-count\">0<\/span>\n                        \n                                                <span class=\"twp-react-percent\"><span>0<\/span> %<\/span>\n                                            <\/div>\n                <\/div>\n\n                <div class=\"twp-reacts-wrap\">\n                    <a react-data=\"be-react-4\" post-id=\"11921\" class=\"be-face-icons un-reacted\" href=\"javascript:void(0)\">\n                        <img decoding=\"async\" src=\"https:\/\/www.periodicolapislazuli.com\/noticias\/wp-content\/plugins\/booster-extension\/\/assets\/icon\/angry.svg\" alt=\"Angry\">\n                    <\/a>\n                    <div class=\"twp-reaction-title\">Angry<\/div>\n                    <div class=\"twp-count-percent\">\n                                                    <span style=\"display: none;\" class=\"twp-react-count\">0<\/span>\n                                                                        <span class=\"twp-react-percent\"><span>0<\/span> %<\/span>\n                        \n                    <\/div>\n                <\/div>\n\n                <div class=\"twp-reacts-wrap\">\n                    <a react-data=\"be-react-5\" post-id=\"11921\" class=\"be-face-icons un-reacted\" href=\"javascript:void(0)\">\n                        <img decoding=\"async\" src=\"https:\/\/www.periodicolapislazuli.com\/noticias\/wp-content\/plugins\/booster-extension\/\/assets\/icon\/surprise.svg\" alt=\"Surprise\">\n                    <\/a>\n                    <div class=\"twp-reaction-title\">Surprise<\/div>\n                    <div class=\"twp-count-percent\">\n                                                    <span style=\"display: none;\" class=\"twp-react-count\">0<\/span>\n                                                                        <span class=\"twp-react-percent\"><span>0<\/span> %<\/span>\n                                            <\/div>\n                <\/div>\n\n            <\/div>\n        <\/div>\n\n    ","protected":false},"excerpt":{"rendered":"<p>\u200b\u200b\u200b\u200b\u200b\u200b\u200b\u200b\u200b\u200bEl primero de enero de cada a\u00f1o se celebra el D\u00eda Mundial del Dominio P\u00fablico, seg\u00fan el Convenio<\/p>\n<div class=\"pvc_clear\"><\/div>\n<p id=\"pvc_stats_11921\" class=\"pvc_stats all  \" data-element-id=\"11921\" style=\"\"><i class=\"pvc-stats-icon large\" aria-hidden=\"true\"><svg aria-hidden=\"true\" focusable=\"false\" data-prefix=\"far\" data-icon=\"chart-bar\" role=\"img\" xmlns=\"http:\/\/www.w3.org\/2000\/svg\" viewBox=\"0 0 512 512\" class=\"svg-inline--fa fa-chart-bar fa-w-16 fa-2x\"><path fill=\"currentColor\" d=\"M396.8 352h22.4c6.4 0 12.8-6.4 12.8-12.8V108.8c0-6.4-6.4-12.8-12.8-12.8h-22.4c-6.4 0-12.8 6.4-12.8 12.8v230.4c0 6.4 6.4 12.8 12.8 12.8zm-192 0h22.4c6.4 0 12.8-6.4 12.8-12.8V140.8c0-6.4-6.4-12.8-12.8-12.8h-22.4c-6.4 0-12.8 6.4-12.8 12.8v198.4c0 6.4 6.4 12.8 12.8 12.8zm96 0h22.4c6.4 0 12.8-6.4 12.8-12.8V204.8c0-6.4-6.4-12.8-12.8-12.8h-22.4c-6.4 0-12.8 6.4-12.8 12.8v134.4c0 6.4 6.4 12.8 12.8 12.8zM496 400H48V80c0-8.84-7.16-16-16-16H16C7.16 64 0 71.16 0 80v336c0 17.67 14.33 32 32 32h464c8.84 0 16-7.16 16-16v-16c0-8.84-7.16-16-16-16zm-387.2-48h22.4c6.4 0 12.8-6.4 12.8-12.8v-70.4c0-6.4-6.4-12.8-12.8-12.8h-22.4c-6.4 0-12.8 6.4-12.8 12.8v70.4c0 6.4 6.4 12.8 12.8 12.8z\" class=\"\"><\/path><\/svg><\/i> <img decoding=\"async\" width=\"16\" height=\"16\" alt=\"Loading\" src=\"https:\/\/www.periodicolapislazuli.com\/noticias\/wp-content\/plugins\/page-views-count\/ajax-loader-2x.gif\" border=0 \/><\/p>\n<div class=\"pvc_clear\"><\/div>\n","protected":false},"author":3,"featured_media":11922,"comment_status":"closed","ping_status":"open","sticky":false,"template":"","format":"standard","meta":{"om_disable_all_campaigns":false,"pagelayer_contact_templates":[],"_pagelayer_content":"","_monsterinsights_skip_tracking":false,"_monsterinsights_sitenote_active":false,"_monsterinsights_sitenote_note":"","_monsterinsights_sitenote_category":0,"footnotes":""},"categories":[3],"tags":[],"class_list":["post-11921","post","type-post","status-publish","format-standard","has-post-thumbnail","hentry","category-actualidad"],"a3_pvc":{"activated":true,"total_views":33,"today_views":1},"jetpack_featured_media_url":"https:\/\/www.periodicolapislazuli.com\/noticias\/wp-content\/uploads\/2025\/06\/dia-del-dominio1920x1080.jpg","_links":{"self":[{"href":"https:\/\/www.periodicolapislazuli.com\/noticias\/wp-json\/wp\/v2\/posts\/11921","targetHints":{"allow":["GET"]}}],"collection":[{"href":"https:\/\/www.periodicolapislazuli.com\/noticias\/wp-json\/wp\/v2\/posts"}],"about":[{"href":"https:\/\/www.periodicolapislazuli.com\/noticias\/wp-json\/wp\/v2\/types\/post"}],"author":[{"embeddable":true,"href":"https:\/\/www.periodicolapislazuli.com\/noticias\/wp-json\/wp\/v2\/users\/3"}],"replies":[{"embeddable":true,"href":"https:\/\/www.periodicolapislazuli.com\/noticias\/wp-json\/wp\/v2\/comments?post=11921"}],"version-history":[{"count":1,"href":"https:\/\/www.periodicolapislazuli.com\/noticias\/wp-json\/wp\/v2\/posts\/11921\/revisions"}],"predecessor-version":[{"id":11923,"href":"https:\/\/www.periodicolapislazuli.com\/noticias\/wp-json\/wp\/v2\/posts\/11921\/revisions\/11923"}],"wp:featuredmedia":[{"embeddable":true,"href":"https:\/\/www.periodicolapislazuli.com\/noticias\/wp-json\/wp\/v2\/media\/11922"}],"wp:attachment":[{"href":"https:\/\/www.periodicolapislazuli.com\/noticias\/wp-json\/wp\/v2\/media?parent=11921"}],"wp:term":[{"taxonomy":"category","embeddable":true,"href":"https:\/\/www.periodicolapislazuli.com\/noticias\/wp-json\/wp\/v2\/categories?post=11921"},{"taxonomy":"post_tag","embeddable":true,"href":"https:\/\/www.periodicolapislazuli.com\/noticias\/wp-json\/wp\/v2\/tags?post=11921"}],"curies":[{"name":"wp","href":"https:\/\/api.w.org\/{rel}","templated":true}]}}