{"id":11791,"date":"2025-04-09T22:53:33","date_gmt":"2025-04-09T22:53:33","guid":{"rendered":"https:\/\/www.periodicolapislazuli.com\/noticias\/?p=11791"},"modified":"2025-04-09T22:53:33","modified_gmt":"2025-04-09T22:53:33","slug":"el-encuentro-entre-los-cacua-y-los-nukak","status":"publish","type":"post","link":"https:\/\/www.periodicolapislazuli.com\/noticias\/el-encuentro-entre-los-cacua-y-los-nukak\/","title":{"rendered":"El encuentro entre los cacua y los nukak"},"content":{"rendered":"<div class='booster-block booster-read-block'>\n                <div class=\"twp-read-time\">\n                \t<i class=\"booster-icon twp-clock\"><\/i> <span>Read Time:<\/span>5 Minute, 18 Second                <\/div>\n\n            <\/div><p><img fetchpriority=\"high\" decoding=\"async\" class=\"aligncenter wp-image-11792 size-full\" src=\"http:\/\/www.periodicolapislazuli.com\/noticias\/wp-content\/uploads\/2025\/04\/cacua-nukak.jpg\" alt=\"\" width=\"1920\" height=\"1080\" srcset=\"https:\/\/www.periodicolapislazuli.com\/noticias\/wp-content\/uploads\/2025\/04\/cacua-nukak.jpg 1920w, https:\/\/www.periodicolapislazuli.com\/noticias\/wp-content\/uploads\/2025\/04\/cacua-nukak-780x439.jpg 780w, https:\/\/www.periodicolapislazuli.com\/noticias\/wp-content\/uploads\/2025\/04\/cacua-nukak-1200x675.jpg 1200w, https:\/\/www.periodicolapislazuli.com\/noticias\/wp-content\/uploads\/2025\/04\/cacua-nukak-768x432.jpg 768w, https:\/\/www.periodicolapislazuli.com\/noticias\/wp-content\/uploads\/2025\/04\/cacua-nukak-1536x864.jpg 1536w\" sizes=\"(max-width: 1920px) 100vw, 1920px\" \/><\/p>\n<p>En el marco del Programa de documentaci\u00f3n de diez lenguas para el 2025 del Instituto Caro y Cuervo, Marina L\u00f3pez, documentalista y miembro de la comunidad cacua, y Katherine Bola\u00f1os, investigadora del proyecto, viajaron al departamento del Guaviare para reunirse con miembros del pueblo nukak. Este viaje ten\u00eda dos objetivos principales: documentar la lengua y las pr\u00e1cticas culturales de los nukak, y explorar los relatos que este grupo conserva <a href=\"https:\/\/www.caroycuervo.gov.co\/en-busca-del-origen-del-pueblo-cacua\/\" target=\"_blank\" rel=\"noopener\">sobre los cacua<\/a>, en un intento por entretejer la memoria de ambos pueblos y comprender mejor su pasado com\u00fan, sus migraciones y las transformaciones que han experimentado a lo largo de los siglos.<\/p>\n<p>Durante la visita, las investigadoras estuvieron acompa\u00f1adas por Laureano Gallego, uno de los mayores cacua, quien ofreci\u00f3 unas palabras al llegar al asentamiento de Aguabonita (Guaviare). Para el equipo de documentalistas fue emocionante presenciar el asombro de los nukak al escuchar a Laureano hablar en una lengua que, si bien no entend\u00edan del todo, les resultaba familiar. Aunque el cacua y el nukak pertenecen a la misma familia ling\u00fc\u00edstica, a diferencia de lo que muchos creen, no son mutuamente inteligibles. Las diferencias entre ambos idiomas son tales que, en muchos momentos, el espa\u00f1ol sirvi\u00f3 como puente de comunicaci\u00f3n. Seg\u00fan Katherine, las similitudes entre ambos idiomas podr\u00edan compararse con las que existen entre el espa\u00f1ol y el franc\u00e9s.<\/p>\n<p>Uno de los momentos m\u00e1s significativos del viaje ocurri\u00f3 cuando Laureano, miembro del clan <em>h<\/em><em>\u0268<\/em><em>\u0303\u030cw<\/em><em>\u0294<\/em><em>wa\u0303<\/em> \u2014nombre que hace referencia a una especie de p\u00e1jaro azul que habita la regi\u00f3n\u2014, comparti\u00f3 la historia de origen de su clan. Seg\u00fan los relatos orales, sus ancestros migraron desde Brasil, siguiendo el r\u00edo Aiary hasta llegar al I\u00e7ana, donde se cruzaron con los curripakos, quienes masacraron a los mayores que marchaban en la vanguardia. Sin embargo, dentro del clan persist\u00eda la sospecha de que no todas las personas que iban al frente murieron, sino que algunas lograron sobrevivir y avanzar. Ese grupo ser\u00eda el que hoy conocemos como los nukak. Por su parte, algunos miembros de los nukak tambi\u00e9n recordaron un relato similar dentro de su tradici\u00f3n oral.<\/p>\n<p>El encuentro entre ambos pueblos representa un avance significativo en la reconstrucci\u00f3n de su memoria y en la preservaci\u00f3n de pr\u00e1cticas culturales que remiten a su pasado com\u00fan. Los cacua apenas recuerdan algunas de estas pr\u00e1cticas, mientras que los nukak a\u00fan las conservan y las ejercen, como los rituales asociados a la primera menstruaci\u00f3n, los cuidados para la caza o el manejo del veneno para las cerbatanas.<\/p>\n<p>Durante el encuentro no se permiti\u00f3 el registro en video por razones culturales asociadas con su relaci\u00f3n con los muertos. En esta comunidad, las personas suelen ser nombradas con palabras que refieren a la naturaleza o verbos. Por ello, cuando alguien muere, su nombre tambi\u00e9n desaparece del uso com\u00fan, ya que mencionarlo puede traer pesadillas y enfermedades. Para evitarlo, los nukak adoptan pr\u00e9stamos ling\u00fc\u00edsticos de otras lenguas, como el curripako o el kubeo. Esta pr\u00e1ctica implica que el lenguaje est\u00e9 en constante transformaci\u00f3n y exige una fuerte cohesi\u00f3n comunitaria para asegurar que nadie vuelva a usar palabras asociadas a los fallecidos. Esta misma costumbre se extiende a las im\u00e1genes grabadas, que tambi\u00e9n se consideran parte de aquello que no debe permanecer tras la muerte.<\/p>\n<p>Al respecto, el capit\u00e1n Joaqu\u00edn Niijb\u00e9, l\u00edder de los nukak de Aguabonita, expres\u00f3:<\/p>\n<p>&nbsp;<\/p>\n<blockquote>\n<p style=\"padding-left: 80px;\">\u201cNosotros ya no pronunciamos los nombres de los que han fallecido. Da tristeza pronunciarlos, y tampoco queremos volver a ver a las personas que han fallecido. Desde hace mucho tiempo venimos pidiendo que respeten esto\u201d.<\/p>\n<p>&nbsp;<\/p><\/blockquote>\n<p>Durante este viaje, el equipo tambi\u00e9n entrevist\u00f3 a Mauricio Yau, sabedor local, quien habl\u00f3 sobre la importancia de las canciones en su cultura. Para los nukak, el canto es la memoria convertida en sonido: relatos familiares, la cotidianidad, la b\u00fasqueda de alimentos, las ense\u00f1anzas de cacer\u00eda y el conocimiento espiritual se entrelazan en palabras que se suceden hasta formar una melod\u00eda que arropa la historia de un pueblo m\u00f3vil, cuyo territorio ancestral est\u00e1 ubicado en el noreste del Amazonas.<\/p>\n<p>&nbsp;<\/p>\n<blockquote><p>\u201cNosotros somos nukak. No podemos perder la cultura, el canto, el conocimiento\u201d, reflexion\u00f3 Mauricio. Sin embargo, se estima que actualmente solo quedan unos 300 hablantes de esta lengua.<\/p>\n<p>&nbsp;<\/p><\/blockquote>\n<p>Cada clan de los nukak tiene su propio canto, que suele ser extenso, pues narra por d\u00f3nde han pasado, cu\u00e1l es su forma de vida. En las canciones, los j\u00f3venes aprenden a conocer los ciclos naturales, c\u00f3mo cazar animales, pescar, recolectar frutos y buscar miel.<\/p>\n<p>\u201cLos Nukak Mak\u00fa cantan todo el d\u00eda, mientras tejen, mientras cocinan; en la noche tambi\u00e9n lo hacen y hasta muy tarde. El canto de todos forma sobre el campamento un murmullo permanente (\u2026) Pero a veces, en la noche, ese canto se transforma en tristeza y lloran por los que se han marchado. Para los Nukaks la noche es el momento en que el esp\u00edritu llega\u201d, escriben Pilar Lozano y Santiago Su\u00e1rez en <em>El hombre y su cultura<\/em>, un libro sobre distintos pueblos de Colombia y el mundo, y su relaci\u00f3n con el entorno.<\/p>\n<p>Una precisi\u00f3n importante respecto a esta cita es que referirse a los nukak como <em>mak\u00fa<\/em> es una denominaci\u00f3n ofensiva, afirma Katherine. <em>Mak\u00fa<\/em> es una palabra peyorativa de origen arawak que ha sido utilizada para referirse a distintos pueblos cazadores-recolectores del alto Amazonas. Su ra\u00edz etimol\u00f3gica se encuentra en el t\u00e9rmino arawak <em>ma-aku<\/em>, que podr\u00eda traducirse como \u201cno habla \/ sin habla\u201d. En muchas comunidades como la nukak, la lengua es el principal marcador de identidad, es lo que te hace persona. Por eso, que se refieran a alguien como \u201csin habla\u201d resulta profundamente insultante.<\/p>\n<p>Durante este viaje, Marina y Katherine visitaron cuatro asentamientos de los nukak y registraron, de manera sonora, cantos, testimonios y entrevistas fundamentales para este proyecto de documentaci\u00f3n. Las comunidades cacua y nukak, junto con el Instituto Caro y Cuervo, contin\u00faan su labor en favor de la protecci\u00f3n de idiomas que est\u00e9n en riesgo de desaparecer.<\/p>\n<p><iframe id=\"instagram-embed-0\" class=\"instagram-media instagram-media-rendered\" src=\"https:\/\/www.instagram.com\/reel\/DH_TLlsuXHl\/embed\/captioned\/?cr=1&amp;v=14&amp;wp=675&amp;rd=https%3A%2F%2Fwww.caroycuervo.gov.co&amp;rp=%2Fel-encuentro-entre-los-cacua-y-los-nukak%2F#%7B%22ci%22%3A0%2C%22os%22%3A9584%2C%22ls%22%3A3823%2C%22le%22%3A9152%7D\" height=\"1323\" frameborder=\"0\" scrolling=\"no\" allowfullscreen=\"allowfullscreen\" data-instgrm-payload-id=\"instagram-media-payload-0\" data-mce-fragment=\"1\"><\/iframe><\/p>\n<p>&nbsp;<\/p>\n<h3><strong>At\u00e1nquez y el proceso de recuperaci\u00f3n del idioma kankuamo<\/strong><\/h3>\n<p>Despu\u00e9s de su trabajo en el Guaviare, el equipo se dirigi\u00f3 a At\u00e1nquez, en el departamento del Cesar, donde se reunieron con miembros del pueblo kankuamo, cuyo idioma, perteneciente a la familia chibcha, dej\u00f3 de hablarse hace aproximadamente 60 o 70 a\u00f1os.<\/p>\n<p>A trav\u00e9s de las redes sociales y dem\u00e1s canales de comunicaci\u00f3n del Instituto Caro y Cuervo se seguir\u00e1n compartiendo los avances de este trabajo de documentaci\u00f3n ling\u00fc\u00edstica.<\/p>\n<div class=\"pvc_clear\"><\/div>\n<p id=\"pvc_stats_11791\" class=\"pvc_stats all  \" data-element-id=\"11791\" style=\"\"><i class=\"pvc-stats-icon large\" aria-hidden=\"true\"><svg aria-hidden=\"true\" focusable=\"false\" data-prefix=\"far\" data-icon=\"chart-bar\" role=\"img\" xmlns=\"http:\/\/www.w3.org\/2000\/svg\" viewBox=\"0 0 512 512\" class=\"svg-inline--fa fa-chart-bar fa-w-16 fa-2x\"><path fill=\"currentColor\" d=\"M396.8 352h22.4c6.4 0 12.8-6.4 12.8-12.8V108.8c0-6.4-6.4-12.8-12.8-12.8h-22.4c-6.4 0-12.8 6.4-12.8 12.8v230.4c0 6.4 6.4 12.8 12.8 12.8zm-192 0h22.4c6.4 0 12.8-6.4 12.8-12.8V140.8c0-6.4-6.4-12.8-12.8-12.8h-22.4c-6.4 0-12.8 6.4-12.8 12.8v198.4c0 6.4 6.4 12.8 12.8 12.8zm96 0h22.4c6.4 0 12.8-6.4 12.8-12.8V204.8c0-6.4-6.4-12.8-12.8-12.8h-22.4c-6.4 0-12.8 6.4-12.8 12.8v134.4c0 6.4 6.4 12.8 12.8 12.8zM496 400H48V80c0-8.84-7.16-16-16-16H16C7.16 64 0 71.16 0 80v336c0 17.67 14.33 32 32 32h464c8.84 0 16-7.16 16-16v-16c0-8.84-7.16-16-16-16zm-387.2-48h22.4c6.4 0 12.8-6.4 12.8-12.8v-70.4c0-6.4-6.4-12.8-12.8-12.8h-22.4c-6.4 0-12.8 6.4-12.8 12.8v70.4c0 6.4 6.4 12.8 12.8 12.8z\" class=\"\"><\/path><\/svg><\/i> <img decoding=\"async\" width=\"16\" height=\"16\" alt=\"Loading\" src=\"https:\/\/www.periodicolapislazuli.com\/noticias\/wp-content\/plugins\/page-views-count\/ajax-loader-2x.gif\" border=0 \/><\/p>\n<div class=\"pvc_clear\"><\/div>\n        <div class=\"booster-block booster-reactions-block\">\n            <div class=\"twp-reactions-icons\">\n                \n                <div class=\"twp-reacts-wrap\">\n                    <a react-data=\"be-react-1\" post-id=\"11791\" class=\"be-face-icons un-reacted\" href=\"javascript:void(0)\">\n                        <img decoding=\"async\" src=\"https:\/\/www.periodicolapislazuli.com\/noticias\/wp-content\/plugins\/booster-extension\/\/assets\/icon\/happy.svg\" alt=\"Happy\">\n                    <\/a>\n                    <div class=\"twp-reaction-title\">\n                        Happy                    <\/div>\n                    <div class=\"twp-count-percent\">\n                                                    <span style=\"display: none;\" class=\"twp-react-count\">0<\/span>\n                        \n                                                <span class=\"twp-react-percent\"><span>0<\/span> %<\/span>\n                                            <\/div>\n                <\/div>\n\n                <div class=\"twp-reacts-wrap\">\n                    <a react-data=\"be-react-2\" post-id=\"11791\" class=\"be-face-icons un-reacted\" href=\"javascript:void(0)\">\n                        <img decoding=\"async\" src=\"https:\/\/www.periodicolapislazuli.com\/noticias\/wp-content\/plugins\/booster-extension\/\/assets\/icon\/sad.svg\" alt=\"Sad\">\n                    <\/a>\n                    <div class=\"twp-reaction-title\">\n                        Sad                    <\/div>\n                    <div class=\"twp-count-percent\">\n                                                    <span style=\"display: none;\" class=\"twp-react-count\">0<\/span>\n                                                                        <span class=\"twp-react-percent\"><span>0<\/span> %<\/span>\n                                            <\/div>\n                <\/div>\n\n                <div class=\"twp-reacts-wrap\">\n                    <a react-data=\"be-react-3\" post-id=\"11791\" class=\"be-face-icons un-reacted\" href=\"javascript:void(0)\">\n                        <img decoding=\"async\" src=\"https:\/\/www.periodicolapislazuli.com\/noticias\/wp-content\/plugins\/booster-extension\/\/assets\/icon\/excited.svg\" alt=\"Excited\">\n                    <\/a>\n                    <div class=\"twp-reaction-title\">\n                        Excited                    <\/div>\n                    <div class=\"twp-count-percent\">\n                                                    <span style=\"display: none;\" class=\"twp-react-count\">0<\/span>\n                                                                        <span class=\"twp-react-percent\"><span>0<\/span> %<\/span>\n                                            <\/div>\n                <\/div>\n\n                <div class=\"twp-reacts-wrap\">\n                    <a react-data=\"be-react-6\" post-id=\"11791\" class=\"be-face-icons un-reacted\" href=\"javascript:void(0)\">\n                        <img decoding=\"async\" src=\"https:\/\/www.periodicolapislazuli.com\/noticias\/wp-content\/plugins\/booster-extension\/\/assets\/icon\/sleepy.svg\" alt=\"Sleepy\">\n                    <\/a>\n                    <div class=\"twp-reaction-title\">\n                        Sleepy                    <\/div>\n                    <div class=\"twp-count-percent\">\n                                                    <span style=\"display: none;\" class=\"twp-react-count\">0<\/span>\n                        \n                                                <span class=\"twp-react-percent\"><span>0<\/span> %<\/span>\n                                            <\/div>\n                <\/div>\n\n                <div class=\"twp-reacts-wrap\">\n                    <a react-data=\"be-react-4\" post-id=\"11791\" class=\"be-face-icons un-reacted\" href=\"javascript:void(0)\">\n                        <img decoding=\"async\" src=\"https:\/\/www.periodicolapislazuli.com\/noticias\/wp-content\/plugins\/booster-extension\/\/assets\/icon\/angry.svg\" alt=\"Angry\">\n                    <\/a>\n                    <div class=\"twp-reaction-title\">Angry<\/div>\n                    <div class=\"twp-count-percent\">\n                                                    <span style=\"display: none;\" class=\"twp-react-count\">0<\/span>\n                                                                        <span class=\"twp-react-percent\"><span>0<\/span> %<\/span>\n                        \n                    <\/div>\n                <\/div>\n\n                <div class=\"twp-reacts-wrap\">\n                    <a react-data=\"be-react-5\" post-id=\"11791\" class=\"be-face-icons un-reacted\" href=\"javascript:void(0)\">\n                        <img decoding=\"async\" src=\"https:\/\/www.periodicolapislazuli.com\/noticias\/wp-content\/plugins\/booster-extension\/\/assets\/icon\/surprise.svg\" alt=\"Surprise\">\n                    <\/a>\n                    <div class=\"twp-reaction-title\">Surprise<\/div>\n                    <div class=\"twp-count-percent\">\n                                                    <span style=\"display: none;\" class=\"twp-react-count\">0<\/span>\n                                                                        <span class=\"twp-react-percent\"><span>0<\/span> %<\/span>\n                                            <\/div>\n                <\/div>\n\n            <\/div>\n        <\/div>\n\n    ","protected":false},"excerpt":{"rendered":"<p>En el marco del Programa de documentaci\u00f3n de diez lenguas para el 2025 del Instituto Caro y Cuervo,<\/p>\n<div class=\"pvc_clear\"><\/div>\n<p id=\"pvc_stats_11791\" class=\"pvc_stats all  \" data-element-id=\"11791\" style=\"\"><i class=\"pvc-stats-icon large\" aria-hidden=\"true\"><svg aria-hidden=\"true\" focusable=\"false\" data-prefix=\"far\" data-icon=\"chart-bar\" role=\"img\" xmlns=\"http:\/\/www.w3.org\/2000\/svg\" viewBox=\"0 0 512 512\" class=\"svg-inline--fa fa-chart-bar fa-w-16 fa-2x\"><path fill=\"currentColor\" d=\"M396.8 352h22.4c6.4 0 12.8-6.4 12.8-12.8V108.8c0-6.4-6.4-12.8-12.8-12.8h-22.4c-6.4 0-12.8 6.4-12.8 12.8v230.4c0 6.4 6.4 12.8 12.8 12.8zm-192 0h22.4c6.4 0 12.8-6.4 12.8-12.8V140.8c0-6.4-6.4-12.8-12.8-12.8h-22.4c-6.4 0-12.8 6.4-12.8 12.8v198.4c0 6.4 6.4 12.8 12.8 12.8zm96 0h22.4c6.4 0 12.8-6.4 12.8-12.8V204.8c0-6.4-6.4-12.8-12.8-12.8h-22.4c-6.4 0-12.8 6.4-12.8 12.8v134.4c0 6.4 6.4 12.8 12.8 12.8zM496 400H48V80c0-8.84-7.16-16-16-16H16C7.16 64 0 71.16 0 80v336c0 17.67 14.33 32 32 32h464c8.84 0 16-7.16 16-16v-16c0-8.84-7.16-16-16-16zm-387.2-48h22.4c6.4 0 12.8-6.4 12.8-12.8v-70.4c0-6.4-6.4-12.8-12.8-12.8h-22.4c-6.4 0-12.8 6.4-12.8 12.8v70.4c0 6.4 6.4 12.8 12.8 12.8z\" class=\"\"><\/path><\/svg><\/i> <img decoding=\"async\" width=\"16\" height=\"16\" alt=\"Loading\" src=\"https:\/\/www.periodicolapislazuli.com\/noticias\/wp-content\/plugins\/page-views-count\/ajax-loader-2x.gif\" border=0 \/><\/p>\n<div class=\"pvc_clear\"><\/div>\n","protected":false},"author":3,"featured_media":11792,"comment_status":"closed","ping_status":"open","sticky":false,"template":"","format":"standard","meta":{"om_disable_all_campaigns":false,"pagelayer_contact_templates":[],"_pagelayer_content":"","_monsterinsights_skip_tracking":false,"_monsterinsights_sitenote_active":false,"_monsterinsights_sitenote_note":"","_monsterinsights_sitenote_category":0,"footnotes":""},"categories":[3],"tags":[3847,1230,227,3846],"class_list":["post-11791","post","type-post","status-publish","format-standard","has-post-thumbnail","hentry","category-actualidad","tag-guaviare","tag-instituto-caro-y-cuervo","tag-memoria","tag-nukak"],"a3_pvc":{"activated":true,"total_views":45,"today_views":0},"jetpack_featured_media_url":"https:\/\/www.periodicolapislazuli.com\/noticias\/wp-content\/uploads\/2025\/04\/cacua-nukak.jpg","_links":{"self":[{"href":"https:\/\/www.periodicolapislazuli.com\/noticias\/wp-json\/wp\/v2\/posts\/11791","targetHints":{"allow":["GET"]}}],"collection":[{"href":"https:\/\/www.periodicolapislazuli.com\/noticias\/wp-json\/wp\/v2\/posts"}],"about":[{"href":"https:\/\/www.periodicolapislazuli.com\/noticias\/wp-json\/wp\/v2\/types\/post"}],"author":[{"embeddable":true,"href":"https:\/\/www.periodicolapislazuli.com\/noticias\/wp-json\/wp\/v2\/users\/3"}],"replies":[{"embeddable":true,"href":"https:\/\/www.periodicolapislazuli.com\/noticias\/wp-json\/wp\/v2\/comments?post=11791"}],"version-history":[{"count":1,"href":"https:\/\/www.periodicolapislazuli.com\/noticias\/wp-json\/wp\/v2\/posts\/11791\/revisions"}],"predecessor-version":[{"id":11793,"href":"https:\/\/www.periodicolapislazuli.com\/noticias\/wp-json\/wp\/v2\/posts\/11791\/revisions\/11793"}],"wp:featuredmedia":[{"embeddable":true,"href":"https:\/\/www.periodicolapislazuli.com\/noticias\/wp-json\/wp\/v2\/media\/11792"}],"wp:attachment":[{"href":"https:\/\/www.periodicolapislazuli.com\/noticias\/wp-json\/wp\/v2\/media?parent=11791"}],"wp:term":[{"taxonomy":"category","embeddable":true,"href":"https:\/\/www.periodicolapislazuli.com\/noticias\/wp-json\/wp\/v2\/categories?post=11791"},{"taxonomy":"post_tag","embeddable":true,"href":"https:\/\/www.periodicolapislazuli.com\/noticias\/wp-json\/wp\/v2\/tags?post=11791"}],"curies":[{"name":"wp","href":"https:\/\/api.w.org\/{rel}","templated":true}]}}