{"id":10929,"date":"2024-04-29T03:42:47","date_gmt":"2024-04-29T03:42:47","guid":{"rendered":"https:\/\/www.periodicolapislazuli.com\/noticias\/?p=10929"},"modified":"2024-04-29T03:42:47","modified_gmt":"2024-04-29T03:42:47","slug":"eurocine-celebra-30-anos-inspirando-generaciones-conozca-la-programacion-y-novedades-de-este-ano","status":"publish","type":"post","link":"https:\/\/www.periodicolapislazuli.com\/noticias\/eurocine-celebra-30-anos-inspirando-generaciones-conozca-la-programacion-y-novedades-de-este-ano\/","title":{"rendered":"Eurocine celebra 30 a\u00f1os inspirando generaciones: conozca la programaci\u00f3n y novedades de este a\u00f1o"},"content":{"rendered":"<div class='booster-block booster-read-block'>\n                <div class=\"twp-read-time\">\n                \t<i class=\"booster-icon twp-clock\"><\/i> <span>Read Time:<\/span>15 Minute, 23 Second                <\/div>\n\n            <\/div><figure id=\"attachment_10930\" aria-describedby=\"caption-attachment-10930\" style=\"width: 1416px\" class=\"wp-caption aligncenter\"><img fetchpriority=\"high\" decoding=\"async\" class=\"wp-image-10930 size-full\" src=\"https:\/\/www.periodicolapislazuli.com\/noticias\/wp-content\/uploads\/2024\/04\/Cine-mv2.jpg\" alt=\"\" width=\"1416\" height=\"868\" srcset=\"https:\/\/www.periodicolapislazuli.com\/noticias\/wp-content\/uploads\/2024\/04\/Cine-mv2.jpg 1416w, https:\/\/www.periodicolapislazuli.com\/noticias\/wp-content\/uploads\/2024\/04\/Cine-mv2-750x460.jpg 750w, https:\/\/www.periodicolapislazuli.com\/noticias\/wp-content\/uploads\/2024\/04\/Cine-mv2-1155x708.jpg 1155w, https:\/\/www.periodicolapislazuli.com\/noticias\/wp-content\/uploads\/2024\/04\/Cine-mv2-768x471.jpg 768w\" sizes=\"(max-width: 1416px) 100vw, 1416px\" \/><figcaption id=\"caption-attachment-10930\" class=\"wp-caption-text\">Viene Eurocine 2024, uno de los eventos cinematogr\u00e1ficos m\u00e1s antiguos y m\u00e1s esperados del pa\u00eds: el Festival de Cine Europeo en Colombia celebra sus 30 a\u00f1os. Esta edici\u00f3n se llevar\u00e1 a cabo desde el jueves 9 de mayo, D\u00eda de Europa, hasta el domingo 19, con Suecia como pa\u00eds invitado de honor.<\/figcaption><\/figure>\n<p>En esta nueva edici\u00f3n el Festival contar\u00e1 con una programaci\u00f3n diversa para todos los gustos y generaciones, compuesta por 41 pel\u00edculas provenientes de 20 pa\u00edses, con proyecciones gratuitas y con boleter\u00eda, en salas de cine, teatros y escenarios alternativos de nueve ciudades: Bogot\u00e1, Medell\u00edn, Cali, Manizales, Barranquilla, Pereira, Bucaramanga, Santa Marta y Cartagena.\u00a0 As\u00ed mismo, el Festival estar\u00e1 compuesto por siete secciones que explorar\u00e1n el panorama cinematogr\u00e1fico del viejo continente a trav\u00e9s de expresiones frescas, lenguajes contempor\u00e1neos y una diversidad de puntos de vista, culturas, lenguajes y manifestaciones que caracterizan a Europa.<\/p>\n<p>\u25cf Colombia tendr\u00e1 el honor de recibir al curador italiano Carlo Chatrian, quien ha asumido la direcci\u00f3n art\u00edstica del prestigioso Festival de la Berlinale durante los \u00faltimos cuatro a\u00f1os. Dictar\u00e1 un laboratorio de curadur\u00eda presencial y, adem\u00e1s, curar\u00e1 para Eurocine una secci\u00f3n exclusiva con la metodolog\u00eda Carta Blanca, creada desde su trayectoria como espectador de cine.<\/p>\n<p>\u25cf Dentro de las novedades, el Festival tendr\u00e1, por primera vez, coproducciones colombianas, ofrecer\u00e1 adem\u00e1s un espacio para que el p\u00fablico sea curador de la retrospectiva de las tres d\u00e9cadas de Eurocine, y abordar\u00e1 una retrospectiva del destacado director sueco Roy Andersson, gracias a la Embajada de Suecia, el Instituto F\u00edlmico Sueco y el Instituto Sueco.<\/p>\n<p>El Festival de Cine Europeo en Colombia, organizado por la Fundaci\u00f3n Kulturvisi\u00f3n, cumple 30 a\u00f1os inspirando generaciones, con una trayectoria que hoy es considerado como un referente destacado en la promoci\u00f3n de la cultura cinematogr\u00e1fica en el pa\u00eds, con la exhibici\u00f3n de obras que reflejan narrativas, memorias y rasgos culturales de diversas regiones de Europa, en diferentes idiomas y con m\u00faltiples perspectivas art\u00edsticas y culturales. Esta celebraci\u00f3n invita al p\u00fablico colombiano a vivir una experiencia de cine diferente y alternativa a trav\u00e9s de una nutrida programaci\u00f3n de contenidos audiovisuales de 20 pa\u00edses y un componente acad\u00e9mico que contar\u00e1 con conversatorios, charlas y clases magistrales. Adem\u00e1s, este a\u00f1o, Eurocine se consolida como un evento de ciudad, gracias a la alianza con el Instituto Distrital de Turismo.<\/p>\n<p>\u201cEl foco principal de este a\u00f1o se centra en conmemorar los 30 a\u00f1os del Festival como un espacio de encuentros intergeneracionales en torno al cine europeo. Las diferentes secciones buscan destacar lo mejor del cine contempor\u00e1neo de Europa, al mismo tiempo que rinden homenaje a la diversidad que ha caracterizado estas tres d\u00e9cadas. Vamos a celebrar este aniversario con una nueva programaci\u00f3n, un equipo apasionado por el cine y el desaf\u00edo de captar la atenci\u00f3n de las nuevas generaciones en redes sociales y en las calles, para invitarlos a ser parte de esta emocionante experiencia cinematogr\u00e1fica que traemos a los colombianos\u201d, asegura Luc\u00eda Gonz\u00e1lez, nueva directora de Eurocine.<\/p>\n<p>Luc\u00eda Gonz\u00e1lez Garc\u00eda asume la direcci\u00f3n del Festival en su edici\u00f3n 30; ella es Maestra en Guion, Narrativa y Creatividad Audiovisual de la Universidad de Sevilla, Espa\u00f1a, y profesional en Literatura Comparada y Cinematograf\u00eda de la Freie Universit\u00e4t Berlin, Alemania. A lo largo de su vers\u00e1til carrera, ha creado, producido y gestionado una amplia variedad de proyectos interdisciplinarios que exploran la intersecci\u00f3n entre el arte, la cultura y la justicia social.<\/p>\n<p>\u00abLa celebraci\u00f3n de los 30 a\u00f1os de Eurocine en Bogot\u00e1 no es solo un homenaje al cine europeo, sino tambi\u00e9n un reflejo del dinamismo cultural y tur\u00edstico de nuestra ciudad. Este festival se ha convertido en un punto de encuentro para cineastas y aficionados del cine de todo el mundo, consolidando a Bogot\u00e1 como una capital cinematogr\u00e1fica vibrante y diversa. A trav\u00e9s de Eurocine, Bogot\u00e1 demuestra su capacidad para acoger eventos internacionales de gran escala y su compromiso con la promoci\u00f3n cultural. Invitamos a todos, locales y visitantes, a disfrutar de la riqueza cinematogr\u00e1fica y descubrir todo lo que Bogot\u00e1 tiene para ofrecer en t\u00e9rminos de cultura, gastronom\u00eda y bellezas naturales\u00bb, se\u00f1al\u00f3 Andr\u00e9s Santamar\u00eda, Director del Instituto Distrital de Turismo.<\/p>\n<p>Suecia, como pa\u00eds invitado de honor, contar\u00e1 con una selecci\u00f3n representativa de lo que es la tradici\u00f3n del cine sueco en la actualidad. Dentro del grupo de nueve pel\u00edculas que har\u00e1n parte del Festival, hay reflexiones sobre los derechos de las minor\u00edas, un documental sobre el cine queer en Suecia, un largometraje biogr\u00e1fico sobre una artista sami y comedias negras sobre la amistad o emotivas b\u00fasquedas familiares. Es una muestra de que el cine sueco, cien a\u00f1os despu\u00e9s de sus inicios, sigue encontrando una voz para darle forma a las preocupaciones actuales.<\/p>\n<p>\u201cEs un honor ser pa\u00eds invitado de esta edici\u00f3n, una participaci\u00f3n que coincide con la celebraci\u00f3n de los 150 a\u00f1os de relaciones diplom\u00e1ticas entre Suecia y Colombia, lo que representa una oportunidad para que la larga tradici\u00f3n cinematogr\u00e1fica de Suecia encuentre espectadores en Colombia y sea un motivo m\u00e1s de di\u00e1logo y transformaci\u00f3n social, con el cine como un veh\u00edculo poderoso para hacerlo posible\u00bb, se\u00f1ala Pontus Rosenberg, encargado de negocios de la Embajada de Suecia en Colombia.<\/p>\n<p>Siete secciones del Festival que dar\u00e1n un panorama de la cinematograf\u00eda europea Aunque la protagonista este a\u00f1o son sus 30 a\u00f1os, la programaci\u00f3n tendr\u00e1 un enfoque que busca celebrar el aniversario con una curadur\u00eda que impulse a Eurocine a un futuro duradero y abundante, en parte, cautivando audiencias m\u00e1s j\u00f3venes e invitando a la gente a retomar la costumbre de vivir la experiencia de asistir a las salas de cine, gracias a una variada oferta de pel\u00edculas de g\u00e9neros como drama, comedia, coming-of-age, ciencia ficci\u00f3n, misterio, documental, thriller, crimen, entre otros.<\/p>\n<p>La secci\u00f3n oficial es Pulsiones, compuesta por t\u00edtulos recientes con temas actuales que generan debate y cuestionamientos, manifestando tambi\u00e9n las realidades que componen el continente europeo; A mil revoluciones se centra en tem\u00e1ticas que empatizan con la poblaci\u00f3n juvenil; Parche Cine busca acercar las narrativas europeas al p\u00fablico general, a las familias y a la gente que busca en el cine un espacio de distracci\u00f3n; Miradas Transnacionales es una de las novedades de esta edici\u00f3n, un espacio que aprovechar\u00e1 la creciente cooperaci\u00f3n entre Europa y Colombia con coproducciones cinematogr\u00e1ficas; la Retrospectiva de Roy Andersson mostrar\u00e1 una amplia perspectiva del cine de uno de los grandes referentes en las expresiones po\u00e9ticas, sarc\u00e1sticas y filos\u00f3ficas del cine sueco; otra de las novedades es la presencia del curador invitado Carlo Chatrian, director art\u00edstico de la Berlinale, quien curar\u00e1 una secci\u00f3n exclusiva con la metodolog\u00eda Carta Blanca; y, por \u00faltimo, la secci\u00f3n En Foco: 30 A\u00f1os que celebrar\u00e1 las tres d\u00e9cadas del Festival, la cual ser\u00e1 curada en parte con la participaci\u00f3n del p\u00fablico, un foco que marca la diferencia con ediciones anteriores pues, en esta ocasi\u00f3n, busca involucrar a sus audiencias m\u00e1s all\u00e1 de ser espectadores.<\/p>\n<p>Nueve ciudades recibir\u00e1n los 30 a\u00f1os de Eurocine<br \/>\nEn Bogot\u00e1, estar\u00e1 presente en la Cinemateca de Bogot\u00e1, la Cinemateca El Tunal, Cineman\u00eda y el Cineclub El Muro \/ Tavola Santa. En espacios comunitarios, se proyectar\u00e1n pel\u00edculas en 16 bibliotecas de la capital, en alianza con la Red Distrital de Bibliotecas P\u00fablicas \u2013 BibloRed: Biblioteca Carlos E. Restrepo, la Biblioteca de la Participaci\u00f3n Ciudadana y, en las bibliotecas El Tunal, Suba, Fontib\u00f3n, Julio Mario Santo Domingo, Arborizadora, La Pe\u00f1a, La FUGA, El Tintal, Sumapaz, El Mirador, Las Ferias, Virgilio Barco y el Centro Felicidad Fontanar del R\u00edo. Y, tambi\u00e9n, habr\u00e1 proyecciones especiales en la C\u00e1rcel Distrital de Varones, con el apoyo de la Secretar\u00eda Distrital de Seguridad, Convivencia y Justicia.<\/p>\n<p>En Medell\u00edn, tendr\u00e1 presencia en el Centro Colombo-Americano y Procinal CC Plaza de las Am\u00e9ricas; Manizales, en Cinespiral; Pereira, en la Alianza Francesa; Cali, en la Cinemateca Museo La Tertulia y la Alianza Francesa; Cartagena, en la Fundaci\u00f3n Casa Cultural Colombo Alemana; Santa Marta, en la Alianza Francesa; Bucaramanga, en la Universidad Aut\u00f3noma de Bucaramanga; y, Barranquilla, en la Alianza Francesa y la Cinemateca del Caribe. Adem\u00e1s, como novedad, el Festival tendr\u00e1 funciones en diferentes municipios de Cundinamarca y en Rinc\u00f3n del Mar, corregimiento del municipio de San Onofre, Sucre.<\/p>\n<p>Pel\u00edculas imperdibles de Eurocine 2024<br \/>\nEste a\u00f1o, Suecia es el pa\u00eds invitado de honor y coincide con la celebraci\u00f3n de los 150 a\u00f1os de relaciones diplom\u00e1ticas entre Suecia y Colombia; contar\u00e1 con nueve pel\u00edculas, entre las que se destacan:<\/p>\n<p>\u25cf Crossing (Pasaje) de Levan Akin, su estreno ser\u00e1 este jueves 9 de mayo, D\u00eda de Europa, en el marco de la inauguraci\u00f3n de Eurocine 2024. Esta cinta muestra una representaci\u00f3n de las vidas y desaf\u00edos de las personas trans en Estambul. Ganadora en la reciente Berlinale del Premio del Jurado Teddy y finalista en el Premio Panorama del P\u00fablico.<br \/>\n\u25cf Tillsammans 99 (Juntos 99), de Lukas Moodyson, es una comedia de situaci\u00f3n sobre la desilusi\u00f3n de la adultez y sobre la fragmentaci\u00f3n de la sociedad despu\u00e9s de la aparici\u00f3n del Internet; el director vuelve a reunir al casting de \u2018Together\u2019 (2001) para revisitar la comuna ficticia Tillsammans y sus miembros, 24 a\u00f1os despu\u00e9s. Estrenada en el Festival Internacional de Cine de Toronto.<\/p>\n<p><strong>Otras pel\u00edculas a destacar son:<\/strong><\/p>\n<p>\u25cf Les Ann\u00e9es Super-8 (Los a\u00f1os de la super-8), Francia. Documental de la reciente ganadora del Premio Nobel de Literatura Annie Ernaux &amp; David Ernaux-Briot; se estren\u00f3 en la Quinzaine des R\u00e9alisateurs 2022 de Cannes y compiti\u00f3 por el Premio al &#8216;Ojo Dorado&#8217;. Nominada en el S\u00e3o Paulo International Film Festival 2022 y Premios C\u00e9sar 2023.<br \/>\n\u25cf Il Boemo (El Bohemio), Rep\u00fablica Checa. Biopic y drama musical checo ganador de la Concha de Oro a Mejor Pel\u00edcula en el Festival Internacional de Cine de San Sebasti\u00e1n 2022 y ganadora de cinco categor\u00edas en los Premios Le\u00f3n Checo 2022.<br \/>\n\u25cf In the Shadow of Beirut (A la sombra de Beirut), Irlanda. Nominada en los Premios del C\u00edrculo de Cr\u00edticos de Cine de Dubl\u00edn 2023, Premios Cine por la Paz 2024 y Premios de cine y televisi\u00f3n irlandeses 2024. La funci\u00f3n en la Cinemateca contar\u00e1 con la participaci\u00f3n del director Stephen Gerard Kelly en un Q&amp;A.<br \/>\n\u25cf Karaokeparatiisi (Para\u00edso del karaoke), Finlandia. Estrenada en CPH-DOX y ganadora del Premio Jussy de la Academia del Cine Finlandesa a Mejor documental. Una celebraci\u00f3n de la cultura y el paisaje finland\u00e9s, un retrato aut\u00e9ntico y humano de su gente, con un contundente mensaje: dejar brillar nuestra propia luz interior.<br \/>\nDe la secci\u00f3n A mil revoluciones:<br \/>\n\u25cf Foudre (Trueno), Suiza. \u00d3pera prima estrenada en la secci\u00f3n de \u2018Nuevos directores\u2019 en el Festival Internacional de Cine de San Sebasti\u00e1n. La pel\u00edcula se ha estrenado en m\u00e1s de una docena de festivales de todo el mundo, con una visi\u00f3n feminista y provocadora. Su directora, Carmen Jaquier, fue reconocida como &#8216;Talento Emergente&#8217; en los Premios Women in Motion en Cannes 2023.<br \/>\n\u25cf Sonne und Beton (Con los pies en la tierra), Alemania. Estrenada en el Festival Internacional de Cine de Berl\u00edn &#8211; Berlinale 2023, ganadora en los Premios de Cine de Baviera y los Premios de la Asociaci\u00f3n de Cr\u00edticos de Cine Alem\u00e1n, y nominada en los Premios de Cine Alem\u00e1n.<br \/>\n\u25cf Les Pires (Los peores), Francia. Ganadora del Premio \u2018Un Certain Regard\u2019 en Cannes. Una \u00f3pera prima de las directoras Lise Akoka y Romane Gueret que se ha destacado en festivales como BFI, TIFF, Cork International Film Festival y Festival du Nouveau Cin\u00e9ma. Elogiada por su enfoque aut\u00e9ntico sobre la juventud.<br \/>\n\u25cf Comedy Queen (Peque\u00f1a reina), Suecia. Ganadora del Oso de Cristal a Mejor Pel\u00edcula en la secci\u00f3n Generation Kplus, y nominada al Young Audience Award de los Premios de la Academia de Cine Europea. Una comedia tierna y conmovedora de la directora sueca Sanna Lenken, aborda el proceso de duelo y la b\u00fasqueda de identidad desde la perspectiva de una adolescente.<br \/>\nDe la secci\u00f3n Parche cine:<br \/>\n\u25cf L\u2019\u00e9toile Filante (La estrella fugaz), B\u00e9lgica. Comedia de cine negro. Inaugur\u00f3 la secci\u00f3n Piazza Grande del Festival Internacional de Cine de Locarno 2023, cautivando a m\u00e1s de ocho mil espectadores. Una pel\u00edcula en blanco y negro con colores que narra una historia de huida, venganza y confusi\u00f3n, po\u00e9tica y burlesca.<br \/>\nDe la secci\u00f3n Miradas transnacionales:<br \/>\n\u25cf Adieu Sauvage (Adi\u00f3s Salvaje), B\u00e9lgica-Colombia. \u00d3pera prima que narra una aventura sobre b\u00fasqueda de identidad en las ra\u00edces ind\u00edgenas del director colombiano Sergio Guataquira. Fue estrenada en Cin\u00e9ma du R\u00e9el y premiada con el Library Award, ganadora a Mejor documental en los Magritte Awards 2024 y Ann Arbor Film Festival 2023.<br \/>\nDe la secci\u00f3n de Carlo Chatrian, curador invitado:<br \/>\n\u25cf El Esp\u00edritu de la Colmena (1973), Espa\u00f1a. Ganadora del premio Concha de Oro a Mejor Pel\u00edcula en el Festival Internacional de Cine de San Sebasti\u00e1n 1973, nominada a mejor pel\u00edcula en el Festival Internacional de Cine Chicago 1973 y premio a Mejor Actriz y Mejor Director en los Premios ACE 1977.<br \/>\n\u25cf De Weg Naar Het Zuiden (Hacia el sur) (1981), Pa\u00edses Bajos. Retrato de la inmigraci\u00f3n interior y exterior, de la humanidad excluida y abandonada en los m\u00e1rgenes. Un fascinante cuaderno de bit\u00e1cora compuesto por la l\u00facida mirada del cineasta-viajero Johan van der Keuken.<br \/>\nEventos especiales para seguir inspirando las generaciones<br \/>\nAdem\u00e1s de las proyecciones de pel\u00edculas, esta celebraci\u00f3n de los 30 a\u00f1os de trayectoria del Festival contar\u00e1 con una serie de eventos especiales:<\/p>\n<p><strong>Laboratorio de Curadur\u00eda con Carlo Chatrian<\/strong><br \/>\nPor primera vez, Eurocine realizar\u00e1 un Laboratorio de Curadur\u00eda, el cual ser\u00e1 impartido por Carlo Chatrian, periodista, escritor y curador de festivales como el prestigioso Festival Internacional de Cine de Berl\u00edn, junto a Mar\u00eda Paula Lorgia, destacada curadora colombiana y asesora curatorial de Eurocine en su edici\u00f3n No. 30. Este espacio, que se llevar\u00e1 a cabo el 10 y 11 de mayo en la Cinemateca de Bogot\u00e1, proporcionar\u00e1 una experiencia de formaci\u00f3n especializada a un grupo selecto de participantes. El m\u00e9todo del taller se basa en ejercicios pr\u00e1cticos de mesa redonda en los que el curador compartir\u00e1 sus m\u00e9todos y experiencias, guiando a los asistentes para que desarrollen una curadur\u00eda con la posibilidad de ser programada en la edici\u00f3n 31 del 2025 de Eurocine.<\/p>\n<p>La convocatoria para hacer parte de este laboratorio ser\u00e1 del 11 al 30 de abril, a trav\u00e9s de la p\u00e1gina del Festival www.festivaleurocine.com, en donde se solicitar\u00e1 a los interesados diligenciar un formulario con su perfil y una propuesta completa de curadur\u00eda para el festival, que demuestre su inter\u00e9s en estos procesos y programaci\u00f3n de cine en festivales.<\/p>\n<p><strong>Charla magistral con Carlo Chatrian, entrada libre<\/strong><br \/>\nCon el objetivo de promover la curadur\u00eda como un oficio dentro de la profesi\u00f3n del cine en<br \/>\nColombia, Eurocine ofrecer\u00e1 dos charlas magistrales en la Universidad Jorge Tadeo Lozano, el 10 y 11 de mayo, con acceso libre hasta completar el aforo. El curador del Festival de la Berlinale, Carlo Chatrian, invitado especial de Eurocine, estar\u00e1 acompa\u00f1ado de Mar\u00eda Paula Lorgia, asesora de curadur\u00eda de Eurocine 2024, quienes conversar\u00e1n sobre su oficio, sus experiencias y desaf\u00edos.<\/p>\n<p><strong>Conversatorio y taller con el director y fot\u00f3grafo irland\u00e9s Stephen Gerard Kelly<\/strong><br \/>\nCon el auspicio de la Embajada de Irlanda, hace presencia el fot\u00f3grafo, director de fotograf\u00eda y director Stephen Gerard Kelly con su primer largometraje documental \u2018In The Shadow of Beirut\u2019, el cual hace parte de la secci\u00f3n oficial de Eurocine. Despu\u00e9s de la proyecci\u00f3n de su obra en la Cinemateca de Bogot\u00e1, se llevar\u00e1 a cabo un encuentro en el que la audiencia podr\u00e1 participar de una sesi\u00f3n de preguntas y respuestas con el director.<\/p>\n<p><strong>Fiesta de los 30 a\u00f1os de Eurocine en ODEM<\/strong><br \/>\nLa celebraci\u00f3n de los 30 a\u00f1os se perfila como la principal protagonista de este a\u00f1o, esto incluye una fiesta que tendr\u00e1 lugar el 10 de mayo en uno de los bares m\u00e1s emblem\u00e1ticos y de moda de Bogot\u00e1: ODEM. Gracias a la alianza entre Eurocine y ODEM, el p\u00fablico del Festival podr\u00e1 vivir una experiencia diferente y demostrar su fidelidad e inter\u00e9s por el cine independiente y por Eurocine. Quienes deseen asistir a este evento podr\u00e1n adquirir sus entradas directamente en ODEM, o pueden participar por cortes\u00edas a trav\u00e9s de las redes sociales y medios de comunicaci\u00f3n.<\/p>\n<p><strong>Imagen oficial de los 30 a\u00f1os del Festival Eurocine<\/strong><\/p>\n<p>En alianza con la Universidad Jorge Tadeo Lozano, se llev\u00f3 a cabo la elaboraci\u00f3n del afiche oficial de la edici\u00f3n 30 de Eurocine, con el apoyo de las estudiantes de sexto semestre de dise\u00f1o gr\u00e1fico, Laura Agudelo, Mar\u00eda Fernanda Romero y Sof\u00eda Ceballos. Durante su experiencia creando esta imagen, comentaron que su inspiraci\u00f3n naci\u00f3 de un proceso creativo con tres puntos de vista diferentes para representar a Eurocine no solo como un festival sino como un generador de nuevos ecosistemas, explorando un estilo que despertara el inter\u00e9s, la sensibilidad y el viaje a trav\u00e9s de la imagen y el territorio.<\/p>\n<p>El estilo gr\u00e1fico de la imagen de este a\u00f1o es el collage y, dentro de este mundo, hay tanto procesos an\u00e1logos experimentales, como la cianotipia, y procesos e intervenciones digitales. Las tres dise\u00f1adoras se permitieron experimentar, sentir y construir desde lo an\u00e1logo, desde el rasgar y pegar, para crear un universo que refleja la historia que ha construido Eurocine durante estos 30 a\u00f1os.<\/p>\n<p><strong>Eurocine 30 a\u00f1os, inspirando generaciones<\/strong><\/p>\n<p>En este aniversario, el Festival celebra un inventario hist\u00f3rico de m\u00e1s de 700 t\u00edtulos exhibidos, con eventos memorables realizados en m\u00e1s de 18 ciudades de Colombia, incluyendo exhibiciones en c\u00e1rceles, bibliotecas p\u00fablicas, cineclubes y salas de cine comunitario. La diversidad de t\u00edtulos abarca desde producciones documentales, dramas, aventuras y filmes familiares hasta pel\u00edculas de horror, suspenso, romance e hist\u00f3ricas, entre otros g\u00e9neros.<\/p>\n<p>La edici\u00f3n 30 de Eurocine se realiza en cooperaci\u00f3n con la Delegaci\u00f3n de la Uni\u00f3n Europea, la Embajada de Suecia, la Embajada de B\u00e9lgica, la Embajada de Dinamarca, la Embajada de Espa\u00f1a, la Embajada de Finlandia, la Embajada de Francia, la Embajada de Hungr\u00eda, la Embajada de Irlanda, la Embajada del Reino de los Pa\u00edses Bajos, la Embajada de Polonia, la Embajada de Portugal, la Embajada de la Rep\u00fablica Checa, la Embajada de Suiza, el Fondo Cultural Suizo y el Goethe-Institut Colombia; en alianza con Agencia Social, la Alianza Francesa, Biblored, Cineuropa, la Cinemateca de Bogot\u00e1, Embassy Suites, el Instituto Distrital de Turismo, Mei Lab, ODEM y la Universidad Jorge Tadeo Lozano; con el apoyo del Institut Fran\u00e7ais, el Instituto F\u00edlmico Sueco, el Instituto Sueco y Wallonie Bruxelles International.<\/p>\n<hr \/>\n<p>Eurocine fue creado en 1994 como un espacio alterno de exhibici\u00f3n de pel\u00edculas de Europa, cuyas im\u00e1genes representativas de la cultura y los ideales, servir\u00edan como punto de encuentro del p\u00fablico colombiano con la idiosincrasia de los diferentes pa\u00edses que hacen parte del continente europeo.<\/p>\n<hr \/>\n<p style=\"text-align: right;\">\nFuente: www.festivaleurocine.com<\/p>\n<div class=\"pvc_clear\"><\/div>\n<p id=\"pvc_stats_10929\" class=\"pvc_stats all  \" data-element-id=\"10929\" style=\"\"><i class=\"pvc-stats-icon large\" aria-hidden=\"true\"><svg aria-hidden=\"true\" focusable=\"false\" data-prefix=\"far\" data-icon=\"chart-bar\" role=\"img\" xmlns=\"http:\/\/www.w3.org\/2000\/svg\" viewBox=\"0 0 512 512\" class=\"svg-inline--fa fa-chart-bar fa-w-16 fa-2x\"><path fill=\"currentColor\" d=\"M396.8 352h22.4c6.4 0 12.8-6.4 12.8-12.8V108.8c0-6.4-6.4-12.8-12.8-12.8h-22.4c-6.4 0-12.8 6.4-12.8 12.8v230.4c0 6.4 6.4 12.8 12.8 12.8zm-192 0h22.4c6.4 0 12.8-6.4 12.8-12.8V140.8c0-6.4-6.4-12.8-12.8-12.8h-22.4c-6.4 0-12.8 6.4-12.8 12.8v198.4c0 6.4 6.4 12.8 12.8 12.8zm96 0h22.4c6.4 0 12.8-6.4 12.8-12.8V204.8c0-6.4-6.4-12.8-12.8-12.8h-22.4c-6.4 0-12.8 6.4-12.8 12.8v134.4c0 6.4 6.4 12.8 12.8 12.8zM496 400H48V80c0-8.84-7.16-16-16-16H16C7.16 64 0 71.16 0 80v336c0 17.67 14.33 32 32 32h464c8.84 0 16-7.16 16-16v-16c0-8.84-7.16-16-16-16zm-387.2-48h22.4c6.4 0 12.8-6.4 12.8-12.8v-70.4c0-6.4-6.4-12.8-12.8-12.8h-22.4c-6.4 0-12.8 6.4-12.8 12.8v70.4c0 6.4 6.4 12.8 12.8 12.8z\" class=\"\"><\/path><\/svg><\/i> <img decoding=\"async\" width=\"16\" height=\"16\" alt=\"Loading\" src=\"https:\/\/www.periodicolapislazuli.com\/noticias\/wp-content\/plugins\/page-views-count\/ajax-loader-2x.gif\" border=0 \/><\/p>\n<div class=\"pvc_clear\"><\/div>\n        <div class=\"booster-block booster-reactions-block\">\n            <div class=\"twp-reactions-icons\">\n                \n                <div class=\"twp-reacts-wrap\">\n                    <a react-data=\"be-react-1\" post-id=\"10929\" class=\"be-face-icons un-reacted\" href=\"javascript:void(0)\">\n                        <img decoding=\"async\" src=\"https:\/\/www.periodicolapislazuli.com\/noticias\/wp-content\/plugins\/booster-extension\/\/assets\/icon\/happy.svg\" alt=\"Happy\">\n                    <\/a>\n                    <div class=\"twp-reaction-title\">\n                        Happy                    <\/div>\n                    <div class=\"twp-count-percent\">\n                                                    <span style=\"display: none;\" class=\"twp-react-count\">0<\/span>\n                        \n                                                <span class=\"twp-react-percent\"><span>0<\/span> %<\/span>\n                                            <\/div>\n                <\/div>\n\n                <div class=\"twp-reacts-wrap\">\n                    <a react-data=\"be-react-2\" post-id=\"10929\" class=\"be-face-icons un-reacted\" href=\"javascript:void(0)\">\n                        <img decoding=\"async\" src=\"https:\/\/www.periodicolapislazuli.com\/noticias\/wp-content\/plugins\/booster-extension\/\/assets\/icon\/sad.svg\" alt=\"Sad\">\n                    <\/a>\n                    <div class=\"twp-reaction-title\">\n                        Sad                    <\/div>\n                    <div class=\"twp-count-percent\">\n                                                    <span style=\"display: none;\" class=\"twp-react-count\">0<\/span>\n                                                                        <span class=\"twp-react-percent\"><span>0<\/span> %<\/span>\n                                            <\/div>\n                <\/div>\n\n                <div class=\"twp-reacts-wrap\">\n                    <a react-data=\"be-react-3\" post-id=\"10929\" class=\"be-face-icons un-reacted\" href=\"javascript:void(0)\">\n                        <img decoding=\"async\" src=\"https:\/\/www.periodicolapislazuli.com\/noticias\/wp-content\/plugins\/booster-extension\/\/assets\/icon\/excited.svg\" alt=\"Excited\">\n                    <\/a>\n                    <div class=\"twp-reaction-title\">\n                        Excited                    <\/div>\n                    <div class=\"twp-count-percent\">\n                                                    <span style=\"display: none;\" class=\"twp-react-count\">0<\/span>\n                                                                        <span class=\"twp-react-percent\"><span>0<\/span> %<\/span>\n                                            <\/div>\n                <\/div>\n\n                <div class=\"twp-reacts-wrap\">\n                    <a react-data=\"be-react-6\" post-id=\"10929\" class=\"be-face-icons un-reacted\" href=\"javascript:void(0)\">\n                        <img decoding=\"async\" src=\"https:\/\/www.periodicolapislazuli.com\/noticias\/wp-content\/plugins\/booster-extension\/\/assets\/icon\/sleepy.svg\" alt=\"Sleepy\">\n                    <\/a>\n                    <div class=\"twp-reaction-title\">\n                        Sleepy                    <\/div>\n                    <div class=\"twp-count-percent\">\n                                                    <span style=\"display: none;\" class=\"twp-react-count\">0<\/span>\n                        \n                                                <span class=\"twp-react-percent\"><span>0<\/span> %<\/span>\n                                            <\/div>\n                <\/div>\n\n                <div class=\"twp-reacts-wrap\">\n                    <a react-data=\"be-react-4\" post-id=\"10929\" class=\"be-face-icons un-reacted\" href=\"javascript:void(0)\">\n                        <img decoding=\"async\" src=\"https:\/\/www.periodicolapislazuli.com\/noticias\/wp-content\/plugins\/booster-extension\/\/assets\/icon\/angry.svg\" alt=\"Angry\">\n                    <\/a>\n                    <div class=\"twp-reaction-title\">Angry<\/div>\n                    <div class=\"twp-count-percent\">\n                                                    <span style=\"display: none;\" class=\"twp-react-count\">0<\/span>\n                                                                        <span class=\"twp-react-percent\"><span>0<\/span> %<\/span>\n                        \n                    <\/div>\n                <\/div>\n\n                <div class=\"twp-reacts-wrap\">\n                    <a react-data=\"be-react-5\" post-id=\"10929\" class=\"be-face-icons un-reacted\" href=\"javascript:void(0)\">\n                        <img decoding=\"async\" src=\"https:\/\/www.periodicolapislazuli.com\/noticias\/wp-content\/plugins\/booster-extension\/\/assets\/icon\/surprise.svg\" alt=\"Surprise\">\n                    <\/a>\n                    <div class=\"twp-reaction-title\">Surprise<\/div>\n                    <div class=\"twp-count-percent\">\n                                                    <span style=\"display: none;\" class=\"twp-react-count\">0<\/span>\n                                                                        <span class=\"twp-react-percent\"><span>0<\/span> %<\/span>\n                                            <\/div>\n                <\/div>\n\n            <\/div>\n        <\/div>\n\n    ","protected":false},"excerpt":{"rendered":"<p>En esta nueva edici\u00f3n el Festival contar\u00e1 con una programaci\u00f3n diversa para todos los gustos y generaciones, compuesta<\/p>\n<div class=\"pvc_clear\"><\/div>\n<p id=\"pvc_stats_10929\" class=\"pvc_stats all  \" data-element-id=\"10929\" style=\"\"><i class=\"pvc-stats-icon large\" aria-hidden=\"true\"><svg aria-hidden=\"true\" focusable=\"false\" data-prefix=\"far\" data-icon=\"chart-bar\" role=\"img\" xmlns=\"http:\/\/www.w3.org\/2000\/svg\" viewBox=\"0 0 512 512\" class=\"svg-inline--fa fa-chart-bar fa-w-16 fa-2x\"><path fill=\"currentColor\" d=\"M396.8 352h22.4c6.4 0 12.8-6.4 12.8-12.8V108.8c0-6.4-6.4-12.8-12.8-12.8h-22.4c-6.4 0-12.8 6.4-12.8 12.8v230.4c0 6.4 6.4 12.8 12.8 12.8zm-192 0h22.4c6.4 0 12.8-6.4 12.8-12.8V140.8c0-6.4-6.4-12.8-12.8-12.8h-22.4c-6.4 0-12.8 6.4-12.8 12.8v198.4c0 6.4 6.4 12.8 12.8 12.8zm96 0h22.4c6.4 0 12.8-6.4 12.8-12.8V204.8c0-6.4-6.4-12.8-12.8-12.8h-22.4c-6.4 0-12.8 6.4-12.8 12.8v134.4c0 6.4 6.4 12.8 12.8 12.8zM496 400H48V80c0-8.84-7.16-16-16-16H16C7.16 64 0 71.16 0 80v336c0 17.67 14.33 32 32 32h464c8.84 0 16-7.16 16-16v-16c0-8.84-7.16-16-16-16zm-387.2-48h22.4c6.4 0 12.8-6.4 12.8-12.8v-70.4c0-6.4-6.4-12.8-12.8-12.8h-22.4c-6.4 0-12.8 6.4-12.8 12.8v70.4c0 6.4 6.4 12.8 12.8 12.8z\" class=\"\"><\/path><\/svg><\/i> <img decoding=\"async\" width=\"16\" height=\"16\" alt=\"Loading\" src=\"https:\/\/www.periodicolapislazuli.com\/noticias\/wp-content\/plugins\/page-views-count\/ajax-loader-2x.gif\" border=0 \/><\/p>\n<div class=\"pvc_clear\"><\/div>\n","protected":false},"author":3,"featured_media":10930,"comment_status":"closed","ping_status":"open","sticky":false,"template":"","format":"standard","meta":{"om_disable_all_campaigns":false,"pagelayer_contact_templates":[],"_pagelayer_content":"","_monsterinsights_skip_tracking":false,"_monsterinsights_sitenote_active":false,"_monsterinsights_sitenote_note":"","_monsterinsights_sitenote_category":0,"footnotes":""},"categories":[24],"tags":[],"class_list":["post-10929","post","type-post","status-publish","format-standard","has-post-thumbnail","hentry","category-cine"],"a3_pvc":{"activated":true,"total_views":87,"today_views":0},"jetpack_featured_media_url":"https:\/\/www.periodicolapislazuli.com\/noticias\/wp-content\/uploads\/2024\/04\/Cine-mv2.jpg","_links":{"self":[{"href":"https:\/\/www.periodicolapislazuli.com\/noticias\/wp-json\/wp\/v2\/posts\/10929","targetHints":{"allow":["GET"]}}],"collection":[{"href":"https:\/\/www.periodicolapislazuli.com\/noticias\/wp-json\/wp\/v2\/posts"}],"about":[{"href":"https:\/\/www.periodicolapislazuli.com\/noticias\/wp-json\/wp\/v2\/types\/post"}],"author":[{"embeddable":true,"href":"https:\/\/www.periodicolapislazuli.com\/noticias\/wp-json\/wp\/v2\/users\/3"}],"replies":[{"embeddable":true,"href":"https:\/\/www.periodicolapislazuli.com\/noticias\/wp-json\/wp\/v2\/comments?post=10929"}],"version-history":[{"count":2,"href":"https:\/\/www.periodicolapislazuli.com\/noticias\/wp-json\/wp\/v2\/posts\/10929\/revisions"}],"predecessor-version":[{"id":10932,"href":"https:\/\/www.periodicolapislazuli.com\/noticias\/wp-json\/wp\/v2\/posts\/10929\/revisions\/10932"}],"wp:featuredmedia":[{"embeddable":true,"href":"https:\/\/www.periodicolapislazuli.com\/noticias\/wp-json\/wp\/v2\/media\/10930"}],"wp:attachment":[{"href":"https:\/\/www.periodicolapislazuli.com\/noticias\/wp-json\/wp\/v2\/media?parent=10929"}],"wp:term":[{"taxonomy":"category","embeddable":true,"href":"https:\/\/www.periodicolapislazuli.com\/noticias\/wp-json\/wp\/v2\/categories?post=10929"},{"taxonomy":"post_tag","embeddable":true,"href":"https:\/\/www.periodicolapislazuli.com\/noticias\/wp-json\/wp\/v2\/tags?post=10929"}],"curies":[{"name":"wp","href":"https:\/\/api.w.org\/{rel}","templated":true}]}}