{"id":10899,"date":"2024-04-17T15:39:23","date_gmt":"2024-04-17T15:39:23","guid":{"rendered":"https:\/\/www.periodicolapislazuli.com\/noticias\/?p=10899"},"modified":"2024-04-17T15:39:23","modified_gmt":"2024-04-17T15:39:23","slug":"noticias-idartes-abre-la-cinemateca-de-bogota-en-fontanar-del-rio","status":"publish","type":"post","link":"https:\/\/www.periodicolapislazuli.com\/noticias\/noticias-idartes-abre-la-cinemateca-de-bogota-en-fontanar-del-rio\/","title":{"rendered":"[Noticias] Idartes abre la Cinemateca de Bogot\u00e1 en Fontanar del R\u00edo"},"content":{"rendered":"<div class='booster-block booster-read-block'>\n                <div class=\"twp-read-time\">\n                \t<i class=\"booster-icon twp-clock\"><\/i> <span>Read Time:<\/span>2 Minute, 17 Second                <\/div>\n\n            <\/div><figure id=\"attachment_10900\" aria-describedby=\"caption-attachment-10900\" style=\"width: 1140px\" class=\"wp-caption aligncenter\"><img fetchpriority=\"high\" decoding=\"async\" class=\"wp-image-10900 size-full\" src=\"https:\/\/www.periodicolapislazuli.com\/noticias\/wp-content\/uploads\/2024\/04\/fontanar-rio.jpeg\" alt=\"\" width=\"1140\" height=\"411\" srcset=\"https:\/\/www.periodicolapislazuli.com\/noticias\/wp-content\/uploads\/2024\/04\/fontanar-rio.jpeg 1140w, https:\/\/www.periodicolapislazuli.com\/noticias\/wp-content\/uploads\/2024\/04\/fontanar-rio-780x281.jpeg 780w, https:\/\/www.periodicolapislazuli.com\/noticias\/wp-content\/uploads\/2024\/04\/fontanar-rio-768x277.jpeg 768w\" sizes=\"(max-width: 1140px) 100vw, 1140px\" \/><figcaption id=\"caption-attachment-10900\" class=\"wp-caption-text\">Con capacidad para 96 personas, esta sala contar\u00e1 con una programaci\u00f3n, festivales y muestras propias de la Cinemateca de Bogot\u00e1.<\/figcaption><\/figure>\n<p>&nbsp;<\/p>\n<p>El <strong>Instituto Distrital de las Artes &#8211; Idartes <\/strong>contin\u00faa con su labor de fortalecer el acceso a las artes audiovisuales en la ciudad. Para ello, <strong>este viernes 12 de abril se realizar\u00e1 la apertura de la Cinemateca de Bogot\u00e1 Fontanar del R\u00edo en Suba, <\/strong>cuya sala tendr\u00e1\u00a0 capacidad para 96 personas y cuatro espacios para aquellos con movilidad reducida. Contar\u00e1, adem\u00e1s, con una programaci\u00f3n diversa y de calidad con funciones entre los d\u00edas viernes, s\u00e1bados y domingos a las 2:00 p.m. y a las 4:00 p.m. con entrada libre.<\/p>\n<p>Esta nueva sala de cine, que estar\u00e1 ubicada en el Centro de Felicidad CEFE Fontanar del R\u00edo, tiene como prop\u00f3sito descentralizar y ampliar el circuito de circulaci\u00f3n de obras audiovisuales a trav\u00e9s de estrenos, franjas,\u00a0 festivales y muestras. De igual forma, se buscar\u00e1 propiciar encuentros ciudadanos alrededor de las artes audiovisuales y se promover\u00e1 la formaci\u00f3n de p\u00fablicos por medio de mediaciones y talleres para la apropiaci\u00f3n del cine y el audiovisual.<\/p>\n<p>De acuerdo con Ricardo Cantor, gerente de Artes Audiovisuales del Idartes, \u201c<em>la Cinemateca de Bogot\u00e1 Fontanar del R\u00edo es la posibilidad de seguir consolidando una red de espacios descentralizados que ampl\u00edan la oferta de programaci\u00f3n de la Cinemateca de Bogot\u00e1 hacia diferentes y diversos territorios de la ciudad, de modo que los bogotanos y las bogotanas tengan mayor acceso a programaci\u00f3n audiovisual de calidad de diferentes lugares del mundo, producci\u00f3n local, nacional e internacional<\/em>\u201d.<\/p>\n<p>Es as\u00ed como <strong>este proyecto<\/strong>, que <strong>es uno de los logros que tiene el Idartes en estos primeros 100 d\u00edas de administraci\u00f3n y que inicia labores en el marco del cumplea\u00f1os 53 de la Cinemateca de Bogot\u00e1<\/strong>, se enmarca en el objetivo 2 del Plan Distrital de Desarrollo que tiene como prop\u00f3sito \u201cque Bogot\u00e1 conf\u00ede en su capacidad para garantizar el bienestar de sus habitantes\u201d. Es por ello que por medio de esta Cinemateca se impulsar\u00e1 el acceso equitativo y de calidad a grandes producciones audiovisuales, lo que permitir\u00e1 contribuir al bienestar de las comunidades y que \u00e9stas ejerzan sus derechos culturales con igualdad de oportunidades.<\/p>\n<p>As\u00ed las cosas, la sala presentar\u00e1 los ciclos propios de la Cinemateca de Bogot\u00e1: Horizontes, Ciclo Rosa, Que Haiga Paz, Cita con el Cine Latinoamericano-CICLA y la Muestra Afro. Adem\u00e1s, all\u00ed se llevar\u00e1n a cabo los festivales y muestras que se programan habitualmente.<\/p>\n<p>Habr\u00e1 estrenos y cat\u00e1logo de distribuidoras colombianas, cat\u00e1logos de instituciones de cooperaci\u00f3n cultural, semanas de cine de pa\u00edses en alianza con embajadas y su programaci\u00f3n se desarrollar\u00e1 en las franjas Infantil, Local, Memoria y Franja Vive La Cinemateca.<\/p>\n<p>&nbsp;<\/p>\n<div class=\"pvc_clear\"><\/div>\n<p id=\"pvc_stats_10899\" class=\"pvc_stats all  \" data-element-id=\"10899\" style=\"\"><i class=\"pvc-stats-icon large\" aria-hidden=\"true\"><svg aria-hidden=\"true\" focusable=\"false\" data-prefix=\"far\" data-icon=\"chart-bar\" role=\"img\" xmlns=\"http:\/\/www.w3.org\/2000\/svg\" viewBox=\"0 0 512 512\" class=\"svg-inline--fa fa-chart-bar fa-w-16 fa-2x\"><path fill=\"currentColor\" d=\"M396.8 352h22.4c6.4 0 12.8-6.4 12.8-12.8V108.8c0-6.4-6.4-12.8-12.8-12.8h-22.4c-6.4 0-12.8 6.4-12.8 12.8v230.4c0 6.4 6.4 12.8 12.8 12.8zm-192 0h22.4c6.4 0 12.8-6.4 12.8-12.8V140.8c0-6.4-6.4-12.8-12.8-12.8h-22.4c-6.4 0-12.8 6.4-12.8 12.8v198.4c0 6.4 6.4 12.8 12.8 12.8zm96 0h22.4c6.4 0 12.8-6.4 12.8-12.8V204.8c0-6.4-6.4-12.8-12.8-12.8h-22.4c-6.4 0-12.8 6.4-12.8 12.8v134.4c0 6.4 6.4 12.8 12.8 12.8zM496 400H48V80c0-8.84-7.16-16-16-16H16C7.16 64 0 71.16 0 80v336c0 17.67 14.33 32 32 32h464c8.84 0 16-7.16 16-16v-16c0-8.84-7.16-16-16-16zm-387.2-48h22.4c6.4 0 12.8-6.4 12.8-12.8v-70.4c0-6.4-6.4-12.8-12.8-12.8h-22.4c-6.4 0-12.8 6.4-12.8 12.8v70.4c0 6.4 6.4 12.8 12.8 12.8z\" class=\"\"><\/path><\/svg><\/i> <img decoding=\"async\" width=\"16\" height=\"16\" alt=\"Loading\" src=\"https:\/\/www.periodicolapislazuli.com\/noticias\/wp-content\/plugins\/page-views-count\/ajax-loader-2x.gif\" border=0 \/><\/p>\n<div class=\"pvc_clear\"><\/div>\n        <div class=\"booster-block booster-reactions-block\">\n            <div class=\"twp-reactions-icons\">\n                \n                <div class=\"twp-reacts-wrap\">\n                    <a react-data=\"be-react-1\" post-id=\"10899\" class=\"be-face-icons un-reacted\" href=\"javascript:void(0)\">\n                        <img decoding=\"async\" src=\"https:\/\/www.periodicolapislazuli.com\/noticias\/wp-content\/plugins\/booster-extension\/\/assets\/icon\/happy.svg\" alt=\"Happy\">\n                    <\/a>\n                    <div class=\"twp-reaction-title\">\n                        Happy                    <\/div>\n                    <div class=\"twp-count-percent\">\n                                                    <span style=\"display: none;\" class=\"twp-react-count\">0<\/span>\n                        \n                                                <span class=\"twp-react-percent\"><span>0<\/span> %<\/span>\n                                            <\/div>\n                <\/div>\n\n                <div class=\"twp-reacts-wrap\">\n                    <a react-data=\"be-react-2\" post-id=\"10899\" class=\"be-face-icons un-reacted\" href=\"javascript:void(0)\">\n                        <img decoding=\"async\" src=\"https:\/\/www.periodicolapislazuli.com\/noticias\/wp-content\/plugins\/booster-extension\/\/assets\/icon\/sad.svg\" alt=\"Sad\">\n                    <\/a>\n                    <div class=\"twp-reaction-title\">\n                        Sad                    <\/div>\n                    <div class=\"twp-count-percent\">\n                                                    <span style=\"display: none;\" class=\"twp-react-count\">0<\/span>\n                                                                        <span class=\"twp-react-percent\"><span>0<\/span> %<\/span>\n                                            <\/div>\n                <\/div>\n\n                <div class=\"twp-reacts-wrap\">\n                    <a react-data=\"be-react-3\" post-id=\"10899\" class=\"be-face-icons un-reacted\" href=\"javascript:void(0)\">\n                        <img decoding=\"async\" src=\"https:\/\/www.periodicolapislazuli.com\/noticias\/wp-content\/plugins\/booster-extension\/\/assets\/icon\/excited.svg\" alt=\"Excited\">\n                    <\/a>\n                    <div class=\"twp-reaction-title\">\n                        Excited                    <\/div>\n                    <div class=\"twp-count-percent\">\n                                                    <span style=\"display: none;\" class=\"twp-react-count\">0<\/span>\n                                                                        <span class=\"twp-react-percent\"><span>0<\/span> %<\/span>\n                                            <\/div>\n                <\/div>\n\n                <div class=\"twp-reacts-wrap\">\n                    <a react-data=\"be-react-6\" post-id=\"10899\" class=\"be-face-icons un-reacted\" href=\"javascript:void(0)\">\n                        <img decoding=\"async\" src=\"https:\/\/www.periodicolapislazuli.com\/noticias\/wp-content\/plugins\/booster-extension\/\/assets\/icon\/sleepy.svg\" alt=\"Sleepy\">\n                    <\/a>\n                    <div class=\"twp-reaction-title\">\n                        Sleepy                    <\/div>\n                    <div class=\"twp-count-percent\">\n                                                    <span style=\"display: none;\" class=\"twp-react-count\">0<\/span>\n                        \n                                                <span class=\"twp-react-percent\"><span>0<\/span> %<\/span>\n                                            <\/div>\n                <\/div>\n\n                <div class=\"twp-reacts-wrap\">\n                    <a react-data=\"be-react-4\" post-id=\"10899\" class=\"be-face-icons un-reacted\" href=\"javascript:void(0)\">\n                        <img decoding=\"async\" src=\"https:\/\/www.periodicolapislazuli.com\/noticias\/wp-content\/plugins\/booster-extension\/\/assets\/icon\/angry.svg\" alt=\"Angry\">\n                    <\/a>\n                    <div class=\"twp-reaction-title\">Angry<\/div>\n                    <div class=\"twp-count-percent\">\n                                                    <span style=\"display: none;\" class=\"twp-react-count\">0<\/span>\n                                                                        <span class=\"twp-react-percent\"><span>0<\/span> %<\/span>\n                        \n                    <\/div>\n                <\/div>\n\n                <div class=\"twp-reacts-wrap\">\n                    <a react-data=\"be-react-5\" post-id=\"10899\" class=\"be-face-icons un-reacted\" href=\"javascript:void(0)\">\n                        <img decoding=\"async\" src=\"https:\/\/www.periodicolapislazuli.com\/noticias\/wp-content\/plugins\/booster-extension\/\/assets\/icon\/surprise.svg\" alt=\"Surprise\">\n                    <\/a>\n                    <div class=\"twp-reaction-title\">Surprise<\/div>\n                    <div class=\"twp-count-percent\">\n                                                    <span style=\"display: none;\" class=\"twp-react-count\">0<\/span>\n                                                                        <span class=\"twp-react-percent\"><span>0<\/span> %<\/span>\n                                            <\/div>\n                <\/div>\n\n            <\/div>\n        <\/div>\n\n    ","protected":false},"excerpt":{"rendered":"<p>&nbsp; El Instituto Distrital de las Artes &#8211; Idartes contin\u00faa con su labor de fortalecer el acceso a<\/p>\n<div class=\"pvc_clear\"><\/div>\n<p id=\"pvc_stats_10899\" class=\"pvc_stats all  \" data-element-id=\"10899\" style=\"\"><i class=\"pvc-stats-icon large\" aria-hidden=\"true\"><svg aria-hidden=\"true\" focusable=\"false\" data-prefix=\"far\" data-icon=\"chart-bar\" role=\"img\" xmlns=\"http:\/\/www.w3.org\/2000\/svg\" viewBox=\"0 0 512 512\" class=\"svg-inline--fa fa-chart-bar fa-w-16 fa-2x\"><path fill=\"currentColor\" d=\"M396.8 352h22.4c6.4 0 12.8-6.4 12.8-12.8V108.8c0-6.4-6.4-12.8-12.8-12.8h-22.4c-6.4 0-12.8 6.4-12.8 12.8v230.4c0 6.4 6.4 12.8 12.8 12.8zm-192 0h22.4c6.4 0 12.8-6.4 12.8-12.8V140.8c0-6.4-6.4-12.8-12.8-12.8h-22.4c-6.4 0-12.8 6.4-12.8 12.8v198.4c0 6.4 6.4 12.8 12.8 12.8zm96 0h22.4c6.4 0 12.8-6.4 12.8-12.8V204.8c0-6.4-6.4-12.8-12.8-12.8h-22.4c-6.4 0-12.8 6.4-12.8 12.8v134.4c0 6.4 6.4 12.8 12.8 12.8zM496 400H48V80c0-8.84-7.16-16-16-16H16C7.16 64 0 71.16 0 80v336c0 17.67 14.33 32 32 32h464c8.84 0 16-7.16 16-16v-16c0-8.84-7.16-16-16-16zm-387.2-48h22.4c6.4 0 12.8-6.4 12.8-12.8v-70.4c0-6.4-6.4-12.8-12.8-12.8h-22.4c-6.4 0-12.8 6.4-12.8 12.8v70.4c0 6.4 6.4 12.8 12.8 12.8z\" class=\"\"><\/path><\/svg><\/i> <img decoding=\"async\" width=\"16\" height=\"16\" alt=\"Loading\" src=\"https:\/\/www.periodicolapislazuli.com\/noticias\/wp-content\/plugins\/page-views-count\/ajax-loader-2x.gif\" border=0 \/><\/p>\n<div class=\"pvc_clear\"><\/div>\n","protected":false},"author":3,"featured_media":10900,"comment_status":"closed","ping_status":"open","sticky":false,"template":"","format":"standard","meta":{"om_disable_all_campaigns":false,"pagelayer_contact_templates":[],"_pagelayer_content":"","_monsterinsights_skip_tracking":false,"_monsterinsights_sitenote_active":false,"_monsterinsights_sitenote_note":"","_monsterinsights_sitenote_category":0,"footnotes":""},"categories":[3,24],"tags":[48,163,1119,3643,182],"class_list":["post-10899","post","type-post","status-publish","format-standard","has-post-thumbnail","hentry","category-actualidad","category-cine","tag-bogota","tag-cine","tag-cinemateca","tag-fontanar-del-rio","tag-idartes"],"a3_pvc":{"activated":true,"total_views":137,"today_views":0},"jetpack_featured_media_url":"https:\/\/www.periodicolapislazuli.com\/noticias\/wp-content\/uploads\/2024\/04\/fontanar-rio.jpeg","_links":{"self":[{"href":"https:\/\/www.periodicolapislazuli.com\/noticias\/wp-json\/wp\/v2\/posts\/10899","targetHints":{"allow":["GET"]}}],"collection":[{"href":"https:\/\/www.periodicolapislazuli.com\/noticias\/wp-json\/wp\/v2\/posts"}],"about":[{"href":"https:\/\/www.periodicolapislazuli.com\/noticias\/wp-json\/wp\/v2\/types\/post"}],"author":[{"embeddable":true,"href":"https:\/\/www.periodicolapislazuli.com\/noticias\/wp-json\/wp\/v2\/users\/3"}],"replies":[{"embeddable":true,"href":"https:\/\/www.periodicolapislazuli.com\/noticias\/wp-json\/wp\/v2\/comments?post=10899"}],"version-history":[{"count":1,"href":"https:\/\/www.periodicolapislazuli.com\/noticias\/wp-json\/wp\/v2\/posts\/10899\/revisions"}],"predecessor-version":[{"id":10901,"href":"https:\/\/www.periodicolapislazuli.com\/noticias\/wp-json\/wp\/v2\/posts\/10899\/revisions\/10901"}],"wp:featuredmedia":[{"embeddable":true,"href":"https:\/\/www.periodicolapislazuli.com\/noticias\/wp-json\/wp\/v2\/media\/10900"}],"wp:attachment":[{"href":"https:\/\/www.periodicolapislazuli.com\/noticias\/wp-json\/wp\/v2\/media?parent=10899"}],"wp:term":[{"taxonomy":"category","embeddable":true,"href":"https:\/\/www.periodicolapislazuli.com\/noticias\/wp-json\/wp\/v2\/categories?post=10899"},{"taxonomy":"post_tag","embeddable":true,"href":"https:\/\/www.periodicolapislazuli.com\/noticias\/wp-json\/wp\/v2\/tags?post=10899"}],"curies":[{"name":"wp","href":"https:\/\/api.w.org\/{rel}","templated":true}]}}