{"id":10848,"date":"2024-04-12T05:01:05","date_gmt":"2024-04-12T05:01:05","guid":{"rendered":"https:\/\/www.periodicolapislazuli.com\/noticias\/?p=10848"},"modified":"2024-04-12T05:01:05","modified_gmt":"2024-04-12T05:01:05","slug":"pazrock-un-espacio-para-cantarle-a-la-vida-y-construir-una-cultura-de-paz","status":"publish","type":"post","link":"https:\/\/www.periodicolapislazuli.com\/noticias\/pazrock-un-espacio-para-cantarle-a-la-vida-y-construir-una-cultura-de-paz\/","title":{"rendered":"PazRock, un espacio para cantarle a la vida y construir una cultura de paz"},"content":{"rendered":"<div class='booster-block booster-read-block'>\n                <div class=\"twp-read-time\">\n                \t<i class=\"booster-icon twp-clock\"><\/i> <span>Read Time:<\/span>2 Minute, 30 Second                <\/div>\n\n            <\/div><div class=\"container\" dir=\"ltr\" lang=\"es\"><img fetchpriority=\"high\" decoding=\"async\" class=\"aligncenter wp-image-10849 size-full\" src=\"https:\/\/www.periodicolapislazuli.com\/noticias\/wp-content\/uploads\/2024\/04\/rockpaz.jpeg\" alt=\"\" width=\"1080\" height=\"1350\" srcset=\"https:\/\/www.periodicolapislazuli.com\/noticias\/wp-content\/uploads\/2024\/04\/rockpaz.jpeg 1080w, https:\/\/www.periodicolapislazuli.com\/noticias\/wp-content\/uploads\/2024\/04\/rockpaz-368x460.jpeg 368w, https:\/\/www.periodicolapislazuli.com\/noticias\/wp-content\/uploads\/2024\/04\/rockpaz-566x708.jpeg 566w, https:\/\/www.periodicolapislazuli.com\/noticias\/wp-content\/uploads\/2024\/04\/rockpaz-768x960.jpeg 768w\" sizes=\"(max-width: 1080px) 100vw, 1080px\" \/><\/p>\n<div class=\"content\">\n<div class=\"moz-reader-content reader-show-element\">\n<div id=\"readability-page-1\" class=\"page\">\n<p>&nbsp;<\/p>\n<div>\n<p>La primera edici\u00f3n de este <strong>concierto itinerante iniciar\u00e1 el viernes 12 de abril en la Plaza de Bol\u00edvar, en Bogot\u00e1, <\/strong>como evento de cierre de la semana de conmemoraci\u00f3n del D\u00eda de la Memoria y Solidaridad con las V\u00edctimas, para despu\u00e9s visitar distintas ciudades del pa\u00eds, llevando el emblema de la \u2018m\u00fasica como un lenguaje de paz\u2019.<\/p>\n<p><strong>PazRock, organizado por el Ministerio de las Culturas, las Artes y los Saberes,<\/strong> naci\u00f3 con la idea de contar con un espacio para relatar las memorias, estimular conversaciones complejas, denunciar, amplificar y dignificar las voces de los m\u00e1s vulnerables, reivindicar las culturas, hacer llamados a la acci\u00f3n y transformar las narrativas del pa\u00eds.<\/p>\n<p>Pero este espacio, es m\u00e1s que un concierto, se proyecta como un <strong>punto de encuentro para conversar de manera intima sobre la paz, <\/strong>a trav\u00e9s de ritmos propios del rock de Colombia, Argentina, Estados Unidos, M\u00e9xico, Paraguay y Venezuela, en una fusi\u00f3n con los sabores de territorios como Tumaco y los Montes de Mar\u00eda.<\/p>\n<p>\u201cEl rock es una actitud, no s\u00f3lo es un g\u00e9nero musical. El rock es una incomodidad, es una manera de protestar, pero tambi\u00e9n es una manera de cuidar, de estar juntos, de entender las revoluciones juveniles que, desde los a\u00f1os 50, emergieron en diversos lugares del mundo a trav\u00e9s de la m\u00fasica. <strong>El rock es una forma de existir, es una actitud ante la vida<\/strong>\u201d, detall\u00f3 el ministro de las Culturas, las Artes y los Saberes, Juan David Correa.<\/p>\n<p>&nbsp;<\/p>\n<p>Desde la sensibilidad y la potencia evocadora del lenguaje de las artes, se espera generar un entorno seguro para cavilar sobre nuestras relaciones y nuestros pensamientos, as\u00ed como <strong>impulsar a los asistentes a reflexionar alrededor de todas las formas de violencia actuales<\/strong>, mientras se fortalece la cultura de la paz y se conecta con el otro.<\/p>\n<p>Para esta edici\u00f3n, <strong>PazRock tendr\u00e1 la participaci\u00f3n<\/strong> de Verito Asprilla, Plu con Pla, Bullenrap, La Muchacha y el Propio Junte, Wonderfox, La Chancha Muda, Kchiporros, Pante\u00f3n Rococ\u00f3, Gillman, Las Poker, A.N.I.M.A.L., The Casualties y La Pestilencia.<\/p>\n<p>Las trece bandas invitadas a PazRock tendr\u00e1n un espacio intimo en las instalaciones del Centro Nacional de las Artes Delia Zapata Olivella para hablar de cultura de paz, tejer lazos entre ellas y <strong>compartir sus experiencias musicales y de vida.<\/strong><\/p>\n<p>&nbsp;<\/p>\n<h2>\u00bfCu\u00e1ndo y c\u00f3mo participar en PazRock?<\/h2>\n<p>Si eres mayor de 14 a\u00f1os, podr\u00e1s ingresar a <strong>PazRock: voces por el cuidado, la paz y la vida, a partir de las 11:00 a.m. de manera gratuita<\/strong> y sin ning\u00fan tipo de restricci\u00f3n, eso s\u00ed, ten en cuenta que se recomienda no usar accesorios alusivos a equipos de f\u00fatbol, y que no podr\u00e1s acceder llevando bengalas u objetos contundentes.\u200b<\/p>\n<p>Si no puedes asistir presencialmente a PazRock, \u00a1tranqui! Porque podr\u00e1s gozarte desde donde est\u00e9s, el <strong>viernes 12 de abril desde la 2:00 p.m.,<\/strong> la transmisi\u00f3n en directo del concierto a trav\u00e9s de las pantallas de Se\u00f1al Colombia, la se\u00f1al de la paz.<\/p>\n<hr \/>\n<p>Fuente:senalcolombia.tv<\/p><\/div>\n<\/div>\n<\/div>\n<\/div>\n<\/div>\n<div class=\"pvc_clear\"><\/div>\n<p id=\"pvc_stats_10848\" class=\"pvc_stats all  \" data-element-id=\"10848\" style=\"\"><i class=\"pvc-stats-icon large\" aria-hidden=\"true\"><svg aria-hidden=\"true\" focusable=\"false\" data-prefix=\"far\" data-icon=\"chart-bar\" role=\"img\" xmlns=\"http:\/\/www.w3.org\/2000\/svg\" viewBox=\"0 0 512 512\" class=\"svg-inline--fa fa-chart-bar fa-w-16 fa-2x\"><path fill=\"currentColor\" d=\"M396.8 352h22.4c6.4 0 12.8-6.4 12.8-12.8V108.8c0-6.4-6.4-12.8-12.8-12.8h-22.4c-6.4 0-12.8 6.4-12.8 12.8v230.4c0 6.4 6.4 12.8 12.8 12.8zm-192 0h22.4c6.4 0 12.8-6.4 12.8-12.8V140.8c0-6.4-6.4-12.8-12.8-12.8h-22.4c-6.4 0-12.8 6.4-12.8 12.8v198.4c0 6.4 6.4 12.8 12.8 12.8zm96 0h22.4c6.4 0 12.8-6.4 12.8-12.8V204.8c0-6.4-6.4-12.8-12.8-12.8h-22.4c-6.4 0-12.8 6.4-12.8 12.8v134.4c0 6.4 6.4 12.8 12.8 12.8zM496 400H48V80c0-8.84-7.16-16-16-16H16C7.16 64 0 71.16 0 80v336c0 17.67 14.33 32 32 32h464c8.84 0 16-7.16 16-16v-16c0-8.84-7.16-16-16-16zm-387.2-48h22.4c6.4 0 12.8-6.4 12.8-12.8v-70.4c0-6.4-6.4-12.8-12.8-12.8h-22.4c-6.4 0-12.8 6.4-12.8 12.8v70.4c0 6.4 6.4 12.8 12.8 12.8z\" class=\"\"><\/path><\/svg><\/i> <img decoding=\"async\" width=\"16\" height=\"16\" alt=\"Loading\" src=\"https:\/\/www.periodicolapislazuli.com\/noticias\/wp-content\/plugins\/page-views-count\/ajax-loader-2x.gif\" border=0 \/><\/p>\n<div class=\"pvc_clear\"><\/div>\n        <div class=\"booster-block booster-reactions-block\">\n            <div class=\"twp-reactions-icons\">\n                \n                <div class=\"twp-reacts-wrap\">\n                    <a react-data=\"be-react-1\" post-id=\"10848\" class=\"be-face-icons un-reacted\" href=\"javascript:void(0)\">\n                        <img decoding=\"async\" src=\"https:\/\/www.periodicolapislazuli.com\/noticias\/wp-content\/plugins\/booster-extension\/\/assets\/icon\/happy.svg\" alt=\"Happy\">\n                    <\/a>\n                    <div class=\"twp-reaction-title\">\n                        Happy                    <\/div>\n                    <div class=\"twp-count-percent\">\n                                                    <span style=\"display: none;\" class=\"twp-react-count\">0<\/span>\n                        \n                                                <span class=\"twp-react-percent\"><span>0<\/span> %<\/span>\n                                            <\/div>\n                <\/div>\n\n                <div class=\"twp-reacts-wrap\">\n                    <a react-data=\"be-react-2\" post-id=\"10848\" class=\"be-face-icons un-reacted\" href=\"javascript:void(0)\">\n                        <img decoding=\"async\" src=\"https:\/\/www.periodicolapislazuli.com\/noticias\/wp-content\/plugins\/booster-extension\/\/assets\/icon\/sad.svg\" alt=\"Sad\">\n                    <\/a>\n                    <div class=\"twp-reaction-title\">\n                        Sad                    <\/div>\n                    <div class=\"twp-count-percent\">\n                                                    <span style=\"display: none;\" class=\"twp-react-count\">0<\/span>\n                                                                        <span class=\"twp-react-percent\"><span>0<\/span> %<\/span>\n                                            <\/div>\n                <\/div>\n\n                <div class=\"twp-reacts-wrap\">\n                    <a react-data=\"be-react-3\" post-id=\"10848\" class=\"be-face-icons un-reacted\" href=\"javascript:void(0)\">\n                        <img decoding=\"async\" src=\"https:\/\/www.periodicolapislazuli.com\/noticias\/wp-content\/plugins\/booster-extension\/\/assets\/icon\/excited.svg\" alt=\"Excited\">\n                    <\/a>\n                    <div class=\"twp-reaction-title\">\n                        Excited                    <\/div>\n                    <div class=\"twp-count-percent\">\n                                                    <span style=\"display: none;\" class=\"twp-react-count\">0<\/span>\n                                                                        <span class=\"twp-react-percent\"><span>0<\/span> %<\/span>\n                                            <\/div>\n                <\/div>\n\n                <div class=\"twp-reacts-wrap\">\n                    <a react-data=\"be-react-6\" post-id=\"10848\" class=\"be-face-icons un-reacted\" href=\"javascript:void(0)\">\n                        <img decoding=\"async\" src=\"https:\/\/www.periodicolapislazuli.com\/noticias\/wp-content\/plugins\/booster-extension\/\/assets\/icon\/sleepy.svg\" alt=\"Sleepy\">\n                    <\/a>\n                    <div class=\"twp-reaction-title\">\n                        Sleepy                    <\/div>\n                    <div class=\"twp-count-percent\">\n                                                    <span style=\"display: none;\" class=\"twp-react-count\">0<\/span>\n                        \n                                                <span class=\"twp-react-percent\"><span>0<\/span> %<\/span>\n                                            <\/div>\n                <\/div>\n\n                <div class=\"twp-reacts-wrap\">\n                    <a react-data=\"be-react-4\" post-id=\"10848\" class=\"be-face-icons un-reacted\" href=\"javascript:void(0)\">\n                        <img decoding=\"async\" src=\"https:\/\/www.periodicolapislazuli.com\/noticias\/wp-content\/plugins\/booster-extension\/\/assets\/icon\/angry.svg\" alt=\"Angry\">\n                    <\/a>\n                    <div class=\"twp-reaction-title\">Angry<\/div>\n                    <div class=\"twp-count-percent\">\n                                                    <span style=\"display: none;\" class=\"twp-react-count\">0<\/span>\n                                                                        <span class=\"twp-react-percent\"><span>0<\/span> %<\/span>\n                        \n                    <\/div>\n                <\/div>\n\n                <div class=\"twp-reacts-wrap\">\n                    <a react-data=\"be-react-5\" post-id=\"10848\" class=\"be-face-icons un-reacted\" href=\"javascript:void(0)\">\n                        <img decoding=\"async\" src=\"https:\/\/www.periodicolapislazuli.com\/noticias\/wp-content\/plugins\/booster-extension\/\/assets\/icon\/surprise.svg\" alt=\"Surprise\">\n                    <\/a>\n                    <div class=\"twp-reaction-title\">Surprise<\/div>\n                    <div class=\"twp-count-percent\">\n                                                    <span style=\"display: none;\" class=\"twp-react-count\">0<\/span>\n                                                                        <span class=\"twp-react-percent\"><span>0<\/span> %<\/span>\n                                            <\/div>\n                <\/div>\n\n            <\/div>\n        <\/div>\n\n    ","protected":false},"excerpt":{"rendered":"<p>&nbsp; La primera edici\u00f3n de este concierto itinerante iniciar\u00e1 el viernes 12 de abril en la Plaza de<\/p>\n<div class=\"pvc_clear\"><\/div>\n<p id=\"pvc_stats_10848\" class=\"pvc_stats all  \" data-element-id=\"10848\" style=\"\"><i class=\"pvc-stats-icon large\" aria-hidden=\"true\"><svg aria-hidden=\"true\" focusable=\"false\" data-prefix=\"far\" data-icon=\"chart-bar\" role=\"img\" xmlns=\"http:\/\/www.w3.org\/2000\/svg\" viewBox=\"0 0 512 512\" class=\"svg-inline--fa fa-chart-bar fa-w-16 fa-2x\"><path fill=\"currentColor\" d=\"M396.8 352h22.4c6.4 0 12.8-6.4 12.8-12.8V108.8c0-6.4-6.4-12.8-12.8-12.8h-22.4c-6.4 0-12.8 6.4-12.8 12.8v230.4c0 6.4 6.4 12.8 12.8 12.8zm-192 0h22.4c6.4 0 12.8-6.4 12.8-12.8V140.8c0-6.4-6.4-12.8-12.8-12.8h-22.4c-6.4 0-12.8 6.4-12.8 12.8v198.4c0 6.4 6.4 12.8 12.8 12.8zm96 0h22.4c6.4 0 12.8-6.4 12.8-12.8V204.8c0-6.4-6.4-12.8-12.8-12.8h-22.4c-6.4 0-12.8 6.4-12.8 12.8v134.4c0 6.4 6.4 12.8 12.8 12.8zM496 400H48V80c0-8.84-7.16-16-16-16H16C7.16 64 0 71.16 0 80v336c0 17.67 14.33 32 32 32h464c8.84 0 16-7.16 16-16v-16c0-8.84-7.16-16-16-16zm-387.2-48h22.4c6.4 0 12.8-6.4 12.8-12.8v-70.4c0-6.4-6.4-12.8-12.8-12.8h-22.4c-6.4 0-12.8 6.4-12.8 12.8v70.4c0 6.4 6.4 12.8 12.8 12.8z\" class=\"\"><\/path><\/svg><\/i> <img decoding=\"async\" width=\"16\" height=\"16\" alt=\"Loading\" src=\"https:\/\/www.periodicolapislazuli.com\/noticias\/wp-content\/plugins\/page-views-count\/ajax-loader-2x.gif\" border=0 \/><\/p>\n<div class=\"pvc_clear\"><\/div>\n","protected":false},"author":3,"featured_media":10849,"comment_status":"closed","ping_status":"open","sticky":false,"template":"","format":"standard","meta":{"om_disable_all_campaigns":false,"pagelayer_contact_templates":[],"_pagelayer_content":"","_monsterinsights_skip_tracking":false,"_monsterinsights_sitenote_active":false,"_monsterinsights_sitenote_note":"","_monsterinsights_sitenote_category":0,"footnotes":""},"categories":[3,27],"tags":[48,586,2373,37,177,323,3630],"class_list":["post-10848","post","type-post","status-publish","format-standard","has-post-thumbnail","hentry","category-actualidad","category-musica","tag-bogota","tag-concierto","tag-gobierno-nacional","tag-gratuito","tag-musica","tag-paz","tag-paz-rock"],"a3_pvc":{"activated":true,"total_views":230,"today_views":1},"jetpack_featured_media_url":"https:\/\/www.periodicolapislazuli.com\/noticias\/wp-content\/uploads\/2024\/04\/rockpaz.jpeg","_links":{"self":[{"href":"https:\/\/www.periodicolapislazuli.com\/noticias\/wp-json\/wp\/v2\/posts\/10848","targetHints":{"allow":["GET"]}}],"collection":[{"href":"https:\/\/www.periodicolapislazuli.com\/noticias\/wp-json\/wp\/v2\/posts"}],"about":[{"href":"https:\/\/www.periodicolapislazuli.com\/noticias\/wp-json\/wp\/v2\/types\/post"}],"author":[{"embeddable":true,"href":"https:\/\/www.periodicolapislazuli.com\/noticias\/wp-json\/wp\/v2\/users\/3"}],"replies":[{"embeddable":true,"href":"https:\/\/www.periodicolapislazuli.com\/noticias\/wp-json\/wp\/v2\/comments?post=10848"}],"version-history":[{"count":1,"href":"https:\/\/www.periodicolapislazuli.com\/noticias\/wp-json\/wp\/v2\/posts\/10848\/revisions"}],"predecessor-version":[{"id":10850,"href":"https:\/\/www.periodicolapislazuli.com\/noticias\/wp-json\/wp\/v2\/posts\/10848\/revisions\/10850"}],"wp:featuredmedia":[{"embeddable":true,"href":"https:\/\/www.periodicolapislazuli.com\/noticias\/wp-json\/wp\/v2\/media\/10849"}],"wp:attachment":[{"href":"https:\/\/www.periodicolapislazuli.com\/noticias\/wp-json\/wp\/v2\/media?parent=10848"}],"wp:term":[{"taxonomy":"category","embeddable":true,"href":"https:\/\/www.periodicolapislazuli.com\/noticias\/wp-json\/wp\/v2\/categories?post=10848"},{"taxonomy":"post_tag","embeddable":true,"href":"https:\/\/www.periodicolapislazuli.com\/noticias\/wp-json\/wp\/v2\/tags?post=10848"}],"curies":[{"name":"wp","href":"https:\/\/api.w.org\/{rel}","templated":true}]}}