{"id":10744,"date":"2024-03-20T04:20:27","date_gmt":"2024-03-20T04:20:27","guid":{"rendered":"https:\/\/www.periodicolapislazuli.com\/noticias\/?p=10744"},"modified":"2024-04-10T04:42:57","modified_gmt":"2024-04-10T04:42:57","slug":"si-transformamos-el-territorio-habra-paz-lo-demas-es-carreta-presidente-petro","status":"publish","type":"post","link":"https:\/\/www.periodicolapislazuli.com\/noticias\/si-transformamos-el-territorio-habra-paz-lo-demas-es-carreta-presidente-petro\/","title":{"rendered":"\u201cSi transformamos el territorio habr\u00e1 paz, lo dem\u00e1s es carreta\u201d: presidente Petro"},"content":{"rendered":"<div class='booster-block booster-read-block'>\n                <div class=\"twp-read-time\">\n                \t<i class=\"booster-icon twp-clock\"><\/i> <span>Read Time:<\/span>7 Minute, 46 Second                <\/div>\n\n            <\/div><figure id=\"attachment_10648\" aria-describedby=\"caption-attachment-10648\" style=\"width: 1200px\" class=\"wp-caption aligncenter\"><img fetchpriority=\"high\" decoding=\"async\" class=\"wp-image-10648 size-full\" src=\"https:\/\/www.periodicolapislazuli.com\/noticias\/wp-content\/uploads\/2024\/03\/gobierno-cambio.jpg\" alt=\"\u201cSi transformamos el territorio habr\u00e1 paz, lo dem\u00e1s es carreta\u201d: presidente Petro\" width=\"1200\" height=\"566\" srcset=\"https:\/\/www.periodicolapislazuli.com\/noticias\/wp-content\/uploads\/2024\/03\/gobierno-cambio.jpg 1200w, https:\/\/www.periodicolapislazuli.com\/noticias\/wp-content\/uploads\/2024\/03\/gobierno-cambio-780x368.jpg 780w, https:\/\/www.periodicolapislazuli.com\/noticias\/wp-content\/uploads\/2024\/03\/gobierno-cambio-768x362.jpg 768w\" sizes=\"(max-width: 1200px) 100vw, 1200px\" \/><figcaption id=\"caption-attachment-10648\" class=\"wp-caption-text\">\u201cSi transformamos el territorio habr\u00e1 paz, lo dem\u00e1s es carreta\u201d: presidente Petro<\/figcaption><\/figure>\n<div><\/div>\n<div>\n<div><\/div>\n<div>\n<ul>\n<li><em>Presidente Petro propone un Pacto por C\u00f3rdoba que transforme el territorio<\/em><\/li>\n<li><em>Se comprometi\u00f3 a dar cr\u00e9ditos en masa a las cooperativas de campesinos.<\/em><\/li>\n<li><em>Le acept\u00f3 el reto a Germ\u00e1n Vargas Lleras y dijo que el dirigente pol\u00edtico \u201cse perdi\u00f3 en los callejones de la historia&#8217; y termin\u00f3 haciendo lo contrario de lo que hicieron sus ancestros ex mandatarios de Colombia Carlos Lleras Restrepo y Alberto Lleras Camargo.<\/em><\/li>\n<li><em>Destac\u00f3 que las tierras f\u00e9rtiles de Tierralta y hacia Monter\u00eda deben quedar en manos del campesinado y para ello propuso al gobernador de C\u00f3rdoba comprarlas.<\/em><\/li>\n<li><em><em>Le envi\u00f3 mensaje al EMC: si se van por el camino de la violencia el Estado los enfrentar\u00e1 y si se van pro el camino d ela paz, el Estado los respaldar\u00e1.<\/em><\/em><\/li>\n<\/ul>\n<p style=\"text-align: right;\"><strong>Tierralta, C\u00f3rdoba, marzo 20 de 2024<\/strong><\/p>\n<p>&nbsp;<\/p>\n<p>El Presidente Gustavo Petro acaba de anunciar en Tierralta, C\u00f3rdoba, que est\u00e1 dispuesto a liderar un gran pacto para transformar el territorio de C\u00f3rdoba y por los sures del Caribe que traiga soluciones en caminos, en cultura, en medio ambiente, en tierras para el campesinado, en restituci\u00f3n de tierras para las v\u00edctimas, en la universidad de C\u00f3rdoba, la salud.<\/p>\n<p>\u201cYa no se trata de firmar un acuerdo entre gente armada. La verdad, no le sirvieron al territorio, aqu\u00ed dicen, ni guerrilleros del EPL, ni de las FARC, ni paracos ni Clan del Golfo. Si aqu\u00ed el acuerdo no es la transformaci\u00f3n del territorio lo dem\u00e1s es carreta, y esta es una responsabilidad del gobierno: o es capaz, como no lo ha hecho la oligarqu\u00eda en 200 a\u00f1os, en estos tres de transformar el territorio, o no hay paz&#8217;, indic\u00f3 el Jefe de Estado.<\/p>\n<p>Refiri\u00e9ndose a la ministra de Agricultura, Yennifer Mojica, le pregunt\u00f3: \u201c\u00bfprocedemos o no procedemos? Yo quiero en masa los cr\u00e9ditos a las cooperativas campesinas, aqu\u00ed es donde yo creo en la reforma agraria&#8217;.<\/p>\n<p>Destac\u00f3 que Tierralta tiene la mayor cantidad de tierras f\u00e9rtiles de Colombia como municipio, de aqu\u00ed hacia el norte, hacia Monter\u00eda, esa tierra debe quedar en manos del campesinado. \u201cNo vamos a expropiar tierras, vamos a comprarlas y aqu\u00ed quiero que nos ayude gobernador para que las familias que ya no las usan nos las vendan&#8217;.<\/p>\n<p>El primer mandatario explic\u00f3 que entonces la tierra producir\u00e1, y encima tendr\u00e1 historia, saberes, cultura y turismo, un desarrollo que hoy no percibimos pero que est\u00e1 a la vuelta de la esquina simplemente si la tierra se hace producir y en las manos campesinas.<\/p>\n<p>El presidente Petro convoc\u00f3 a varias entidades a juntar esfuerzos para hacer cumplir este mandato, al Banco Agrario, al Ministerio de Agricultura, a la Agencia Nacional de Tierras, al Ministerio de Salud, de Educaci\u00f3n queda al servicio de un Pacto en C\u00f3rdoba, \u201cpara meter billete, siempre faltar\u00e1, pero se necesita que quienes tienen la responsabilidad pol\u00edtica y econ\u00f3mica de dirigir el departamento sepamos qu\u00e9 fue el pasado y hagamos el pacto por el presente y por el futuro. Yo estoy dispuesto, C\u00f3rdoba puede ser la demostraci\u00f3n de lo que significa un modelo del trabajo productivo y de lo que puede significar la cultura y la educaci\u00f3n y estar frente al mar Caribe&#8217;.<\/p>\n<p>Se dirigi\u00f3 al Gobernador de C\u00f3rdoba a quien le dijo que aqu\u00ed se puede, \u201cmostr\u00e9mosle a Colombia que es posible la paz, la justicia social, la democracia y que se acabaron, los cien a\u00f1os de soledad en que el pueblo de C\u00f3rdoba s\u00f3lo vio la sangre y la represi\u00f3n, que puede empezar la era de la paz y de la democracia multicolor&#8217;.<\/p>\n<h2>Le acepta el reto a Vargas Lleras<\/h2>\n<p>Tras llamar la atenci\u00f3n del hecho que en el gobierno de C\u00e9sar Gaviria se prohibi\u00f3 las clases de historia sostuvo que Germ\u00e1n Vargas Lleras desconoce la historia de sus abuelos cuando sale a pedir una Constituyente para pedir sacarlo de la presidencia de la Rep\u00fablica.<\/p>\n<p>\u201cCuando Vargas Lleras ayer dice: &#8211; S\u00ed a la Constituyente. Constituyente ya!<\/p>\n<p>Vargas Lleras dijo despu\u00e9s: &#8211; no, pero es para sacar a Petro.<\/p>\n<p>Yo creo que no es un tema de gallitos peleando y \u00bfpor qu\u00e9 no? Porque lo que nosotros le proponemos al pueblo es: justicia ya! y hagamos el acuerdo nacional. O se va Petro, si el pueblo quiere, \u00f3 justicia social ya! y que lo decida el pueblo&#8217;, dijo el presidente Petro.<\/p>\n<p>Y continu\u00f3 diciendo que Vargas Lleras tiene una confusi\u00f3n hist\u00f3rica y aqu\u00ed vamos a hablar de la tierra y de la reforma agraria.<\/p>\n<p>\u201cLos \u00faltimos presidentes en tratar de hacer una reforma agraria y de hablar de la tierra y de la reforma agraria y del campesinado en Colombia fueron los Lleras. Miren las paradojas: Alberto Lleras Camargo, Carlos Lleras Restrepo, ambos hasta el 19 de abril de 1.970. Los Lleras en los ocho a\u00f1os anteriores trataron de construir, lo sintieron en el alma y lo pensaron desde el partido liberal de Colombia la reforma agraria integral en los campos del pa\u00eds, el Incora naci\u00f3 y la Anuc como organizaci\u00f3n campesina, respaldadas con dineros p\u00fablicos en los gobiernos sobre todo de Carlos Lleras Restrepo&#8217;, indic\u00f3.<\/p>\n<blockquote><p>Y agreg\u00f3: \u201cmire c\u00f3mo sus descendientes piensan diferente. Petro quiere hacer la reforma y el nieto de los Lleras se perdi\u00f3 en los callejones de la historia&#8217;.<\/p>\n<p>&nbsp;<\/p>\n<p><center><br \/>\n<iframe title=\"Presidente Petro en &quot;Acciones por la paz y la vida&quot; del Gobierno del Cambio en Tierralta, C\u00f3rdoba\" width=\"640\" height=\"360\" src=\"https:\/\/www.youtube.com\/embed\/tyNZM-vLYuE?feature=oembed\" frameborder=\"0\" allow=\"accelerometer; autoplay; clipboard-write; encrypted-media; gyroscope; picture-in-picture; web-share\" referrerpolicy=\"strict-origin-when-cross-origin\" allowfullscreen><\/iframe><\/p>\n<p>&nbsp;<\/p>\n<p><\/center><\/p><\/blockquote>\n<p>Record\u00f3 que \u201cde la escuela de Lleras Restrepo sali\u00f3 Luis Carlos Gal\u00e1n, Rodrigo Lara Bonilla y Apolinar D\u00edaz Callejas, los tres fueron lleristas y defendieron la reforma agraria en Colombia y cuando ellos tres, senadores de la Rep\u00fablica, altos dirigentes de aquel entonces, dijeron que hab\u00eda que hace runa reforma agraria y se dieron cuenta que el narcotr\u00e1fico se quedaba con la tierra y con el estado y con la pol\u00edtica, lo dijeron con valent\u00eda.<\/p>\n<blockquote><p>\u201cY a dos de ellos los asesinaron, ninguno de los tres pudo ser presidente, ahora est\u00e1n sus hijos y sus nietos pero no quieren a Petro porque plantea una reforma agraria en Colombia. Lo que sus padres y abuelos le planteaban a este pa\u00eds como la principal salida a una problem\u00e1tica&#8217;.<\/p><\/blockquote>\n<p>Luego hizo una disertaci\u00f3n hist\u00f3rica sobre los or\u00edgenes de la cultura cordobesa y su historia de violencia y confrontaci\u00f3n pol\u00edtica y social que termin\u00f3 all\u00ed en Tierralta convirti\u00e9ndose en el fuerte de Salvatore Mancuso que hoy confiesa sus cr\u00edmenes. \u201cYo quiero que Mancuso diga toda la verdad&#8217;, puntualiz\u00f3.<\/p>\n<h2>Iv\u00e1n Mordisco: traqueto con cara de revolucionario<\/h2>\n<p>El Jefe de Estado se refiri\u00f3 al crimen de la mayora ind\u00edgena en el Cauca a manos de los hombres de Iv\u00e1n Mordisco y le hizo un especial homenaje tras se\u00f1alar que Iv\u00e1n Mordisco era un ch\u00f3fer del comandante de las Farc, las Farc hicieron el acuerdo de paz y Iv\u00e1n Mordisco se qued\u00f3 con el negocio.<\/p>\n<p>Rememor\u00f3 que en Santo Domingo, Cauca, donde se firm\u00f3 el acuerdo de paz con el M-19 el Estado Mayor Conjunto de las Farc ahora est\u00e1 matando ind\u00edgenas, ella era, dijo, una sabia, una mayora, y record\u00f3 lo que ella escribi\u00f3 recientemente: \u201cel d\u00eda que yo muera, el d\u00eda que yo no est\u00e9 en el territorio, ustedes no se queden ah\u00ed, no les de miedo a morir, despu\u00e9s de que est\u00e9n luchando con sus manos, es el orgullo m\u00e1s grande que pueden tener, luchar por la tierra, no como ellos que son cobardes, que empu\u00f1an un arma y con esa arma nos quieren intimidar, pero no, no se dejen doblegar, sean valientes, hablen&#8217;: Carmelina Yulen.<\/p>\n<p>El presidente manifest\u00f3 que se han convertido en traquetos vestidos de revolucionarios asesinando dirigentes populares revolucionarios.<\/p>\n<p>&#8216;Iv\u00e1n Mordisco era chofer de un comandante de las Farc, las Farc hizo la paz y el chofer se qued\u00f3 con los negocios, mata campesinos, y habla de la revoluci\u00f3n, es un traqueto vestido de revolucionario. Uno puede escoger frente a dos caminos pero no confundirlos jam\u00e1s. El camino de Pablo Escobar no es el camino de Camilo Torres. As\u00ed que los que est\u00e1n en el EMC deben escoger: o se van por el camino de Pablo Escobar y el Estado los enfrentar\u00e1 o ser van por el camino de la paz y el Estado los respaldar\u00e1&#8217;.<\/p>\n<h2>Habl\u00f3 en Tierralta<\/h2>\n<p>Ante unas dos mil personas del territorio reunidas en el Polideportivo municipal de Tierralta, el Jefe del Estado y su gabinete escuchan a esta hora los requerimientos de las v\u00edctimas del conflicto armado, a los pobladores, autoridades, comunidades ind\u00edgenas, mujeres, que celebraron los anuncios de posibles di\u00e1logos entre los actores del conflicto que a\u00fan no se encuentran inclu\u00eddos en los procesos de di\u00e1logo por una Paz Total.<\/p>\n<p>En cumplimiento de una apretada agenda que cumple desde el pasado lunes en Apartad\u00f3 donde el Gobierno del Cambio anunci\u00f3 inversiones superiores a los 70 mil millones de pesos, en Monter\u00eda donde inaugur\u00f3 la sede del Idema con una inversi\u00f3n por diez mil millones de pesos, en Ayapel donde los diversos ministerios anunciaron millonarias inversiones para impulsar la econom\u00eda popular y dotar de salud, tecnolog\u00eda, agua potable y educaci\u00f3n en los municipios del sur de Sucre y Cesar.<\/p>\n<p>En la noche estuvo en San Marcos, Sucre, donde se refiri\u00f3 de nuevo a la Constituyente y a los problemas locales como el relacionado con la Mojana y el impacto que esta sufre debido al cambio clim\u00e1tico.<\/p>\n<hr \/>\n<p style=\"text-align: right;\"><em>(fin\/abs\/gop) | <\/em><em>Con informaci\u00f3n de Gobierno con el Pueblo Tierralta<\/em><\/p>\n<p><em>\u00a0<\/em><\/p>\n<\/div>\n<\/div>\n<div class=\"pvc_clear\"><\/div>\n<p id=\"pvc_stats_10744\" class=\"pvc_stats all  \" data-element-id=\"10744\" style=\"\"><i class=\"pvc-stats-icon large\" aria-hidden=\"true\"><svg aria-hidden=\"true\" focusable=\"false\" data-prefix=\"far\" data-icon=\"chart-bar\" role=\"img\" xmlns=\"http:\/\/www.w3.org\/2000\/svg\" viewBox=\"0 0 512 512\" class=\"svg-inline--fa fa-chart-bar fa-w-16 fa-2x\"><path fill=\"currentColor\" d=\"M396.8 352h22.4c6.4 0 12.8-6.4 12.8-12.8V108.8c0-6.4-6.4-12.8-12.8-12.8h-22.4c-6.4 0-12.8 6.4-12.8 12.8v230.4c0 6.4 6.4 12.8 12.8 12.8zm-192 0h22.4c6.4 0 12.8-6.4 12.8-12.8V140.8c0-6.4-6.4-12.8-12.8-12.8h-22.4c-6.4 0-12.8 6.4-12.8 12.8v198.4c0 6.4 6.4 12.8 12.8 12.8zm96 0h22.4c6.4 0 12.8-6.4 12.8-12.8V204.8c0-6.4-6.4-12.8-12.8-12.8h-22.4c-6.4 0-12.8 6.4-12.8 12.8v134.4c0 6.4 6.4 12.8 12.8 12.8zM496 400H48V80c0-8.84-7.16-16-16-16H16C7.16 64 0 71.16 0 80v336c0 17.67 14.33 32 32 32h464c8.84 0 16-7.16 16-16v-16c0-8.84-7.16-16-16-16zm-387.2-48h22.4c6.4 0 12.8-6.4 12.8-12.8v-70.4c0-6.4-6.4-12.8-12.8-12.8h-22.4c-6.4 0-12.8 6.4-12.8 12.8v70.4c0 6.4 6.4 12.8 12.8 12.8z\" class=\"\"><\/path><\/svg><\/i> <img decoding=\"async\" width=\"16\" height=\"16\" alt=\"Loading\" src=\"https:\/\/www.periodicolapislazuli.com\/noticias\/wp-content\/plugins\/page-views-count\/ajax-loader-2x.gif\" border=0 \/><\/p>\n<div class=\"pvc_clear\"><\/div>\n        <div class=\"booster-block booster-reactions-block\">\n            <div class=\"twp-reactions-icons\">\n                \n                <div class=\"twp-reacts-wrap\">\n                    <a react-data=\"be-react-1\" post-id=\"10744\" class=\"be-face-icons un-reacted\" href=\"javascript:void(0)\">\n                        <img decoding=\"async\" src=\"https:\/\/www.periodicolapislazuli.com\/noticias\/wp-content\/plugins\/booster-extension\/\/assets\/icon\/happy.svg\" alt=\"Happy\">\n                    <\/a>\n                    <div class=\"twp-reaction-title\">\n                        Happy                    <\/div>\n                    <div class=\"twp-count-percent\">\n                                                    <span style=\"display: none;\" class=\"twp-react-count\">0<\/span>\n                        \n                                                <span class=\"twp-react-percent\"><span>0<\/span> %<\/span>\n                                            <\/div>\n                <\/div>\n\n                <div class=\"twp-reacts-wrap\">\n                    <a react-data=\"be-react-2\" post-id=\"10744\" class=\"be-face-icons un-reacted\" href=\"javascript:void(0)\">\n                        <img decoding=\"async\" src=\"https:\/\/www.periodicolapislazuli.com\/noticias\/wp-content\/plugins\/booster-extension\/\/assets\/icon\/sad.svg\" alt=\"Sad\">\n                    <\/a>\n                    <div class=\"twp-reaction-title\">\n                        Sad                    <\/div>\n                    <div class=\"twp-count-percent\">\n                                                    <span style=\"display: none;\" class=\"twp-react-count\">0<\/span>\n                                                                        <span class=\"twp-react-percent\"><span>0<\/span> %<\/span>\n                                            <\/div>\n                <\/div>\n\n                <div class=\"twp-reacts-wrap\">\n                    <a react-data=\"be-react-3\" post-id=\"10744\" class=\"be-face-icons un-reacted\" href=\"javascript:void(0)\">\n                        <img decoding=\"async\" src=\"https:\/\/www.periodicolapislazuli.com\/noticias\/wp-content\/plugins\/booster-extension\/\/assets\/icon\/excited.svg\" alt=\"Excited\">\n                    <\/a>\n                    <div class=\"twp-reaction-title\">\n                        Excited                    <\/div>\n                    <div class=\"twp-count-percent\">\n                                                    <span style=\"display: none;\" class=\"twp-react-count\">0<\/span>\n                                                                        <span class=\"twp-react-percent\"><span>0<\/span> %<\/span>\n                                            <\/div>\n                <\/div>\n\n                <div class=\"twp-reacts-wrap\">\n                    <a react-data=\"be-react-6\" post-id=\"10744\" class=\"be-face-icons un-reacted\" href=\"javascript:void(0)\">\n                        <img decoding=\"async\" src=\"https:\/\/www.periodicolapislazuli.com\/noticias\/wp-content\/plugins\/booster-extension\/\/assets\/icon\/sleepy.svg\" alt=\"Sleepy\">\n                    <\/a>\n                    <div class=\"twp-reaction-title\">\n                        Sleepy                    <\/div>\n                    <div class=\"twp-count-percent\">\n                                                    <span style=\"display: none;\" class=\"twp-react-count\">0<\/span>\n                        \n                                                <span class=\"twp-react-percent\"><span>0<\/span> %<\/span>\n                                            <\/div>\n                <\/div>\n\n                <div class=\"twp-reacts-wrap\">\n                    <a react-data=\"be-react-4\" post-id=\"10744\" class=\"be-face-icons un-reacted\" href=\"javascript:void(0)\">\n                        <img decoding=\"async\" src=\"https:\/\/www.periodicolapislazuli.com\/noticias\/wp-content\/plugins\/booster-extension\/\/assets\/icon\/angry.svg\" alt=\"Angry\">\n                    <\/a>\n                    <div class=\"twp-reaction-title\">Angry<\/div>\n                    <div class=\"twp-count-percent\">\n                                                    <span style=\"display: none;\" class=\"twp-react-count\">0<\/span>\n                                                                        <span class=\"twp-react-percent\"><span>0<\/span> %<\/span>\n                        \n                    <\/div>\n                <\/div>\n\n                <div class=\"twp-reacts-wrap\">\n                    <a react-data=\"be-react-5\" post-id=\"10744\" class=\"be-face-icons un-reacted\" href=\"javascript:void(0)\">\n                        <img decoding=\"async\" src=\"https:\/\/www.periodicolapislazuli.com\/noticias\/wp-content\/plugins\/booster-extension\/\/assets\/icon\/surprise.svg\" alt=\"Surprise\">\n                    <\/a>\n                    <div class=\"twp-reaction-title\">Surprise<\/div>\n                    <div class=\"twp-count-percent\">\n                                                    <span style=\"display: none;\" class=\"twp-react-count\">0<\/span>\n                                                                        <span class=\"twp-react-percent\"><span>0<\/span> %<\/span>\n                                            <\/div>\n                <\/div>\n\n            <\/div>\n        <\/div>\n\n    ","protected":false},"excerpt":{"rendered":"<p>Presidente Petro propone un Pacto por C\u00f3rdoba que transforme el territorio Se comprometi\u00f3 a dar cr\u00e9ditos en masa<\/p>\n<div class=\"pvc_clear\"><\/div>\n<p id=\"pvc_stats_10744\" class=\"pvc_stats all  \" data-element-id=\"10744\" style=\"\"><i class=\"pvc-stats-icon large\" aria-hidden=\"true\"><svg aria-hidden=\"true\" focusable=\"false\" data-prefix=\"far\" data-icon=\"chart-bar\" role=\"img\" xmlns=\"http:\/\/www.w3.org\/2000\/svg\" viewBox=\"0 0 512 512\" class=\"svg-inline--fa fa-chart-bar fa-w-16 fa-2x\"><path fill=\"currentColor\" d=\"M396.8 352h22.4c6.4 0 12.8-6.4 12.8-12.8V108.8c0-6.4-6.4-12.8-12.8-12.8h-22.4c-6.4 0-12.8 6.4-12.8 12.8v230.4c0 6.4 6.4 12.8 12.8 12.8zm-192 0h22.4c6.4 0 12.8-6.4 12.8-12.8V140.8c0-6.4-6.4-12.8-12.8-12.8h-22.4c-6.4 0-12.8 6.4-12.8 12.8v198.4c0 6.4 6.4 12.8 12.8 12.8zm96 0h22.4c6.4 0 12.8-6.4 12.8-12.8V204.8c0-6.4-6.4-12.8-12.8-12.8h-22.4c-6.4 0-12.8 6.4-12.8 12.8v134.4c0 6.4 6.4 12.8 12.8 12.8zM496 400H48V80c0-8.84-7.16-16-16-16H16C7.16 64 0 71.16 0 80v336c0 17.67 14.33 32 32 32h464c8.84 0 16-7.16 16-16v-16c0-8.84-7.16-16-16-16zm-387.2-48h22.4c6.4 0 12.8-6.4 12.8-12.8v-70.4c0-6.4-6.4-12.8-12.8-12.8h-22.4c-6.4 0-12.8 6.4-12.8 12.8v70.4c0 6.4 6.4 12.8 12.8 12.8z\" class=\"\"><\/path><\/svg><\/i> <img decoding=\"async\" width=\"16\" height=\"16\" alt=\"Loading\" src=\"https:\/\/www.periodicolapislazuli.com\/noticias\/wp-content\/plugins\/page-views-count\/ajax-loader-2x.gif\" border=0 \/><\/p>\n<div class=\"pvc_clear\"><\/div>\n","protected":false},"author":3,"featured_media":10648,"comment_status":"closed","ping_status":"open","sticky":false,"template":"","format":"standard","meta":{"om_disable_all_campaigns":false,"pagelayer_contact_templates":[],"_pagelayer_content":"","_monsterinsights_skip_tracking":false,"_monsterinsights_sitenote_active":false,"_monsterinsights_sitenote_note":"","_monsterinsights_sitenote_category":0,"footnotes":""},"categories":[3],"tags":[],"class_list":["post-10744","post","type-post","status-publish","format-standard","has-post-thumbnail","hentry","category-actualidad"],"a3_pvc":{"activated":true,"total_views":108,"today_views":0},"jetpack_featured_media_url":"https:\/\/www.periodicolapislazuli.com\/noticias\/wp-content\/uploads\/2024\/03\/gobierno-cambio.jpg","_links":{"self":[{"href":"https:\/\/www.periodicolapislazuli.com\/noticias\/wp-json\/wp\/v2\/posts\/10744","targetHints":{"allow":["GET"]}}],"collection":[{"href":"https:\/\/www.periodicolapislazuli.com\/noticias\/wp-json\/wp\/v2\/posts"}],"about":[{"href":"https:\/\/www.periodicolapislazuli.com\/noticias\/wp-json\/wp\/v2\/types\/post"}],"author":[{"embeddable":true,"href":"https:\/\/www.periodicolapislazuli.com\/noticias\/wp-json\/wp\/v2\/users\/3"}],"replies":[{"embeddable":true,"href":"https:\/\/www.periodicolapislazuli.com\/noticias\/wp-json\/wp\/v2\/comments?post=10744"}],"version-history":[{"count":5,"href":"https:\/\/www.periodicolapislazuli.com\/noticias\/wp-json\/wp\/v2\/posts\/10744\/revisions"}],"predecessor-version":[{"id":10841,"href":"https:\/\/www.periodicolapislazuli.com\/noticias\/wp-json\/wp\/v2\/posts\/10744\/revisions\/10841"}],"wp:featuredmedia":[{"embeddable":true,"href":"https:\/\/www.periodicolapislazuli.com\/noticias\/wp-json\/wp\/v2\/media\/10648"}],"wp:attachment":[{"href":"https:\/\/www.periodicolapislazuli.com\/noticias\/wp-json\/wp\/v2\/media?parent=10744"}],"wp:term":[{"taxonomy":"category","embeddable":true,"href":"https:\/\/www.periodicolapislazuli.com\/noticias\/wp-json\/wp\/v2\/categories?post=10744"},{"taxonomy":"post_tag","embeddable":true,"href":"https:\/\/www.periodicolapislazuli.com\/noticias\/wp-json\/wp\/v2\/tags?post=10744"}],"curies":[{"name":"wp","href":"https:\/\/api.w.org\/{rel}","templated":true}]}}