{"id":10384,"date":"2023-11-23T16:50:48","date_gmt":"2023-11-23T16:50:48","guid":{"rendered":"https:\/\/www.periodicolapislazuli.com\/noticias\/?p=10384"},"modified":"2023-11-23T16:50:48","modified_gmt":"2023-11-23T16:50:48","slug":"circo-colombiano-un-fascinante-viaje-por-la-memoria-circense","status":"publish","type":"post","link":"https:\/\/www.periodicolapislazuli.com\/noticias\/circo-colombiano-un-fascinante-viaje-por-la-memoria-circense\/","title":{"rendered":"Circo Colombiano: Un Fascinante Viaje por la Memoria Circense"},"content":{"rendered":"<div class='booster-block booster-read-block'>\n                <div class=\"twp-read-time\">\n                \t<i class=\"booster-icon twp-clock\"><\/i> <span>Read Time:<\/span>3 Minute, 43 Second                <\/div>\n\n            <\/div><p class=\"yiv7210699288MsoNormal\" align=\"center\"><b><span lang=\"ES-MX\"><img fetchpriority=\"high\" decoding=\"async\" class=\"aligncenter wp-image-10385 size-full\" src=\"https:\/\/www.periodicolapislazuli.com\/noticias\/wp-content\/uploads\/2023\/11\/circo-col.png\" alt=\"\" width=\"483\" height=\"272\" \/><\/span><\/b><\/p>\n<p class=\"yiv7210699288MsoNormal\" align=\"center\"><b><span lang=\"ES-MX\">Una iniciativa del\u00a0 Ministerio de Cultura y La Ventana Producciones<\/span><\/b><\/p>\n<p class=\"yiv7210699288MsoNormal\" align=\"center\"><b><span lang=\"ES-MX\"> \u00a0<\/span><\/b><\/p>\n<p class=\"yiv7210699288MsoNormal\"><span lang=\"ES-MX\">El circo es belleza, t\u00e9cnica y espectacularidad. Un arte que desaf\u00eda\u00a0 los l\u00edmites de lo posible, inspirando asombro y admiraci\u00f3n. Un veh\u00edculo poderoso para la narrativa y la expresi\u00f3n, que amalgama diversas disciplinas art\u00edsticas para cautivar\u00a0 al\u00a0 p\u00fablico de todas las edades y or\u00edgenes. <b>El <\/b><\/span><b>Ministerio de las Culturas, las Artes y los Saberes<\/b> y su \u00e1rea de Circo con el apoyo de <b>La Corporaci\u00f3n Producciones la Ventana y Artemotion, <\/b><span lang=\"ES-MX\">se embarcan en un viaje que recopila, en un primer ejercicio, la historia del circo en Colombia, un recorrido por 15 departamentos tras las huellas y relatos de aquellos que han llevado alegr\u00eda y magia a los m\u00e1s rec\u00f3nditos lugares de nuestro territorio, un <\/span>homenaje a los miles de artistas, familias y gestores de\u00a0 circo de todo el pa\u00eds.<\/p>\n<p class=\"yiv7210699288MsoNormal\">\n<blockquote>\n<h3 class=\"img-preview-wrapper\" style=\"padding-left: 80px;\"><a rel=\"nofollow noopener noreferrer\" name=\"_Hlk151115689\"><\/a><b>\u201cSomos Circo, <\/b><b><span lang=\"ES-MX\">un viaje por la memoria circense de Colombia\u201d,<\/span><\/b> es el resultado de un\u00a0\u00a0 amplio proceso de investigaci\u00f3n y\u00a0 archivo, que en esta primera entrega, <span lang=\"ES-MX\">da cuenta del trabajo de 80 compa\u00f1\u00edas, familias, grupos, organizaciones y artistas independientes de los departamentos de Nari\u00f1o, Risaralda, Quind\u00edo, Caldas, Boyac\u00e1, Valle del Cauca, Atl\u00e1ntico, Santander, Bol\u00edvar, Cundinamarca, Tolima, Meta, Antioquia y Choc\u00f3, los cuales\u00a0 comparten sus recuerdos y experiencias alrededor de su vida en el circo. <\/span><\/h3>\n<\/blockquote>\n<p class=\"yiv7210699288MsoNormal\">\n<p class=\"yiv7210699288MsoNormal\"><span lang=\"ES-MX\">Historias como la de <\/span><strong>Cecilia Mitrovich Diaz<\/strong>,\u00a0la primera <em>domadora de leones en Colombia, o el Colectivo NN<\/em><span lang=\"ES-MX\"> de Ciudad Bol\u00edvar, que nace en \u00a0medio del conflicto armado colombiano, logrando posicionar al circo como una alternativa en medio de las\u00a0 din\u00e1micas violentas. Procesos como la Pirinola del Juglar, que gracias al esfuerzo y\u00a0 perseverancia en el 2007, instala en Duitama una carpa de circo que traen desde Chile, y hoy en d\u00eda es un espacio que impulsa este movimiento creativo en Boyac\u00e1. <\/span><\/p>\n<p class=\"yiv7210699288MsoNormal\">\n<p class=\"yiv7210699288MsoNormal\"><span lang=\"ES-MX\">Es as\u00ed como <b>\u00abSomos Circo\u00bb<\/b> m\u00e1s que\u00a0 un recorrido o\u00a0 exposici\u00f3n, es un viaje emocionante a trav\u00e9s de la memoria, la cultura y la vida del circo, celebrando su diversidad, su riqueza cultural y su importancia en la sociedad,\u00a0 el cual se materializa del 29 de noviembre al 15 de diciembre con entrada libre, en el <b>Centro Nacional de las Artes Delia Zapata Olivella. <\/b>La muestra organizada en siete categor\u00edas re\u00fane im\u00e1genes, voces, momentos, lugares, objetos, recuerdos y relatos significativos a trav\u00e9s de la historia del circo en Colombia.<\/span><\/p>\n<p class=\"yiv7210699288MsoNormal\"><span lang=\"ES-MX\"> \u00a0<\/span><\/p>\n<p class=\"yiv7210699288MsoNormal\"><span lang=\"ES-MX\">Cada categor\u00eda busca\u00a0 destacar\u00a0 un aspecto crucial del universo circense. <b>\u00abHacedores\u00bb,<\/b> se centra en la diversidad de artistas y colectivos del circo, destacando su organizaci\u00f3n, pr\u00e1cticas art\u00edsticas y contribuciones a la sociedad. Esta secci\u00f3n pone de relieve la importancia de los artistas independientes en la construcci\u00f3n de este rico mosaico cultural. <b>\u201cEntre Parques, Plazas o Bibliotecas\u00bb,<\/b> celebra la presencia del circo en espacios p\u00fablicos. Esta secci\u00f3n resalta c\u00f3mo artistas y colectivos utilizan lugares como parques y plazas para aprender, practicar y compartir su arte, creando as\u00ed puntos de encuentro cultural y comunitario.<\/span><\/p>\n<p class=\"yiv7210699288MsoNormal\"><span lang=\"ES-MX\"> \u00a0<\/span><\/p>\n<p class=\"yiv7210699288MsoNormal\"><span lang=\"ES-MX\">En <b>\u00abReferentes en el Exterior\u00bb,<\/b> se reconoce el car\u00e1cter internacional e itinerante del circo, con un enfoque especial en aquellos artistas colombianos que han llevado su talento m\u00e1s all\u00e1 de las fronteras del pa\u00eds, enriqueciendo as\u00ed la escena circense global.\u00a0 <b>\u00abMujeres de Circo\u00bb<\/b> rinde un merecido homenaje a las mujeres en el circo, enfatizando su diversidad de roles y los desaf\u00edos \u00fanicos a los que se enfrentan en un entorno tradicionalmente dominado por hombres. Por supuesto no puede faltar\u00a0 <b>\u00abJuguetes\u00bb,\u00a0 <\/b>donde se destaca la importancia de estos elementos en las actuaciones y c\u00f3mo muchos artistas crean o adaptan sus propios equipos, reflejando as\u00ed su creatividad y habilidad.<\/span><\/p>\n<p class=\"yiv7210699288MsoNormal\"><span lang=\"ES-MX\"> \u00a0<\/span><\/p>\n<p class=\"yiv7210699288MsoNormal\"><b><span lang=\"ES-MX\">\u00abManifestaciones Sociales\u00bb<\/span><\/b><span lang=\"ES-MX\"> aborda la relaci\u00f3n entre el circo y los movimientos sociales, destacando el papel del circo en la lucha por la justicia y la equidad en Colombia. Esta secci\u00f3n demuestra c\u00f3mo el circo puede ser una poderosa herramienta de expresi\u00f3n y cambio. Finalmente, la categor\u00eda <b>\u00abMemoria\u00bb<\/b> enfatiza la importancia de conservar la memoria y la tradici\u00f3n oral del circo. Reconoce los esfuerzos de documentaci\u00f3n y sistematizaci\u00f3n realizados por artistas, investigadores y familias circenses, asegurando que su legado cultural perdure a trav\u00e9s del tiempo.<\/span><\/p>\n<p class=\"yiv7210699288MsoNormal\"><span lang=\"ES-MX\"> \u00a0<\/span><\/p>\n<p class=\"yiv7210699288MsoNormal\"><b>\u201cSomos Circo, <\/b><b><span lang=\"ES-MX\">un viaje por la memoria circense de Colombia\u201d,<\/span><\/b><b> <\/b><span lang=\"ES-MX\">celebra la diversidad, la riqueza cultural y la relevancia social del circo, preservando y honrando su legado para esta y\u00a0 las futuras generaciones.<\/span><\/p>\n<p class=\"yiv7210699288MsoNormal\"><span lang=\"ES-MX\"> \u00a0<\/span><\/p>\n<blockquote>\n<p class=\"yiv7210699288MsoNormal\" style=\"text-align: left; padding-left: 160px;\" align=\"center\"><b><span lang=\"ES-MX\">SOMOS CIRCO, UN VIAJE POR LA MEMORIA CIRCENSE DE COLOMBIA <\/span><\/b><\/p>\n<p class=\"yiv7210699288MsoNormal\" style=\"text-align: left; padding-left: 160px;\" align=\"center\"><span lang=\"ES-MX\">Lugar: Centro Nacional de las artes Delia Zapata Olivella<\/span><\/p>\n<p class=\"yiv7210699288MsoNormal\" style=\"text-align: left; padding-left: 160px;\" align=\"center\"><span lang=\"ES-MX\">Direcci\u00f3n: <\/span>Cl. 11 #5 &#8211; 60<\/p>\n<p class=\"yiv7210699288MsoNormal\" style=\"text-align: left; padding-left: 160px;\" align=\"center\"><span lang=\"ES-MX\">Fechas: del 29 de noviembre al 15 de diciembre de 2023<\/span><\/p>\n<p class=\"yiv7210699288MsoNormal\" style=\"text-align: left; padding-left: 160px;\" align=\"center\"><span lang=\"ES-MX\">Horario: de 10am a 6pm<\/span><\/p>\n<p class=\"yiv7210699288MsoNormal\" style=\"text-align: left; padding-left: 160px;\" align=\"center\"><span lang=\"ES-MX\">Entrada libre<\/span><\/p>\n<\/blockquote>\n<p class=\"yiv7210699288MsoNormal\" align=\"center\"><span lang=\"ES-MX\"> \u00a0<\/span><\/p>\n<div class=\"pvc_clear\"><\/div>\n<p id=\"pvc_stats_10384\" class=\"pvc_stats all  \" data-element-id=\"10384\" style=\"\"><i class=\"pvc-stats-icon large\" aria-hidden=\"true\"><svg aria-hidden=\"true\" focusable=\"false\" data-prefix=\"far\" data-icon=\"chart-bar\" role=\"img\" xmlns=\"http:\/\/www.w3.org\/2000\/svg\" viewBox=\"0 0 512 512\" class=\"svg-inline--fa fa-chart-bar fa-w-16 fa-2x\"><path fill=\"currentColor\" d=\"M396.8 352h22.4c6.4 0 12.8-6.4 12.8-12.8V108.8c0-6.4-6.4-12.8-12.8-12.8h-22.4c-6.4 0-12.8 6.4-12.8 12.8v230.4c0 6.4 6.4 12.8 12.8 12.8zm-192 0h22.4c6.4 0 12.8-6.4 12.8-12.8V140.8c0-6.4-6.4-12.8-12.8-12.8h-22.4c-6.4 0-12.8 6.4-12.8 12.8v198.4c0 6.4 6.4 12.8 12.8 12.8zm96 0h22.4c6.4 0 12.8-6.4 12.8-12.8V204.8c0-6.4-6.4-12.8-12.8-12.8h-22.4c-6.4 0-12.8 6.4-12.8 12.8v134.4c0 6.4 6.4 12.8 12.8 12.8zM496 400H48V80c0-8.84-7.16-16-16-16H16C7.16 64 0 71.16 0 80v336c0 17.67 14.33 32 32 32h464c8.84 0 16-7.16 16-16v-16c0-8.84-7.16-16-16-16zm-387.2-48h22.4c6.4 0 12.8-6.4 12.8-12.8v-70.4c0-6.4-6.4-12.8-12.8-12.8h-22.4c-6.4 0-12.8 6.4-12.8 12.8v70.4c0 6.4 6.4 12.8 12.8 12.8z\" class=\"\"><\/path><\/svg><\/i> <img decoding=\"async\" width=\"16\" height=\"16\" alt=\"Loading\" src=\"https:\/\/www.periodicolapislazuli.com\/noticias\/wp-content\/plugins\/page-views-count\/ajax-loader-2x.gif\" border=0 \/><\/p>\n<div class=\"pvc_clear\"><\/div>\n        <div class=\"booster-block booster-reactions-block\">\n            <div class=\"twp-reactions-icons\">\n                \n                <div class=\"twp-reacts-wrap\">\n                    <a react-data=\"be-react-1\" post-id=\"10384\" class=\"be-face-icons un-reacted\" href=\"javascript:void(0)\">\n                        <img decoding=\"async\" src=\"https:\/\/www.periodicolapislazuli.com\/noticias\/wp-content\/plugins\/booster-extension\/\/assets\/icon\/happy.svg\" alt=\"Happy\">\n                    <\/a>\n                    <div class=\"twp-reaction-title\">\n                        Happy                    <\/div>\n                    <div class=\"twp-count-percent\">\n                                                    <span style=\"display: none;\" class=\"twp-react-count\">0<\/span>\n                        \n                                                <span class=\"twp-react-percent\"><span>0<\/span> %<\/span>\n                                            <\/div>\n                <\/div>\n\n                <div class=\"twp-reacts-wrap\">\n                    <a react-data=\"be-react-2\" post-id=\"10384\" class=\"be-face-icons un-reacted\" href=\"javascript:void(0)\">\n                        <img decoding=\"async\" src=\"https:\/\/www.periodicolapislazuli.com\/noticias\/wp-content\/plugins\/booster-extension\/\/assets\/icon\/sad.svg\" alt=\"Sad\">\n                    <\/a>\n                    <div class=\"twp-reaction-title\">\n                        Sad                    <\/div>\n                    <div class=\"twp-count-percent\">\n                                                    <span style=\"display: none;\" class=\"twp-react-count\">0<\/span>\n                                                                        <span class=\"twp-react-percent\"><span>0<\/span> %<\/span>\n                                            <\/div>\n                <\/div>\n\n                <div class=\"twp-reacts-wrap\">\n                    <a react-data=\"be-react-3\" post-id=\"10384\" class=\"be-face-icons un-reacted\" href=\"javascript:void(0)\">\n                        <img decoding=\"async\" src=\"https:\/\/www.periodicolapislazuli.com\/noticias\/wp-content\/plugins\/booster-extension\/\/assets\/icon\/excited.svg\" alt=\"Excited\">\n                    <\/a>\n                    <div class=\"twp-reaction-title\">\n                        Excited                    <\/div>\n                    <div class=\"twp-count-percent\">\n                                                    <span style=\"display: none;\" class=\"twp-react-count\">0<\/span>\n                                                                        <span class=\"twp-react-percent\"><span>0<\/span> %<\/span>\n                                            <\/div>\n                <\/div>\n\n                <div class=\"twp-reacts-wrap\">\n                    <a react-data=\"be-react-6\" post-id=\"10384\" class=\"be-face-icons un-reacted\" href=\"javascript:void(0)\">\n                        <img decoding=\"async\" src=\"https:\/\/www.periodicolapislazuli.com\/noticias\/wp-content\/plugins\/booster-extension\/\/assets\/icon\/sleepy.svg\" alt=\"Sleepy\">\n                    <\/a>\n                    <div class=\"twp-reaction-title\">\n                        Sleepy                    <\/div>\n                    <div class=\"twp-count-percent\">\n                                                    <span style=\"display: none;\" class=\"twp-react-count\">0<\/span>\n                        \n                                                <span class=\"twp-react-percent\"><span>0<\/span> %<\/span>\n                                            <\/div>\n                <\/div>\n\n                <div class=\"twp-reacts-wrap\">\n                    <a react-data=\"be-react-4\" post-id=\"10384\" class=\"be-face-icons un-reacted\" href=\"javascript:void(0)\">\n                        <img decoding=\"async\" src=\"https:\/\/www.periodicolapislazuli.com\/noticias\/wp-content\/plugins\/booster-extension\/\/assets\/icon\/angry.svg\" alt=\"Angry\">\n                    <\/a>\n                    <div class=\"twp-reaction-title\">Angry<\/div>\n                    <div class=\"twp-count-percent\">\n                                                    <span style=\"display: none;\" class=\"twp-react-count\">0<\/span>\n                                                                        <span class=\"twp-react-percent\"><span>0<\/span> %<\/span>\n                        \n                    <\/div>\n                <\/div>\n\n                <div class=\"twp-reacts-wrap\">\n                    <a react-data=\"be-react-5\" post-id=\"10384\" class=\"be-face-icons un-reacted\" href=\"javascript:void(0)\">\n                        <img decoding=\"async\" src=\"https:\/\/www.periodicolapislazuli.com\/noticias\/wp-content\/plugins\/booster-extension\/\/assets\/icon\/surprise.svg\" alt=\"Surprise\">\n                    <\/a>\n                    <div class=\"twp-reaction-title\">Surprise<\/div>\n                    <div class=\"twp-count-percent\">\n                                                    <span style=\"display: none;\" class=\"twp-react-count\">0<\/span>\n                                                                        <span class=\"twp-react-percent\"><span>0<\/span> %<\/span>\n                                            <\/div>\n                <\/div>\n\n            <\/div>\n        <\/div>\n\n    ","protected":false},"excerpt":{"rendered":"<p>Una iniciativa del\u00a0 Ministerio de Cultura y La Ventana Producciones \u00a0 El circo es belleza, t\u00e9cnica y espectacularidad.<\/p>\n<div class=\"pvc_clear\"><\/div>\n<p id=\"pvc_stats_10384\" class=\"pvc_stats all  \" data-element-id=\"10384\" style=\"\"><i class=\"pvc-stats-icon large\" aria-hidden=\"true\"><svg aria-hidden=\"true\" focusable=\"false\" data-prefix=\"far\" data-icon=\"chart-bar\" role=\"img\" xmlns=\"http:\/\/www.w3.org\/2000\/svg\" viewBox=\"0 0 512 512\" class=\"svg-inline--fa fa-chart-bar fa-w-16 fa-2x\"><path fill=\"currentColor\" d=\"M396.8 352h22.4c6.4 0 12.8-6.4 12.8-12.8V108.8c0-6.4-6.4-12.8-12.8-12.8h-22.4c-6.4 0-12.8 6.4-12.8 12.8v230.4c0 6.4 6.4 12.8 12.8 12.8zm-192 0h22.4c6.4 0 12.8-6.4 12.8-12.8V140.8c0-6.4-6.4-12.8-12.8-12.8h-22.4c-6.4 0-12.8 6.4-12.8 12.8v198.4c0 6.4 6.4 12.8 12.8 12.8zm96 0h22.4c6.4 0 12.8-6.4 12.8-12.8V204.8c0-6.4-6.4-12.8-12.8-12.8h-22.4c-6.4 0-12.8 6.4-12.8 12.8v134.4c0 6.4 6.4 12.8 12.8 12.8zM496 400H48V80c0-8.84-7.16-16-16-16H16C7.16 64 0 71.16 0 80v336c0 17.67 14.33 32 32 32h464c8.84 0 16-7.16 16-16v-16c0-8.84-7.16-16-16-16zm-387.2-48h22.4c6.4 0 12.8-6.4 12.8-12.8v-70.4c0-6.4-6.4-12.8-12.8-12.8h-22.4c-6.4 0-12.8 6.4-12.8 12.8v70.4c0 6.4 6.4 12.8 12.8 12.8z\" class=\"\"><\/path><\/svg><\/i> <img decoding=\"async\" width=\"16\" height=\"16\" alt=\"Loading\" src=\"https:\/\/www.periodicolapislazuli.com\/noticias\/wp-content\/plugins\/page-views-count\/ajax-loader-2x.gif\" border=0 \/><\/p>\n<div class=\"pvc_clear\"><\/div>\n","protected":false},"author":3,"featured_media":10385,"comment_status":"closed","ping_status":"open","sticky":false,"template":"","format":"standard","meta":{"om_disable_all_campaigns":false,"pagelayer_contact_templates":[],"_pagelayer_content":"","_monsterinsights_skip_tracking":false,"_monsterinsights_sitenote_active":false,"_monsterinsights_sitenote_note":"","_monsterinsights_sitenote_category":0,"footnotes":""},"categories":[5],"tags":[3334,1386,227,700,533],"class_list":["post-10384","post","type-post","status-publish","format-standard","has-post-thumbnail","hentry","category-eventos","tag-circo","tag-colombiano","tag-memoria","tag-ministerio-de-cultura","tag-viaje"],"a3_pvc":{"activated":true,"total_views":216,"today_views":0},"jetpack_featured_media_url":"https:\/\/www.periodicolapislazuli.com\/noticias\/wp-content\/uploads\/2023\/11\/circo-col.png","_links":{"self":[{"href":"https:\/\/www.periodicolapislazuli.com\/noticias\/wp-json\/wp\/v2\/posts\/10384","targetHints":{"allow":["GET"]}}],"collection":[{"href":"https:\/\/www.periodicolapislazuli.com\/noticias\/wp-json\/wp\/v2\/posts"}],"about":[{"href":"https:\/\/www.periodicolapislazuli.com\/noticias\/wp-json\/wp\/v2\/types\/post"}],"author":[{"embeddable":true,"href":"https:\/\/www.periodicolapislazuli.com\/noticias\/wp-json\/wp\/v2\/users\/3"}],"replies":[{"embeddable":true,"href":"https:\/\/www.periodicolapislazuli.com\/noticias\/wp-json\/wp\/v2\/comments?post=10384"}],"version-history":[{"count":1,"href":"https:\/\/www.periodicolapislazuli.com\/noticias\/wp-json\/wp\/v2\/posts\/10384\/revisions"}],"predecessor-version":[{"id":10386,"href":"https:\/\/www.periodicolapislazuli.com\/noticias\/wp-json\/wp\/v2\/posts\/10384\/revisions\/10386"}],"wp:featuredmedia":[{"embeddable":true,"href":"https:\/\/www.periodicolapislazuli.com\/noticias\/wp-json\/wp\/v2\/media\/10385"}],"wp:attachment":[{"href":"https:\/\/www.periodicolapislazuli.com\/noticias\/wp-json\/wp\/v2\/media?parent=10384"}],"wp:term":[{"taxonomy":"category","embeddable":true,"href":"https:\/\/www.periodicolapislazuli.com\/noticias\/wp-json\/wp\/v2\/categories?post=10384"},{"taxonomy":"post_tag","embeddable":true,"href":"https:\/\/www.periodicolapislazuli.com\/noticias\/wp-json\/wp\/v2\/tags?post=10384"}],"curies":[{"name":"wp","href":"https:\/\/api.w.org\/{rel}","templated":true}]}}